{"id":4244,"date":"2014-06-30T09:50:48","date_gmt":"2014-06-30T06:50:48","guid":{"rendered":"http:\/\/www.sana.sy\/tr\/?p=4244"},"modified":"2014-06-30T10:42:14","modified_gmt":"2014-06-30T07:42:14","slug":"berri-vahset-dinine-donusturulmeye-calisilan-islam-korunmalidir","status":"publish","type":"post","link":"https:\/\/archive.sana.sy\/tr\/?p=4244","title":{"rendered":"Berri: Vah\u015fet Dinine D\u00f6n\u00fc\u015ft\u00fcr\u00fclmeye \u00c7al\u0131\u015f\u0131lan \u0130slam Korunmal\u0131d\u0131r"},"content":{"rendered":"<p><span>BEYRUT \u2013<\/span> L\u00fcbnanl\u0131 Parlamento Ba\u015fkan\u0131 Nebih Berri, Suriye, Irak, M\u0131s\u0131r ya da Filistin topraklar\u0131nda, ay\u0131rmaks\u0131z\u0131n b\u00fct\u00fcn Arap topraklar\u0131nda ya\u015fanan olaylar kar\u015f\u0131s\u0131nda ciddi bir tutum belirleme \u00e7a\u011fr\u0131s\u0131nda bulundu.<\/p>\n<p>Verdaniye Beldesinde d\u00fczenlenen bir t\u00f6rende Berri ad\u0131na bir konu\u015fma yapan G\u00fcney Meclisi Ba\u015fkan\u0131 Kablan Kablan; ya\u015fananlar kar\u015f\u0131s\u0131nda durup, b\u00fct\u00fcn bunlardan kimlerin \u00e7\u0131kar sa\u011flad\u0131\u011f\u0131n\u0131 d\u00fc\u015f\u00fcnme gereklili\u011fine dikkat \u00e7ekerek bundan da \u00f6nemlisinin katletme ve vah\u015fet dinine d\u00f6n\u00fc\u015ft\u00fcr\u00fclmeye \u00e7al\u0131\u015f\u0131lan \u0130slam dinini koruman\u0131n \u00f6nemini vurgulad\u0131.<\/p>\n<p>\u0130slam dininin ciddi bir deforme sald\u0131r\u0131s\u0131yla kar\u015f\u0131 kar\u015f\u0131ya oldu\u011funun alt\u0131n\u0131 \u00e7izen Kablan; Arap topraklar\u0131nda \u0130slamiyet ad\u0131 alt\u0131nda yap\u0131lan vah\u015fetin kar\u015f\u0131s\u0131nda durmayan herkesin bu vah\u015fete ortak oldu\u011funu beyan etti.<\/p>\n","protected":false},"excerpt":{"rendered":"<p>BEYRUT \u2013 L\u00fcbnanl\u0131 Parlamento Ba\u015fkan\u0131 Nebih Berri, Suriye, Irak, M\u0131s\u0131r ya da Filistin topraklar\u0131nda, ay\u0131rmaks\u0131z\u0131n b\u00fct\u00fcn Arap topraklar\u0131nda ya\u015fanan olaylar kar\u015f\u0131s\u0131nda ciddi bir tutum belirleme \u00e7a\u011fr\u0131s\u0131nda bulundu. Verdaniye Beldesinde d\u00fczenlenen bir t\u00f6rende Berri ad\u0131na bir konu\u015fma yapan G\u00fcney Meclisi Ba\u015fkan\u0131 Kablan Kablan; ya\u015fananlar kar\u015f\u0131s\u0131nda durup, b\u00fct\u00fcn bunlardan kimlerin \u00e7\u0131kar sa\u011flad\u0131\u011f\u0131n\u0131 d\u00fc\u015f\u00fcnme gereklili\u011fine dikkat \u00e7ekerek bundan &hellip;<\/p>\n","protected":false},"author":1,"featured_media":4245,"comment_status":"closed","ping_status":"closed","sticky":false,"template":"","format":"standard","meta":{"footnotes":""},"categories":[458,459,447],"tags":[912],"class_list":["post-4244","post","type-post","status-publish","format-standard","has-post-thumbnail","","category-dunya1","category-haberler-arap-uluslararasi-politika","category-politika","tag-berri-vahset-dinine-donusturulmeye-calisilan-islam-korunmalidir"],"_links":{"self":[{"href":"https:\/\/archive.sana.sy\/tr\/index.php?rest_route=\/wp\/v2\/posts\/4244","targetHints":{"allow":["GET"]}}],"collection":[{"href":"https:\/\/archive.sana.sy\/tr\/index.php?rest_route=\/wp\/v2\/posts"}],"about":[{"href":"https:\/\/archive.sana.sy\/tr\/index.php?rest_route=\/wp\/v2\/types\/post"}],"author":[{"embeddable":true,"href":"https:\/\/archive.sana.sy\/tr\/index.php?rest_route=\/wp\/v2\/users\/1"}],"replies":[{"embeddable":true,"href":"https:\/\/archive.sana.sy\/tr\/index.php?rest_route=%2Fwp%2Fv2%2Fcomments&post=4244"}],"version-history":[{"count":0,"href":"https:\/\/archive.sana.sy\/tr\/index.php?rest_route=\/wp\/v2\/posts\/4244\/revisions"}],"wp:featuredmedia":[{"embeddable":true,"href":"https:\/\/archive.sana.sy\/tr\/index.php?rest_route=\/wp\/v2\/media\/4245"}],"wp:attachment":[{"href":"https:\/\/archive.sana.sy\/tr\/index.php?rest_route=%2Fwp%2Fv2%2Fmedia&parent=4244"}],"wp:term":[{"taxonomy":"category","embeddable":true,"href":"https:\/\/archive.sana.sy\/tr\/index.php?rest_route=%2Fwp%2Fv2%2Fcategories&post=4244"},{"taxonomy":"post_tag","embeddable":true,"href":"https:\/\/archive.sana.sy\/tr\/index.php?rest_route=%2Fwp%2Fv2%2Ftags&post=4244"}],"curies":[{"name":"wp","href":"https:\/\/api.w.org\/{rel}","templated":true}]}}