{"id":42474,"date":"2015-08-02T17:00:33","date_gmt":"2015-08-02T14:00:33","guid":{"rendered":"http:\/\/sana.sy\/tr\/?p=42474"},"modified":"2015-08-21T15:46:55","modified_gmt":"2015-08-21T12:46:55","slug":"aralarinda-yabancilarin-da-bulundugu-onlarca-terorist-olduruldu","status":"publish","type":"post","link":"https:\/\/archive.sana.sy\/tr\/?p=42474","title":{"rendered":"Aralar\u0131nda Yabanc\u0131lar\u0131n da Bulundu\u011fu Onlarca Ter\u00f6rist \u00d6ld\u00fcr\u00fcld\u00fc"},"content":{"rendered":"<p>\u0130LLER \u2013 \u0130dlib k\u0131rsal\u0131nda Erdo\u011fan\u2019\u0131n \u2018fetih Ordusu\u2019 ad\u0131 alt\u0131ndaki ter\u00f6r \u00e7etelerini a\u011f\u0131r kay\u0131plara u\u011fratan ordu birliklerimiz Lazkiye k\u0131rsal\u0131n\u0131n kuzeyinde ise aralar\u0131nda T\u00fcrkiyelilerin bulundu\u011fu \u00e7ok say\u0131da ter\u00f6risti \u00f6ld\u00fcrd\u00fc.<\/p>\n<p><span style=\"color: #0000ff\">\u015eAM KIRSALI:<\/span><\/p>\n<p>\u015eam k\u0131rsal\u0131n\u0131n bat\u0131s\u0131 Zebadani Kentinde geneli Kaide \u00d6rg\u00fct\u00fcn\u00fcn Suriye kolu Nusra Cephesi ve daha ba\u015fka muhtelif adland\u0131rmalar alt\u0131ndaki ter\u00f6ristlere y\u00f6nelik operasyonlar\u0131n\u0131 s\u00fcrd\u00fcren ordu birliklerimiz \u00e7al\u0131nt\u0131 t\u0131bbi te\u00e7hizat ve ila\u00e7lar i\u00e7eren bir karargahlar\u0131n\u0131 ele ge\u00e7irdi. Operasyonda bir\u00e7ok ter\u00f6risti \u00f6ld\u00fcren ordu birliklerimiz bir ter\u00f6risti de canl\u0131 olarak yakalad\u0131.<\/p>\n<p>Bu arada SANA\u2019ya a\u00e7\u0131klama yapan askeri kaynak ordu birliklerimizin L\u00fcbnan direni\u015f g\u00fc\u00e7leriyle i\u015fbirli\u011fi i\u00e7inde \u015eam k\u0131rsal\u0131 Zebadani Kentinde Zatut el \u015eellah y\u00f6n\u00fcnde Hikmet Caddesinde \u00e7ok say\u0131da ter\u00f6risti \u00f6ld\u00fcrmeleri ard\u0131ndan caddeyi tamam\u0131yla kontrol\u00fcne ge\u00e7irdiklerini belirtti.<\/p>\n<p>Ter\u00f6r \u00e7eteleri ise medya ara\u00e7lar\u0131nda Zebdani Kentinde ordu birliklerimizin \u00f6ld\u00fcrd\u00fckleri ve bir k\u0131sm\u0131 olduk\u00e7a tehlikeli olan \u00e7ok say\u0131da ter\u00f6ristin kimli\u011fini a\u00e7\u0131klad\u0131.<\/p>\n<div id='gallery-1' class='gallery galleryid-42474 gallery-columns-3 gallery-size-thumbnail'><figure class='gallery-item'>\n\t\t\t<div class='gallery-icon landscape'>\n\t\t\t\t<a href='https:\/\/archive.sana.sy\/tr\/wp-content\/uploads\/2015\/08\/113.jpg'><img loading=\"lazy\" decoding=\"async\" width=\"150\" height=\"85\" src=\"https:\/\/archive.sana.sy\/tr\/wp-content\/uploads\/2015\/08\/113-150x85.jpg\" class=\"attachment-thumbnail size-thumbnail\" alt=\"\" srcset=\"https:\/\/archive.sana.sy\/tr\/wp-content\/uploads\/2015\/08\/113-150x85.jpg 150w, https:\/\/archive.sana.sy\/tr\/wp-content\/uploads\/2015\/08\/113-300x171.jpg 300w, https:\/\/archive.sana.sy\/tr\/wp-content\/uploads\/2015\/08\/113.jpg 589w\" sizes=\"auto, (max-width: 150px) 100vw, 150px\" \/><\/a>\n\t\t\t<\/div><\/figure><figure class='gallery-item'>\n\t\t\t<div class='gallery-icon landscape'>\n\t\t\t\t<a href='https:\/\/archive.sana.sy\/tr\/wp-content\/uploads\/2015\/08\/29.jpg'><img loading=\"lazy\" decoding=\"async\" width=\"150\" height=\"97\" src=\"https:\/\/archive.sana.sy\/tr\/wp-content\/uploads\/2015\/08\/29-150x97.jpg\" class=\"attachment-thumbnail size-thumbnail\" alt=\"\" srcset=\"https:\/\/archive.sana.sy\/tr\/wp-content\/uploads\/2015\/08\/29-150x97.jpg 150w, https:\/\/archive.sana.sy\/tr\/wp-content\/uploads\/2015\/08\/29-300x194.jpg 300w, https:\/\/archive.sana.sy\/tr\/wp-content\/uploads\/2015\/08\/29.jpg 554w\" sizes=\"auto, (max-width: 150px) 100vw, 150px\" \/><\/a>\n\t\t\t<\/div><\/figure><figure class='gallery-item'>\n\t\t\t<div class='gallery-icon landscape'>\n\t\t\t\t<a href='https:\/\/archive.sana.sy\/tr\/wp-content\/uploads\/2015\/08\/33.jpg'><img loading=\"lazy\" decoding=\"async\" width=\"150\" height=\"90\" src=\"https:\/\/archive.sana.sy\/tr\/wp-content\/uploads\/2015\/08\/33-150x90.jpg\" class=\"attachment-thumbnail size-thumbnail\" alt=\"\" srcset=\"https:\/\/archive.sana.sy\/tr\/wp-content\/uploads\/2015\/08\/33-150x90.jpg 150w, https:\/\/archive.sana.sy\/tr\/wp-content\/uploads\/2015\/08\/33-300x180.jpg 300w, https:\/\/archive.sana.sy\/tr\/wp-content\/uploads\/2015\/08\/33.jpg 562w\" sizes=\"auto, (max-width: 150px) 100vw, 150px\" \/><\/a>\n\t\t\t<\/div><\/figure><figure class='gallery-item'>\n\t\t\t<div class='gallery-icon landscape'>\n\t\t\t\t<a href='https:\/\/archive.sana.sy\/tr\/wp-content\/uploads\/2015\/08\/43.jpg'><img loading=\"lazy\" decoding=\"async\" width=\"150\" height=\"90\" src=\"https:\/\/archive.sana.sy\/tr\/wp-content\/uploads\/2015\/08\/43-150x90.jpg\" class=\"attachment-thumbnail size-thumbnail\" alt=\"\" srcset=\"https:\/\/archive.sana.sy\/tr\/wp-content\/uploads\/2015\/08\/43-150x90.jpg 150w, https:\/\/archive.sana.sy\/tr\/wp-content\/uploads\/2015\/08\/43-300x180.jpg 300w, https:\/\/archive.sana.sy\/tr\/wp-content\/uploads\/2015\/08\/43.jpg 565w\" sizes=\"auto, (max-width: 150px) 100vw, 150px\" \/><\/a>\n\t\t\t<\/div><\/figure><figure class='gallery-item'>\n\t\t\t<div class='gallery-icon landscape'>\n\t\t\t\t<a href='https:\/\/archive.sana.sy\/tr\/wp-content\/uploads\/2015\/08\/53.jpg'><img loading=\"lazy\" decoding=\"async\" width=\"150\" height=\"86\" src=\"https:\/\/archive.sana.sy\/tr\/wp-content\/uploads\/2015\/08\/53-150x86.jpg\" class=\"attachment-thumbnail size-thumbnail\" alt=\"\" srcset=\"https:\/\/archive.sana.sy\/tr\/wp-content\/uploads\/2015\/08\/53-150x86.jpg 150w, https:\/\/archive.sana.sy\/tr\/wp-content\/uploads\/2015\/08\/53-300x172.jpg 300w, https:\/\/archive.sana.sy\/tr\/wp-content\/uploads\/2015\/08\/53.jpg 595w\" sizes=\"auto, (max-width: 150px) 100vw, 150px\" \/><\/a>\n\t\t\t<\/div><\/figure><figure class='gallery-item'>\n\t\t\t<div class='gallery-icon landscape'>\n\t\t\t\t<a href='https:\/\/archive.sana.sy\/tr\/wp-content\/uploads\/2015\/08\/63.jpg'><img loading=\"lazy\" decoding=\"async\" width=\"150\" height=\"85\" src=\"https:\/\/archive.sana.sy\/tr\/wp-content\/uploads\/2015\/08\/63-150x85.jpg\" class=\"attachment-thumbnail size-thumbnail\" alt=\"\" srcset=\"https:\/\/archive.sana.sy\/tr\/wp-content\/uploads\/2015\/08\/63-150x85.jpg 150w, https:\/\/archive.sana.sy\/tr\/wp-content\/uploads\/2015\/08\/63-300x171.jpg 300w, https:\/\/archive.sana.sy\/tr\/wp-content\/uploads\/2015\/08\/63.jpg 612w\" sizes=\"auto, (max-width: 150px) 100vw, 150px\" \/><\/a>\n\t\t\t<\/div><\/figure><figure class='gallery-item'>\n\t\t\t<div class='gallery-icon landscape'>\n\t\t\t\t<a href='https:\/\/archive.sana.sy\/tr\/wp-content\/uploads\/2015\/08\/72.jpg'><img loading=\"lazy\" decoding=\"async\" width=\"150\" height=\"87\" src=\"https:\/\/archive.sana.sy\/tr\/wp-content\/uploads\/2015\/08\/72-150x87.jpg\" class=\"attachment-thumbnail size-thumbnail\" alt=\"\" srcset=\"https:\/\/archive.sana.sy\/tr\/wp-content\/uploads\/2015\/08\/72-150x87.jpg 150w, https:\/\/archive.sana.sy\/tr\/wp-content\/uploads\/2015\/08\/72-300x174.jpg 300w, https:\/\/archive.sana.sy\/tr\/wp-content\/uploads\/2015\/08\/72.jpg 600w\" sizes=\"auto, (max-width: 150px) 100vw, 150px\" \/><\/a>\n\t\t\t<\/div><\/figure><figure class='gallery-item'>\n\t\t\t<div class='gallery-icon landscape'>\n\t\t\t\t<a href='https:\/\/archive.sana.sy\/tr\/wp-content\/uploads\/2015\/08\/82.jpg'><img loading=\"lazy\" decoding=\"async\" width=\"150\" height=\"88\" src=\"https:\/\/archive.sana.sy\/tr\/wp-content\/uploads\/2015\/08\/82-150x88.jpg\" class=\"attachment-thumbnail size-thumbnail\" alt=\"\" srcset=\"https:\/\/archive.sana.sy\/tr\/wp-content\/uploads\/2015\/08\/82-150x88.jpg 150w, https:\/\/archive.sana.sy\/tr\/wp-content\/uploads\/2015\/08\/82-300x176.jpg 300w, https:\/\/archive.sana.sy\/tr\/wp-content\/uploads\/2015\/08\/82.jpg 595w\" sizes=\"auto, (max-width: 150px) 100vw, 150px\" \/><\/a>\n\t\t\t<\/div><\/figure><figure class='gallery-item'>\n\t\t\t<div class='gallery-icon landscape'>\n\t\t\t\t<a href='https:\/\/archive.sana.sy\/tr\/wp-content\/uploads\/2015\/08\/92.jpg'><img loading=\"lazy\" decoding=\"async\" width=\"150\" height=\"81\" src=\"https:\/\/archive.sana.sy\/tr\/wp-content\/uploads\/2015\/08\/92-150x81.jpg\" class=\"attachment-thumbnail size-thumbnail\" alt=\"\" srcset=\"https:\/\/archive.sana.sy\/tr\/wp-content\/uploads\/2015\/08\/92-150x81.jpg 150w, https:\/\/archive.sana.sy\/tr\/wp-content\/uploads\/2015\/08\/92-300x160.jpg 300w, https:\/\/archive.sana.sy\/tr\/wp-content\/uploads\/2015\/08\/92.jpg 620w\" sizes=\"auto, (max-width: 150px) 100vw, 150px\" \/><\/a>\n\t\t\t<\/div><\/figure><figure class='gallery-item'>\n\t\t\t<div class='gallery-icon landscape'>\n\t\t\t\t<a href='https:\/\/archive.sana.sy\/tr\/wp-content\/uploads\/2015\/08\/103.jpg'><img loading=\"lazy\" decoding=\"async\" width=\"150\" height=\"100\" src=\"https:\/\/archive.sana.sy\/tr\/wp-content\/uploads\/2015\/08\/103-150x100.jpg\" class=\"attachment-thumbnail size-thumbnail\" alt=\"\" srcset=\"https:\/\/archive.sana.sy\/tr\/wp-content\/uploads\/2015\/08\/103-150x100.jpg 150w, https:\/\/archive.sana.sy\/tr\/wp-content\/uploads\/2015\/08\/103-300x200.jpg 300w, https:\/\/archive.sana.sy\/tr\/wp-content\/uploads\/2015\/08\/103.jpg 720w\" sizes=\"auto, (max-width: 150px) 100vw, 150px\" \/><\/a>\n\t\t\t<\/div><\/figure><figure class='gallery-item'>\n\t\t\t<div class='gallery-icon landscape'>\n\t\t\t\t<a href='https:\/\/archive.sana.sy\/tr\/wp-content\/uploads\/2015\/08\/114.jpg'><img loading=\"lazy\" decoding=\"async\" width=\"150\" height=\"100\" src=\"https:\/\/archive.sana.sy\/tr\/wp-content\/uploads\/2015\/08\/114-150x100.jpg\" class=\"attachment-thumbnail size-thumbnail\" alt=\"\" srcset=\"https:\/\/archive.sana.sy\/tr\/wp-content\/uploads\/2015\/08\/114-150x100.jpg 150w, https:\/\/archive.sana.sy\/tr\/wp-content\/uploads\/2015\/08\/114-300x200.jpg 300w, https:\/\/archive.sana.sy\/tr\/wp-content\/uploads\/2015\/08\/114.jpg 720w\" sizes=\"auto, (max-width: 150px) 100vw, 150px\" \/><\/a>\n\t\t\t<\/div><\/figure><figure class='gallery-item'>\n\t\t\t<div class='gallery-icon landscape'>\n\t\t\t\t<a href='https:\/\/archive.sana.sy\/tr\/wp-content\/uploads\/2015\/08\/122.jpg'><img loading=\"lazy\" decoding=\"async\" width=\"150\" height=\"100\" src=\"https:\/\/archive.sana.sy\/tr\/wp-content\/uploads\/2015\/08\/122-150x100.jpg\" class=\"attachment-thumbnail size-thumbnail\" alt=\"\" srcset=\"https:\/\/archive.sana.sy\/tr\/wp-content\/uploads\/2015\/08\/122-150x100.jpg 150w, https:\/\/archive.sana.sy\/tr\/wp-content\/uploads\/2015\/08\/122-300x200.jpg 300w, https:\/\/archive.sana.sy\/tr\/wp-content\/uploads\/2015\/08\/122.jpg 720w\" sizes=\"auto, (max-width: 150px) 100vw, 150px\" \/><\/a>\n\t\t\t<\/div><\/figure><figure class='gallery-item'>\n\t\t\t<div class='gallery-icon landscape'>\n\t\t\t\t<a href='https:\/\/archive.sana.sy\/tr\/wp-content\/uploads\/2015\/08\/132.jpg'><img loading=\"lazy\" decoding=\"async\" width=\"150\" height=\"100\" src=\"https:\/\/archive.sana.sy\/tr\/wp-content\/uploads\/2015\/08\/132-150x100.jpg\" class=\"attachment-thumbnail size-thumbnail\" alt=\"\" srcset=\"https:\/\/archive.sana.sy\/tr\/wp-content\/uploads\/2015\/08\/132-150x100.jpg 150w, https:\/\/archive.sana.sy\/tr\/wp-content\/uploads\/2015\/08\/132-300x200.jpg 300w, https:\/\/archive.sana.sy\/tr\/wp-content\/uploads\/2015\/08\/132.jpg 720w\" sizes=\"auto, (max-width: 150px) 100vw, 150px\" \/><\/a>\n\t\t\t<\/div><\/figure><figure class='gallery-item'>\n\t\t\t<div class='gallery-icon landscape'>\n\t\t\t\t<a href='https:\/\/archive.sana.sy\/tr\/wp-content\/uploads\/2015\/08\/142.jpg'><img loading=\"lazy\" decoding=\"async\" width=\"150\" height=\"100\" src=\"https:\/\/archive.sana.sy\/tr\/wp-content\/uploads\/2015\/08\/142-150x100.jpg\" class=\"attachment-thumbnail size-thumbnail\" alt=\"\" srcset=\"https:\/\/archive.sana.sy\/tr\/wp-content\/uploads\/2015\/08\/142-150x100.jpg 150w, https:\/\/archive.sana.sy\/tr\/wp-content\/uploads\/2015\/08\/142-300x200.jpg 300w, https:\/\/archive.sana.sy\/tr\/wp-content\/uploads\/2015\/08\/142.jpg 720w\" sizes=\"auto, (max-width: 150px) 100vw, 150px\" \/><\/a>\n\t\t\t<\/div><\/figure>\n\t\t<\/div>\n\n<p><span style=\"color: #0000ff\">\u0130DL\u0130B:<\/span><\/p>\n<p>Ordu birliklerimiz \u0130dlib k\u0131rsal\u0131n\u0131n Tel Avar B\u00f6lgesinde \u2018Fetih Ordusu\u2019na tabi \u00e7ok say\u0131da ter\u00f6risti bir k\u0131sm\u0131 a\u011f\u0131r silahlarla donat\u0131lm\u0131\u015f bir\u00e7ok ara\u00e7 ve cephaneleriyle etkisizle\u015ftirmeleri ard\u0131ndan b\u00f6lgeyi tamamen kontrollerine ald\u0131.<\/p>\n<p>Tel Avar\u2019\u0131n kontrole al\u0131nd\u0131\u011f\u0131n\u0131 SANA\u2019ya bildiren askeri kaynak, birka\u00e7 saat s\u00fcren operasyonlarda \u2018Fetih Ordusu\u2019 ad\u0131yla bilinen ter\u00f6r \u00e7etelerinden onlarcas\u0131n\u0131n \u00f6ld\u00fcr\u00fclmeleri ard\u0131ndan geriye kalanlar\u0131n silah, cephane ve her \u015feylerini b\u0131rak\u0131p ka\u00e7\u0131\u015ft\u0131klar\u0131na dikkat \u00e7ekti.<\/p>\n<p>Kaynak ordu birliklerimizin Cisre\u015f\u015fu\u011fur Kentinin yakla\u015f\u0131k 11 km g\u00fcneydo\u011fusuna d\u00fc\u015fen Tel Avar\u2019dan civardaki b\u00f6lgelere ka\u00e7an \u2018Fetih Ordusu\u2019 \u00e7etelerini kovalad\u0131klar\u0131n\u0131 belirtirken, kovalama operasyonlar\u0131nda da ter\u00f6ristlerin say\u0131 ve ara\u00e7lar\u0131yla b\u00fcy\u00fck kay\u0131plara u\u011frat\u0131ld\u0131klar\u0131n\u0131 vurgulad\u0131.<\/p>\n<p>Ordu birliklerimizin d\u00fcn Erdo\u011fan \u00e7eteleri \u2018Fetih Ordusu\u2019 ter\u00f6ristlerinden temizleyip ahalisinin can ve mal g\u00fcvenli\u011fini sa\u011flad\u0131\u011f\u0131 Merc el Zuhur K\u00f6y\u00fcnden sadece 2 km uzakl\u0131kta d\u00fc\u015fen Tel Avar b\u00f6lgede en \u00f6nemli ve stratejik b\u00f6lgelerden biri say\u0131l\u0131yor.<\/p>\n<p>\u0130dlib k\u0131rsal\u0131nda Erdo\u011fan rejiminin ter\u00f6r \u00e7etelerine kar\u015f\u0131 vatan topraklar\u0131 ve halk\u0131 savunan ordu birliklerimiz son 48 saat i\u00e7inde bu \u00e7etelerden y\u00fczlercesini \u00f6l\u00fc d\u00fc\u015f\u00fcr\u00fcrlerken, \u00e7ok say\u0131da b\u00f6lgeyi de kontrollerine ge\u00e7irdiler.<\/p>\n<p>\u00d6te yandan saha kaynaklar\u0131 SANA\u2019ya a\u00e7\u0131klamalar\u0131nda ordu birliklerimizin \u0130dlib k\u0131rsal\u0131 Cebel el Zaviye B\u00f6lgesinde tekfirci ve vatana haini ter\u00f6ristlerin mevki ve karargahlar\u0131n\u0131 imha ettiklerini belirtti. Kaynaklar operasyonlarda aralar\u0131nda kimlikleri tespit edilen tehlikeli ter\u00f6ristlerin bulundu\u011fu \u00e7ok say\u0131da ter\u00f6ristin \u00f6ld\u00fcr\u00fcld\u00fc\u011f\u00fcn\u00fc s\u00f6yledi.<\/p>\n<p>Bu arada yerel kaynaklar \u0130dlib k\u0131rsal\u0131nda muhtelif isimler alt\u0131nda faaliyet g\u00f6steren ter\u00f6r \u00e7etelerinin ordu birliklerimizin a\u011f\u0131r darbeleri alt\u0131nda u\u011frad\u0131klar\u0131 b\u00fcy\u00fck kay\u0131plar ard\u0131ndan kendi aralar\u0131nda \u00e7\u0131kan anla\u015fmazl\u0131klar\u0131n silahl\u0131 \u00e7at\u0131\u015fmalara d\u00f6n\u00fc\u015ft\u00fc\u011f\u00fcn\u00fc belirtti.<\/p>\n<p>Kaynaklar ter\u00f6r gruplar\u0131 aras\u0131nda ya\u015fanan \u00e7at\u0131\u015fmalarda t\u00fcm taraflardan onlarca ter\u00f6ristin \u00f6ld\u00fc\u011f\u00fcn\u00fc belirtti.<\/p>\n<p>Di\u011fer yandan ayn\u0131 kaynaklar \u2018Ecnad el \u015eam Hareketi\u2019nin s\u00f6zde askeri komutan\u0131 Suudi Arabistanl\u0131 \u2018Ebu el Leys el Muhacir\u2019in yan\u0131 s\u0131ra Luey Adil Hallak ve Ahmet Taha Hammud adlar\u0131yla bilinen az\u0131l\u0131 ter\u00f6ristlerin Ziyadiye K\u00f6y\u00fc civar\u0131nda \u00f6ld\u00fcklerini ifade etti.<\/p>\n<p>Ter\u00f6r \u00f6rg\u00fctleri ise medya ara\u00e7lar\u0131nda \u00f6len onlarca ter\u00f6ristin kimliklerini a\u00e7\u0131klad\u0131.<\/p>\n<p>Ak\u015fam saatlerinde SANA&#8217;ya a\u00e7\u0131klama yapan askeri kaynak hava g\u00fc\u00e7lerimizin \u0130dlib k\u0131rsal\u0131n\u0131n Ebu el Zuhur, Tselmo, Mu\u015frife, Bzeyt Ocaklar\u0131 ve civar\u0131nda \u2018Fetih Ordusu\u2019 ter\u00f6ristlerinin mevkilerini muhtevalar\u0131yla imha ettiklerini belirtti. Kaynak hava operasyonlar\u0131nda bir k\u0131sm\u0131 yabanc\u0131 ve saha komutan\u0131 olan y\u00fcksek say\u0131da ter\u00f6ristin \u00f6ld\u00fcr\u00fcld\u00fc\u011f\u00fcn\u00fc, a\u011fr\u0131 silahlarla donat\u0131lm\u0131\u015f bir\u00e7ok ara\u00e7lar\u0131n\u0131n da imha edildi\u011fini aktard\u0131.<\/p>\n<p><span style=\"color: #0000ff\">HOMS:<\/span><\/p>\n<p>Hava g\u00fc\u00e7lerimiz Homs k\u0131rsal\u0131n\u0131n do\u011fusu Masik Vadisinin giri\u015fi, Tedmur Kentinin do\u011fusu ve Suhna Beldesinin civarlar\u0131nda I\u015e\u0130D \u00e7etelerine ait bir k\u0131sm\u0131 a\u011f\u0131r silahlarla donat\u0131lm\u0131\u015f \u00e7ok say\u0131da arac\u0131 ta\u015f\u0131d\u0131klar\u0131 ter\u00f6rist ve cephaneyle birlikte imha ettiklerini belirtti.<\/p>\n<p>G\u00fcn\u00fcn ilerleyen saatlerinde SANA\u2019ya a\u00e7\u0131klama yapan askeri kaynak; ordu birliklerimizin Homs k\u0131rsal\u0131n\u0131n do\u011fusu Cezl Platformunun kuzey ve do\u011fu civarlar\u0131na ilaveten Tedmur Kenti ve Do\u011fu Ebu Alaya\u2019n\u0131n do\u011fusunda I\u015e\u0130D\u2019li onlarca ter\u00f6risti \u00f6ld\u00fcrd\u00fcklerini belirtti.<\/p>\n<p><span style=\"color: #0000ff\">LAZK\u0130YE:<\/span><\/p>\n<p>Lazkiye k\u0131rsal\u0131n\u0131n kuzeyinde Erdo\u011fan rejiminin destekledi\u011fi ve Kaide \u00d6rg\u00fct\u00fcn\u00fcn Suriye kolu olan Nusra Cephesinin mevkilerini hedef alan hava g\u00fc\u00e7lerimizin operasyonlar\u0131nda bir k\u0131sm\u0131 T\u00fcrkiyeli olan 20\u2019den fazla ter\u00f6rist \u00f6ld\u00fcr\u00fcld\u00fc.<\/p>\n<p>Sava\u015f u\u00e7aklar\u0131m\u0131z\u0131n Lazkiye k\u0131rsal\u0131n\u0131n kuzey u\u00e7lar\u0131 Beyt Ablak, Beyt Avan ve Durra b\u00f6lgelerinde ter\u00f6ristlerin toplanma yerlerini hedef ald\u0131klar\u0131n\u0131 belirten askeri kaynak SANA\u2019ya a\u00e7\u0131klamas\u0131nda hava operasyonlar\u0131n\u0131n 20\u2019den fazla ter\u00f6ristin \u00f6ld\u00fcr\u00fclmesine yol a\u00e7t\u0131\u011f\u0131n\u0131 belirtti. Kaynak \u00f6ld\u00fcr\u00fclen ter\u00f6ristlerin aras\u0131nda T\u00fcrkiyeli Mehmet B.\u2019nin yan\u0131 s\u0131ra ter\u00f6r \u00f6rg\u00fct\u00fcn\u00fcn az\u0131l\u0131 saha komutan\u0131 ve \u2018Sahil Kartal\u0131\u2019 olarak bilinen Ubada el Avar\u2019\u0131n bulunduklar\u0131n\u0131 belirtti.<\/p>\n<p>Hava g\u00fc\u00e7lerimiz d\u00fcn ise yine Lazkiye k\u0131rsal\u0131n\u0131n kuzeyi Dveyr\u015fan, Ravda, Vadi ve Durra b\u00f6lgelerinde geneli yabanc\u0131 olan 50\u2019den fazla ter\u00f6risti \u00f6ld\u00fcrm\u00fc\u015flerdi.<\/p>\n<p><span style=\"color: #0000ff\">KUNAYTRA:<\/span><\/p>\n<p>Kunaytra k\u0131rsal\u0131nda \u0130srail destekli ter\u00f6ristlere y\u00f6nelik operasyonlar\u0131n\u0131 s\u00fcrd\u00fcren ordu birliklerimizden bir kaynak; Cebata el Ha\u015fab K\u00f6y\u00fcndeki meydan ve k\u00f6y civar\u0131ndaki ormanl\u0131klarda Nusra Cephesine tabi \u00e7ok say\u0131da ter\u00f6ristin \u00f6ld\u00fcr\u00fcld\u00fc\u011f\u00fcn\u00fc aktard\u0131.<\/p>\n<p>Kunaytra k\u0131rsal\u0131n\u0131n kuzeyinde Cebata el Ha\u015fab, Tr\u0131nca ve Ofanya k\u00f6ylerinde \u0130srail&#8217;in destekledi\u011fi Nusra Cephesi \u00e7etelerinin civarda g\u00fcven i\u00e7indeki k\u00f6ylere sald\u0131r\u0131 giri\u015fimlerini \u00e7\u00f6kerten ordu birliklerimiz onlarca tekfirciyi ara\u00e7 ve silahlar\u0131yla etkisizle\u015ftirdi.<\/p>\n<p>&nbsp;<\/p>\n<p>https:\/\/www.youtube.com\/watch?v=gXGWJ37yqWw<\/p>\n<p><span style=\"color: #0000ff\">DERA:<\/span><\/p>\n<p>Dera k\u0131rsal\u0131nda ise ordu birliklerimiz \u0130srail ve \u00dcrd\u00fcn destekli tekfirci ter\u00f6ristleri a\u011f\u0131r kay\u0131plara u\u011fratmaya devam etti.<\/p>\n<p>Askeri kaynak k\u0131rsal\u0131n kuzeydo\u011fusu Hurbat Gazale K\u00f6y\u00fcn\u00fcn g\u00fcneyindeki k\u00f6pr\u00fc yak\u0131nlar\u0131nda geneli Nusra Cepheli ter\u00f6ristlerle s\u0131cak temasa giren ordu birliklerimiz; ter\u00f6ristlerin bir\u00e7o\u011funu ara\u00e7 ve cephaneleriyle birlikte etkisizle\u015ftirdi.<\/p>\n<p>Dera Kentinin kuzey giri\u015finde de onlarca tekfirci ve haini a\u011f\u0131r silahlar\u0131yla \u00f6ld\u00fcren ordu birliklerimiz; kente sald\u0131r\u0131lar\u0131 kapsam\u0131nda f\u00fcze ve roketlerle hedef almalar\u0131nda ana karargah olarak kulland\u0131klar\u0131 Etman Beldesinin bat\u0131s\u0131nda ter\u00f6ristlerin \u00f6nemli bir karargah\u0131n\u0131 muhtevalar\u0131yla tamamen imha etti.<\/p>\n<p>Ordu birliklerimiz \u00dcrd\u00fcn s\u0131n\u0131rlar\u0131na yak\u0131n olmas\u0131yla ge\u00e7it ve karargah olarak kulland\u0131klar\u0131 Dera Beled\u2019din bir\u00e7ok b\u00f6lgesinde ter\u00f6ristlerin bir dizi mevkilerine ek olarak hareketlenmelerini yo\u011fun ate\u015fe tutarak bir\u00e7o\u011funu \u00f6ld\u00fcrd\u00fc.<\/p>\n<p>A.A &#8211; R.H.<\/p>\n","protected":false},"excerpt":{"rendered":"<p>\u0130LLER \u2013 \u0130dlib k\u0131rsal\u0131nda Erdo\u011fan\u2019\u0131n \u2018fetih Ordusu\u2019 ad\u0131 alt\u0131ndaki ter\u00f6r \u00e7etelerini a\u011f\u0131r kay\u0131plara u\u011fratan ordu birliklerimiz Lazkiye k\u0131rsal\u0131n\u0131n kuzeyinde ise aralar\u0131nda T\u00fcrkiyelilerin bulundu\u011fu \u00e7ok say\u0131da ter\u00f6risti \u00f6ld\u00fcrd\u00fc. \u015eAM KIRSALI: \u015eam k\u0131rsal\u0131n\u0131n bat\u0131s\u0131 Zebadani Kentinde geneli Kaide \u00d6rg\u00fct\u00fcn\u00fcn Suriye kolu Nusra Cephesi ve daha ba\u015fka muhtelif adland\u0131rmalar alt\u0131ndaki ter\u00f6ristlere y\u00f6nelik operasyonlar\u0131n\u0131 s\u00fcrd\u00fcren ordu birliklerimiz \u00e7al\u0131nt\u0131 t\u0131bbi &hellip;<\/p>\n","protected":false},"author":1,"featured_media":42477,"comment_status":"closed","ping_status":"closed","sticky":false,"template":"","format":"standard","meta":{"footnotes":""},"categories":[596,575],"tags":[],"class_list":["post-42474","post","type-post","status-publish","format-standard","has-post-thumbnail","","category-fotografli-raporlar","category-olaylar-ve-gercekler"],"_links":{"self":[{"href":"https:\/\/archive.sana.sy\/tr\/index.php?rest_route=\/wp\/v2\/posts\/42474","targetHints":{"allow":["GET"]}}],"collection":[{"href":"https:\/\/archive.sana.sy\/tr\/index.php?rest_route=\/wp\/v2\/posts"}],"about":[{"href":"https:\/\/archive.sana.sy\/tr\/index.php?rest_route=\/wp\/v2\/types\/post"}],"author":[{"embeddable":true,"href":"https:\/\/archive.sana.sy\/tr\/index.php?rest_route=\/wp\/v2\/users\/1"}],"replies":[{"embeddable":true,"href":"https:\/\/archive.sana.sy\/tr\/index.php?rest_route=%2Fwp%2Fv2%2Fcomments&post=42474"}],"version-history":[{"count":0,"href":"https:\/\/archive.sana.sy\/tr\/index.php?rest_route=\/wp\/v2\/posts\/42474\/revisions"}],"wp:featuredmedia":[{"embeddable":true,"href":"https:\/\/archive.sana.sy\/tr\/index.php?rest_route=\/wp\/v2\/media\/42477"}],"wp:attachment":[{"href":"https:\/\/archive.sana.sy\/tr\/index.php?rest_route=%2Fwp%2Fv2%2Fmedia&parent=42474"}],"wp:term":[{"taxonomy":"category","embeddable":true,"href":"https:\/\/archive.sana.sy\/tr\/index.php?rest_route=%2Fwp%2Fv2%2Fcategories&post=42474"},{"taxonomy":"post_tag","embeddable":true,"href":"https:\/\/archive.sana.sy\/tr\/index.php?rest_route=%2Fwp%2Fv2%2Ftags&post=42474"}],"curies":[{"name":"wp","href":"https:\/\/api.w.org\/{rel}","templated":true}]}}