{"id":4263,"date":"2014-06-30T16:15:16","date_gmt":"2014-06-30T13:15:16","guid":{"rendered":"http:\/\/www.sana.sy\/tr\/?p=4263"},"modified":"2014-07-01T15:44:00","modified_gmt":"2014-07-01T12:44:00","slug":"silahlilar-vatan-kucagina-donmeye-devam-ediyor","status":"publish","type":"post","link":"https:\/\/archive.sana.sy\/tr\/?p=4263","title":{"rendered":"Ter\u00f6r\u00fcn Karanl\u0131k Y\u00fcz\u00fc Ortaya \u00c7\u0131kt\u0131k\u00e7a Pi\u015fmanl\u0131k Duyanlar \u00c7o\u011fal\u0131yor"},"content":{"rendered":"<p>\u0130LLER \u2013 Bir \u015fekilde ter\u00f6re kar\u0131\u015fm\u0131\u015f ancak bundan b\u00fcy\u00fck utan\u00e7 ve pi\u015fmanl\u0131k duyanlar\u0131n say\u0131s\u0131 g\u00fcnden g\u00fcne \u00e7o\u011fal\u0131yor. G\u00fcn ge\u00e7tik\u00e7e karanl\u0131k y\u00fcz\u00fc ortaya \u00e7\u0131kan silahl\u0131 ter\u00f6r gruplar\u0131na yalan yanl\u0131\u015f vaatlerle kat\u0131ld\u0131ktan sonra bundan pi\u015fmanl\u0131k duyan 404 ki\u015fi bug\u00fcn silahlar\u0131yla birlikte g\u00fcvenlik kurumlar\u0131na teslim oldular.<\/p>\n<p>\u015eam ve K\u0131rsal\u0131n\u0131n yan\u0131 s\u0131ra Homs, Halep, Hama, \u0130dlib, Deyrezzor, S\u00fcveyda, Rakka, Haseke ve Lazkiye\u2019de silahlar\u0131yla birlikte teslim olan 404 ki\u015finin hukuki durumlar\u0131 genel af ve pi\u015fmanl\u0131k yasas\u0131 kapsam\u0131nda d\u00fczenlendi.<\/p>\n<p>Bundan sonra vatan\u0131n g\u00fcvenlik ve istikrar\u0131na zarar verecek hi\u00e7bir faaliyete kat\u0131lmama taahh\u00fcd\u00fcnde bulunan 404 ki\u015fi serbest b\u0131rak\u0131ld\u0131ktan sonra yeni bir hayata ba\u015flad\u0131lar.<\/p>\n<p>Homs Valili\u011finde yetkili bir kaynak Homs k\u0131rsal\u0131n\u0131n Dar el Kebire B\u00f6lgesinden 46 ki\u015finin bug\u00fcn silahlar\u0131yla birlikte ilgili kurumlara teslim olduklar\u0131n\u0131 belirtti.<\/p>\n<p><span style=\"color: #0000ff\">Teslim Olan 44 Ki\u015fi Yeni Bir Hayata Ba\u015flad\u0131<\/span><\/p>\n<p>\u00d6te yandan yalan yanl\u0131\u015f bilgi ve vaatlerle kand\u0131r\u0131ld\u0131ktan sonra ter\u00f6r olaylar\u0131na kar\u0131\u015fm\u0131\u015f ve pi\u015fmanl\u0131k duyan 44 ki\u015fi bug\u00fcn \u015eam K\u0131rsal\u0131n\u0131n Kisve B\u00f6lgesinde ilgili g\u00fcvenlik kurumlar\u0131na silahlar\u0131yla birlikte teslim oldular.<\/p>\n<p>\u015eam K\u0131rsal\u0131 Emniyet M\u00fcd\u00fcrl\u00fc\u011f\u00fcnde yetkili bir kaynak; Kisve\u2019ye ba\u011fl\u0131 el Tayyiba b\u00f6lgesinden 27, Mkaylbiye b\u00f6lgesinden de 17 ki\u015finin bug\u00fcn silahlar\u0131yla birlikte teslim oldu\u011funu ifade etti.<\/p>\n<p>Teslim olan ki\u015filerin hukuki durumlar\u0131n\u0131n, genel af ve pi\u015fmanl\u0131k yasas\u0131 kapsam\u0131nda d\u00fczenlendi\u011fine i\u015faret eden kaynak; bundan sonra vatan\u0131n g\u00fcvenlik ve istikrar\u0131n\u0131 sarsacak herhangi bir faaliyette bulunmayacaklar\u0131n\u0131 taahh\u00fct ettikten sonra serbest b\u0131rak\u0131ld\u0131klar\u0131n\u0131 beyan etti.<\/p>\n<p>\u00d6te yandan serbest b\u0131rak\u0131ld\u0131ktan sonra SANA\u2019ya a\u00e7\u0131klama yapan ki\u015filer ter\u00f6r faaliyetlerine kat\u0131lm\u0131\u015f olmaktan b\u00fcy\u00fck bir utan\u00e7 ve pi\u015fmanl\u0131k duyduklar\u0131n\u0131 dile getirerek kendilerine yeni bir hayat \u015fans\u0131 tan\u0131yan herkese te\u015fekk\u00fcrlerini sundular.<\/p>\n<p><a href=\"http:\/\/www.sana.sy\/tr\/wp-content\/uploads\/2014\/06\/teslim-olanlar-21.jpg\"><img loading=\"lazy\" decoding=\"async\" class=\"alignleft wp-image-4290 size-medium\" src=\"http:\/\/www.sana.sy\/tr\/wp-content\/uploads\/2014\/06\/teslim-olanlar-21-300x225.jpg\" alt=\"teslim olanlar 2\" width=\"300\" height=\"225\" srcset=\"https:\/\/archive.sana.sy\/tr\/wp-content\/uploads\/2014\/06\/teslim-olanlar-21-300x225.jpg 300w, https:\/\/archive.sana.sy\/tr\/wp-content\/uploads\/2014\/06\/teslim-olanlar-21-150x112.jpg 150w, https:\/\/archive.sana.sy\/tr\/wp-content\/uploads\/2014\/06\/teslim-olanlar-21-1024x768.jpg 1024w\" sizes=\"auto, (max-width: 300px) 100vw, 300px\" \/><\/a> <a href=\"http:\/\/www.sana.sy\/tr\/wp-content\/uploads\/2014\/06\/teslim-olanlar-3.jpg\"><img loading=\"lazy\" decoding=\"async\" class=\"alignright wp-image-4291 size-medium\" src=\"http:\/\/www.sana.sy\/tr\/wp-content\/uploads\/2014\/06\/teslim-olanlar-3-300x225.jpg\" alt=\"teslim olanlar 3\" width=\"300\" height=\"225\" srcset=\"https:\/\/archive.sana.sy\/tr\/wp-content\/uploads\/2014\/06\/teslim-olanlar-3-300x225.jpg 300w, https:\/\/archive.sana.sy\/tr\/wp-content\/uploads\/2014\/06\/teslim-olanlar-3-150x112.jpg 150w, https:\/\/archive.sana.sy\/tr\/wp-content\/uploads\/2014\/06\/teslim-olanlar-3-1024x768.jpg 1024w\" sizes=\"auto, (max-width: 300px) 100vw, 300px\" \/><\/a><\/p>\n","protected":false},"excerpt":{"rendered":"<p>\u0130LLER \u2013 Bir \u015fekilde ter\u00f6re kar\u0131\u015fm\u0131\u015f ancak bundan b\u00fcy\u00fck utan\u00e7 ve pi\u015fmanl\u0131k duyanlar\u0131n say\u0131s\u0131 g\u00fcnden g\u00fcne \u00e7o\u011fal\u0131yor. G\u00fcn ge\u00e7tik\u00e7e karanl\u0131k y\u00fcz\u00fc ortaya \u00e7\u0131kan silahl\u0131 ter\u00f6r gruplar\u0131na yalan yanl\u0131\u015f vaatlerle kat\u0131ld\u0131ktan sonra bundan pi\u015fmanl\u0131k duyan 404 ki\u015fi bug\u00fcn silahlar\u0131yla birlikte g\u00fcvenlik kurumlar\u0131na teslim oldular. \u015eam ve K\u0131rsal\u0131n\u0131n yan\u0131 s\u0131ra Homs, Halep, Hama, \u0130dlib, Deyrezzor, S\u00fcveyda, Rakka, &hellip;<\/p>\n","protected":false},"author":1,"featured_media":4289,"comment_status":"closed","ping_status":"closed","sticky":false,"template":"","format":"standard","meta":{"footnotes":""},"categories":[575],"tags":[936,937,918,925],"class_list":["post-4263","post","type-post","status-publish","format-standard","has-post-thumbnail","","category-olaylar-ve-gercekler","tag-kabine-ortaklik-kanun-tasarisini-onayladi-sam-kabine-bugun-baskani-vail-el-halaki-baskanliginda-haftalik-oturumunu-duzenleyerek","tag-oturum-gundeminde-yer-alan-bir-dizi-konuyu-masaya-yatirdi-oturumda-ozel-ve-kamu-sektorleri-arasinda-ortaklik-kanun-tasarisi-bakanlar-tarafindan-tartisilarak-onaylandi","tag-silahlilar-vatan-kucagina-donmeye-devam-ediyor","tag-terorun-karanlik-yuzu-ortaya-ciktikca-pismanlik-duyanlar-cogaliyor"],"_links":{"self":[{"href":"https:\/\/archive.sana.sy\/tr\/index.php?rest_route=\/wp\/v2\/posts\/4263","targetHints":{"allow":["GET"]}}],"collection":[{"href":"https:\/\/archive.sana.sy\/tr\/index.php?rest_route=\/wp\/v2\/posts"}],"about":[{"href":"https:\/\/archive.sana.sy\/tr\/index.php?rest_route=\/wp\/v2\/types\/post"}],"author":[{"embeddable":true,"href":"https:\/\/archive.sana.sy\/tr\/index.php?rest_route=\/wp\/v2\/users\/1"}],"replies":[{"embeddable":true,"href":"https:\/\/archive.sana.sy\/tr\/index.php?rest_route=%2Fwp%2Fv2%2Fcomments&post=4263"}],"version-history":[{"count":0,"href":"https:\/\/archive.sana.sy\/tr\/index.php?rest_route=\/wp\/v2\/posts\/4263\/revisions"}],"wp:featuredmedia":[{"embeddable":true,"href":"https:\/\/archive.sana.sy\/tr\/index.php?rest_route=\/wp\/v2\/media\/4289"}],"wp:attachment":[{"href":"https:\/\/archive.sana.sy\/tr\/index.php?rest_route=%2Fwp%2Fv2%2Fmedia&parent=4263"}],"wp:term":[{"taxonomy":"category","embeddable":true,"href":"https:\/\/archive.sana.sy\/tr\/index.php?rest_route=%2Fwp%2Fv2%2Fcategories&post=4263"},{"taxonomy":"post_tag","embeddable":true,"href":"https:\/\/archive.sana.sy\/tr\/index.php?rest_route=%2Fwp%2Fv2%2Ftags&post=4263"}],"curies":[{"name":"wp","href":"https:\/\/api.w.org\/{rel}","templated":true}]}}