{"id":42651,"date":"2015-08-03T13:50:36","date_gmt":"2015-08-03T10:50:36","guid":{"rendered":"http:\/\/sana.sy\/tr\/?p=42651"},"modified":"2015-08-03T13:50:36","modified_gmt":"2015-08-03T10:50:36","slug":"universite-ogrencilerine-ek-sinav-donemi-duzenlenecek","status":"publish","type":"post","link":"https:\/\/archive.sana.sy\/tr\/?p=42651","title":{"rendered":"\u00dcniversite \u00d6\u011frencilerine Ek S\u0131nav D\u00f6nemi D\u00fczenlenecek"},"content":{"rendered":"<p>\u015eAM \u2013 Cumhurba\u015fkan\u0131 Be\u015f\u015far el Esad bug\u00fcn \u00fcniversite \u00f6\u011frencileri, uzmanl\u0131k ve y\u00fcksek lisans \u00f6\u011frencilerine ek s\u0131nav d\u00f6nemi d\u00fczenlenmesini \u00f6ng\u00f6ren 2015\/203 say\u0131l\u0131 kararnameyi onaylad\u0131.<\/p>\n<p>El Esad\u2019\u0131n 2006\/6 say\u0131l\u0131 \u00fcniversite kanunlar\u0131 ve ek d\u00fczenlemeleri \u00e7er\u00e7evesinde onaylad\u0131\u011f\u0131 kanunname; 2014\/2015 \u00f6\u011fretim y\u0131l\u0131nda ders ta\u015f\u0131yan, s\u0131n\u0131fta kalan veya \u00fcniversite hayat\u0131nda s\u0131nav hakk\u0131n\u0131 tamamlamas\u0131 nedeniyle fak\u00fclteden at\u0131lan \u00f6\u011frencilere Y\u00fcksek \u00d6\u011fretim Bakanl\u0131\u011f\u0131n\u0131n tarihini belirleyece\u011fi bir s\u0131nav d\u00f6neminde yeniden s\u0131navlara girmelerine hak tan\u0131yor.<\/p>\n<p>A.A. &#8211; R.H.<\/p>\n","protected":false},"excerpt":{"rendered":"<p>\u015eAM \u2013 Cumhurba\u015fkan\u0131 Be\u015f\u015far el Esad bug\u00fcn \u00fcniversite \u00f6\u011frencileri, uzmanl\u0131k ve y\u00fcksek lisans \u00f6\u011frencilerine ek s\u0131nav d\u00f6nemi d\u00fczenlenmesini \u00f6ng\u00f6ren 2015\/203 say\u0131l\u0131 kararnameyi onaylad\u0131. El Esad\u2019\u0131n 2006\/6 say\u0131l\u0131 \u00fcniversite kanunlar\u0131 ve ek d\u00fczenlemeleri \u00e7er\u00e7evesinde onaylad\u0131\u011f\u0131 kanunname; 2014\/2015 \u00f6\u011fretim y\u0131l\u0131nda ders ta\u015f\u0131yan, s\u0131n\u0131fta kalan veya \u00fcniversite hayat\u0131nda s\u0131nav hakk\u0131n\u0131 tamamlamas\u0131 nedeniyle fak\u00fclteden at\u0131lan \u00f6\u011frencilere Y\u00fcksek \u00d6\u011fretim Bakanl\u0131\u011f\u0131n\u0131n &hellip;<\/p>\n","protected":false},"author":1,"featured_media":42652,"comment_status":"closed","ping_status":"closed","sticky":false,"template":"","format":"standard","meta":{"footnotes":""},"categories":[479,605,612,599,478],"tags":[16116,16117],"class_list":["post-42651","post","type-post","status-publish","format-standard","has-post-thumbnail","","category-haberler-yerel","category-sayin-cumhurbaskani","category-yasama-kararnameler","category-yasama-ve-kanunlar","category-yerel","tag-universite-ogrencilerine-ek-sinav-donemi-duzenlenecek-sam-cumhurbaskani-bessar-el-esad-bugun-universite-ogrencileri","tag-uzmanlik-ve-yuksek-lisans-ogrencilerine-ek-sinav-donemi-duzenlenmesini-ongoren-2015203-sayili-kararnameyi-onayladi"],"_links":{"self":[{"href":"https:\/\/archive.sana.sy\/tr\/index.php?rest_route=\/wp\/v2\/posts\/42651","targetHints":{"allow":["GET"]}}],"collection":[{"href":"https:\/\/archive.sana.sy\/tr\/index.php?rest_route=\/wp\/v2\/posts"}],"about":[{"href":"https:\/\/archive.sana.sy\/tr\/index.php?rest_route=\/wp\/v2\/types\/post"}],"author":[{"embeddable":true,"href":"https:\/\/archive.sana.sy\/tr\/index.php?rest_route=\/wp\/v2\/users\/1"}],"replies":[{"embeddable":true,"href":"https:\/\/archive.sana.sy\/tr\/index.php?rest_route=%2Fwp%2Fv2%2Fcomments&post=42651"}],"version-history":[{"count":0,"href":"https:\/\/archive.sana.sy\/tr\/index.php?rest_route=\/wp\/v2\/posts\/42651\/revisions"}],"wp:featuredmedia":[{"embeddable":true,"href":"https:\/\/archive.sana.sy\/tr\/index.php?rest_route=\/wp\/v2\/media\/42652"}],"wp:attachment":[{"href":"https:\/\/archive.sana.sy\/tr\/index.php?rest_route=%2Fwp%2Fv2%2Fmedia&parent=42651"}],"wp:term":[{"taxonomy":"category","embeddable":true,"href":"https:\/\/archive.sana.sy\/tr\/index.php?rest_route=%2Fwp%2Fv2%2Fcategories&post=42651"},{"taxonomy":"post_tag","embeddable":true,"href":"https:\/\/archive.sana.sy\/tr\/index.php?rest_route=%2Fwp%2Fv2%2Ftags&post=42651"}],"curies":[{"name":"wp","href":"https:\/\/api.w.org\/{rel}","templated":true}]}}