{"id":42673,"date":"2015-08-03T14:26:53","date_gmt":"2015-08-03T11:26:53","guid":{"rendered":"http:\/\/www.sana.sy\/tr\/?p=42673"},"modified":"2015-08-03T14:32:34","modified_gmt":"2015-08-03T11:32:34","slug":"aramizda-bir-dizi-alanlarda-ortak-yatirim-firsatlari-var","status":"publish","type":"post","link":"https:\/\/archive.sana.sy\/tr\/?p=42673","title":{"rendered":"Aram\u0131zda Bir Dizi Alanlarda Ortak Yat\u0131r\u0131m F\u0131rsatlar\u0131 Var"},"content":{"rendered":"<p>\u015eAM \u2013 Petrol ve Madeni Servetler Bakan\u0131 S\u00fcleyman Abbas Cezayir\u2019in \u015eam B\u00fcy\u00fckel\u00e7isi Salih Bo\u015fa ile iki \u00fclke aras\u0131ndaki i\u015fbirli\u011fi ve ortak \u00e7al\u0131\u015fmalar\u0131 petrol sekt\u00f6r\u00fcnde etkinle\u015ftirme olanaklar\u0131n\u0131 masaya yat\u0131rd\u0131.<\/p>\n<p>G\u00f6r\u00fc\u015fmede Cezayirli uzman \u015firketleri Suriye&#8217;de petrol ve do\u011falgaz alanlar\u0131nda yat\u0131r\u0131mlarda bulunmaya \u00e7a\u011f\u0131ran Bakan Abbas; iki karde\u015f \u00fclke aras\u0131ndaki ekonomik i\u015fbirli\u011fini art\u0131rman\u0131n \u00f6nemine dikkat \u00e7ekti.<\/p>\n<p>Cezayir B\u00fcy\u00fckel\u00e7isi \u00fclkesinin ve Cezayirli \u015firketlerin Suriye&#8217;de yat\u0131r\u0131mlar\u0131n\u0131 peki\u015ftirme arzular\u0131n\u0131 ifade ederken yeni alanlarda ve sekt\u00f6rlerde bir dizi ortak yat\u0131r\u0131m\u0131n olabilece\u011fini belirtti.<\/p>\n<p>A.A.<\/p>\n","protected":false},"excerpt":{"rendered":"<p>\u015eAM \u2013 Petrol ve Madeni Servetler Bakan\u0131 S\u00fcleyman Abbas Cezayir\u2019in \u015eam B\u00fcy\u00fckel\u00e7isi Salih Bo\u015fa ile iki \u00fclke aras\u0131ndaki i\u015fbirli\u011fi ve ortak \u00e7al\u0131\u015fmalar\u0131 petrol sekt\u00f6r\u00fcnde etkinle\u015ftirme olanaklar\u0131n\u0131 masaya yat\u0131rd\u0131. G\u00f6r\u00fc\u015fmede Cezayirli uzman \u015firketleri Suriye&#8217;de petrol ve do\u011falgaz alanlar\u0131nda yat\u0131r\u0131mlarda bulunmaya \u00e7a\u011f\u0131ran Bakan Abbas; iki karde\u015f \u00fclke aras\u0131ndaki ekonomik i\u015fbirli\u011fini art\u0131rman\u0131n \u00f6nemine dikkat \u00e7ekti. Cezayir B\u00fcy\u00fckel\u00e7isi \u00fclkesinin &hellip;<\/p>\n","protected":false},"author":1,"featured_media":42682,"comment_status":"closed","ping_status":"closed","sticky":false,"template":"","format":"standard","meta":{"footnotes":""},"categories":[485,486],"tags":[],"class_list":["post-42673","post","type-post","status-publish","format-standard","has-post-thumbnail","","category-is-ve-sermaye","category-haberler-is-ve-sermaye"],"_links":{"self":[{"href":"https:\/\/archive.sana.sy\/tr\/index.php?rest_route=\/wp\/v2\/posts\/42673","targetHints":{"allow":["GET"]}}],"collection":[{"href":"https:\/\/archive.sana.sy\/tr\/index.php?rest_route=\/wp\/v2\/posts"}],"about":[{"href":"https:\/\/archive.sana.sy\/tr\/index.php?rest_route=\/wp\/v2\/types\/post"}],"author":[{"embeddable":true,"href":"https:\/\/archive.sana.sy\/tr\/index.php?rest_route=\/wp\/v2\/users\/1"}],"replies":[{"embeddable":true,"href":"https:\/\/archive.sana.sy\/tr\/index.php?rest_route=%2Fwp%2Fv2%2Fcomments&post=42673"}],"version-history":[{"count":0,"href":"https:\/\/archive.sana.sy\/tr\/index.php?rest_route=\/wp\/v2\/posts\/42673\/revisions"}],"wp:featuredmedia":[{"embeddable":true,"href":"https:\/\/archive.sana.sy\/tr\/index.php?rest_route=\/wp\/v2\/media\/42682"}],"wp:attachment":[{"href":"https:\/\/archive.sana.sy\/tr\/index.php?rest_route=%2Fwp%2Fv2%2Fmedia&parent=42673"}],"wp:term":[{"taxonomy":"category","embeddable":true,"href":"https:\/\/archive.sana.sy\/tr\/index.php?rest_route=%2Fwp%2Fv2%2Fcategories&post=42673"},{"taxonomy":"post_tag","embeddable":true,"href":"https:\/\/archive.sana.sy\/tr\/index.php?rest_route=%2Fwp%2Fv2%2Ftags&post=42673"}],"curies":[{"name":"wp","href":"https:\/\/api.w.org\/{rel}","templated":true}]}}