{"id":42706,"date":"2015-08-03T15:17:00","date_gmt":"2015-08-03T12:17:00","guid":{"rendered":"http:\/\/www.sana.sy\/tr\/?p=42706"},"modified":"2015-08-03T15:36:49","modified_gmt":"2015-08-03T12:36:49","slug":"guvenlik-konseyini-genisletmek-etkinligini-arttirmayacak","status":"publish","type":"post","link":"https:\/\/archive.sana.sy\/tr\/?p=42706","title":{"rendered":"G\u00fcvenlik Konseyini Geni\u015fletmek Etkinli\u011fini Artt\u0131rmayacak"},"content":{"rendered":"<p>NEW YORK \u2013 Rusya&#8217;n\u0131n Birle\u015fmi\u015f Milletlerdeki Daimi Temsilcisi Vitaly Churkin; Uluslararas\u0131 G\u00fcvenlik Konseyini geni\u015fletmenin, bu konseyin etkinli\u011fini artt\u0131rmayaca\u011f\u0131n\u0131 ifade etti.<\/p>\n<p>Rus Tass Haber Ajans\u0131na yapt\u0131\u011f\u0131 a\u00e7\u0131klamada Churkin G\u00fcvenlik Konseyinin onar\u0131m\u0131 konusundaki yorumunda; bu meselenin gereklili\u011fine dikkat \u00e7ekti. Churkin fakat konseydeki \u00fcye say\u0131s\u0131n\u0131 \u00e7o\u011faltman\u0131n onun etkinli\u011fini artt\u0131raca\u011f\u0131 anlam\u0131na gelmedi\u011fini s\u00f6yledi.<\/p>\n<p>Konseydeki \u00e7al\u0131\u015fmalar\u0131nda uzun deneyimine i\u015faret eden Churkin; \u015fu an konseyde 15 \u00fcyenin bulunmas\u0131yla baz\u0131 zamanlarda zor uzla\u015fma sa\u011fland\u0131\u011f\u0131na dikkat \u00e7ekerek, bunun 25 olmas\u0131 halinde uzla\u015fman\u0131n daha zor olaca\u011f\u0131n\u0131 s\u00f6yledi.<\/p>\n<p>A.A.<\/p>\n","protected":false},"excerpt":{"rendered":"<p>NEW YORK \u2013 Rusya&#8217;n\u0131n Birle\u015fmi\u015f Milletlerdeki Daimi Temsilcisi Vitaly Churkin; Uluslararas\u0131 G\u00fcvenlik Konseyini geni\u015fletmenin, bu konseyin etkinli\u011fini artt\u0131rmayaca\u011f\u0131n\u0131 ifade etti. Rus Tass Haber Ajans\u0131na yapt\u0131\u011f\u0131 a\u00e7\u0131klamada Churkin G\u00fcvenlik Konseyinin onar\u0131m\u0131 konusundaki yorumunda; bu meselenin gereklili\u011fine dikkat \u00e7ekti. Churkin fakat konseydeki \u00fcye say\u0131s\u0131n\u0131 \u00e7o\u011faltman\u0131n onun etkinli\u011fini artt\u0131raca\u011f\u0131 anlam\u0131na gelmedi\u011fini s\u00f6yledi. Konseydeki \u00e7al\u0131\u015fmalar\u0131nda uzun deneyimine i\u015faret eden &hellip;<\/p>\n","protected":false},"author":1,"featured_media":22350,"comment_status":"closed","ping_status":"closed","sticky":false,"template":"","format":"standard","meta":{"footnotes":""},"categories":[458,459,447],"tags":[],"class_list":["post-42706","post","type-post","status-publish","format-standard","has-post-thumbnail","","category-dunya1","category-haberler-arap-uluslararasi-politika","category-politika"],"_links":{"self":[{"href":"https:\/\/archive.sana.sy\/tr\/index.php?rest_route=\/wp\/v2\/posts\/42706","targetHints":{"allow":["GET"]}}],"collection":[{"href":"https:\/\/archive.sana.sy\/tr\/index.php?rest_route=\/wp\/v2\/posts"}],"about":[{"href":"https:\/\/archive.sana.sy\/tr\/index.php?rest_route=\/wp\/v2\/types\/post"}],"author":[{"embeddable":true,"href":"https:\/\/archive.sana.sy\/tr\/index.php?rest_route=\/wp\/v2\/users\/1"}],"replies":[{"embeddable":true,"href":"https:\/\/archive.sana.sy\/tr\/index.php?rest_route=%2Fwp%2Fv2%2Fcomments&post=42706"}],"version-history":[{"count":0,"href":"https:\/\/archive.sana.sy\/tr\/index.php?rest_route=\/wp\/v2\/posts\/42706\/revisions"}],"wp:featuredmedia":[{"embeddable":true,"href":"https:\/\/archive.sana.sy\/tr\/index.php?rest_route=\/wp\/v2\/media\/22350"}],"wp:attachment":[{"href":"https:\/\/archive.sana.sy\/tr\/index.php?rest_route=%2Fwp%2Fv2%2Fmedia&parent=42706"}],"wp:term":[{"taxonomy":"category","embeddable":true,"href":"https:\/\/archive.sana.sy\/tr\/index.php?rest_route=%2Fwp%2Fv2%2Fcategories&post=42706"},{"taxonomy":"post_tag","embeddable":true,"href":"https:\/\/archive.sana.sy\/tr\/index.php?rest_route=%2Fwp%2Fv2%2Ftags&post=42706"}],"curies":[{"name":"wp","href":"https:\/\/api.w.org\/{rel}","templated":true}]}}