{"id":42717,"date":"2015-08-03T16:06:50","date_gmt":"2015-08-03T13:06:50","guid":{"rendered":"http:\/\/sana.sy\/tr\/?p=42717"},"modified":"2015-08-03T16:06:50","modified_gmt":"2015-08-03T13:06:50","slug":"hasekede-teror-magdurlarina-ev-ve-mutfak-gerecleri-dagitiliyor","status":"publish","type":"post","link":"https:\/\/archive.sana.sy\/tr\/?p=42717","title":{"rendered":"Haseke\u2019de Ter\u00f6r Ma\u011fdurlar\u0131na Ev ve Mutfak Gere\u00e7leri Da\u011f\u0131t\u0131l\u0131yor"},"content":{"rendered":"<p>HASEKE \u2013 Haseke Kentinde Sosyal \u0130\u015fler \u0130l M\u00fcd\u00fcrl\u00fc\u011f\u00fc bug\u00fcn BM M\u00fclteciler Komiserli\u011fi ile i\u015fbirli\u011fi i\u00e7inde kentin g\u00fcney semtlerinde ter\u00f6r eylemlerinden ka\u00e7an ter\u00f6r ma\u011fdurlar\u0131na g\u0131da i\u00e7ermeyen muhtelif t\u00fcr ihtiya\u00e7 paketleri da\u011f\u0131tmaya ba\u015flad\u0131.<\/p>\n<p>Haseke \u0130l Sosyal \u0130\u015fler M\u00fcd\u00fcr\u00fc \u0130sam el H\u00fcseyin SANA muhabirine a\u00e7\u0131klamas\u0131nda; ge\u00e7ici ikamet merkezlerinde bulunan ter\u00f6r ma\u011fdurlar\u0131na da\u011f\u0131t\u0131lan yard\u0131m paketlerinde mutfak gere\u00e7leri, has\u0131r, battaniye, , \u00e7ar\u015faf, hal\u0131 ve benzeri ev gere\u00e7leri i\u00e7erdi\u011fini s\u00f6yledi. H\u00fcseyin bu yard\u0131mlar\u0131n 43 merkezde ikamet eden 877 aileye da\u011f\u0131t\u0131ld\u0131\u011f\u0131n\u0131 ifade etti.<\/p>\n<p>A.A. &#8211; M.M.<\/p>\n","protected":false},"excerpt":{"rendered":"<p>HASEKE \u2013 Haseke Kentinde Sosyal \u0130\u015fler \u0130l M\u00fcd\u00fcrl\u00fc\u011f\u00fc bug\u00fcn BM M\u00fclteciler Komiserli\u011fi ile i\u015fbirli\u011fi i\u00e7inde kentin g\u00fcney semtlerinde ter\u00f6r eylemlerinden ka\u00e7an ter\u00f6r ma\u011fdurlar\u0131na g\u0131da i\u00e7ermeyen muhtelif t\u00fcr ihtiya\u00e7 paketleri da\u011f\u0131tmaya ba\u015flad\u0131. Haseke \u0130l Sosyal \u0130\u015fler M\u00fcd\u00fcr\u00fc \u0130sam el H\u00fcseyin SANA muhabirine a\u00e7\u0131klamas\u0131nda; ge\u00e7ici ikamet merkezlerinde bulunan ter\u00f6r ma\u011fdurlar\u0131na da\u011f\u0131t\u0131lan yard\u0131m paketlerinde mutfak gere\u00e7leri, has\u0131r, battaniye, &hellip;<\/p>\n","protected":false},"author":1,"featured_media":42719,"comment_status":"closed","ping_status":"closed","sticky":false,"template":"","format":"standard","meta":{"footnotes":""},"categories":[479,478],"tags":[16119],"class_list":["post-42717","post","type-post","status-publish","format-standard","has-post-thumbnail","","category-haberler-yerel","category-yerel","tag-hasekede-teror-magdurlarina-ev-ve-mutfak-gerecleri-dagitiliyor"],"_links":{"self":[{"href":"https:\/\/archive.sana.sy\/tr\/index.php?rest_route=\/wp\/v2\/posts\/42717","targetHints":{"allow":["GET"]}}],"collection":[{"href":"https:\/\/archive.sana.sy\/tr\/index.php?rest_route=\/wp\/v2\/posts"}],"about":[{"href":"https:\/\/archive.sana.sy\/tr\/index.php?rest_route=\/wp\/v2\/types\/post"}],"author":[{"embeddable":true,"href":"https:\/\/archive.sana.sy\/tr\/index.php?rest_route=\/wp\/v2\/users\/1"}],"replies":[{"embeddable":true,"href":"https:\/\/archive.sana.sy\/tr\/index.php?rest_route=%2Fwp%2Fv2%2Fcomments&post=42717"}],"version-history":[{"count":0,"href":"https:\/\/archive.sana.sy\/tr\/index.php?rest_route=\/wp\/v2\/posts\/42717\/revisions"}],"wp:featuredmedia":[{"embeddable":true,"href":"https:\/\/archive.sana.sy\/tr\/index.php?rest_route=\/wp\/v2\/media\/42719"}],"wp:attachment":[{"href":"https:\/\/archive.sana.sy\/tr\/index.php?rest_route=%2Fwp%2Fv2%2Fmedia&parent=42717"}],"wp:term":[{"taxonomy":"category","embeddable":true,"href":"https:\/\/archive.sana.sy\/tr\/index.php?rest_route=%2Fwp%2Fv2%2Fcategories&post=42717"},{"taxonomy":"post_tag","embeddable":true,"href":"https:\/\/archive.sana.sy\/tr\/index.php?rest_route=%2Fwp%2Fv2%2Ftags&post=42717"}],"curies":[{"name":"wp","href":"https:\/\/api.w.org\/{rel}","templated":true}]}}