{"id":42740,"date":"2015-08-03T16:41:41","date_gmt":"2015-08-03T13:41:41","guid":{"rendered":"http:\/\/www.sana.sy\/tr\/?p=42740"},"modified":"2015-08-03T16:41:41","modified_gmt":"2015-08-03T13:41:41","slug":"sanaya-aciklamasinda-askeri-kaynak-ordu-birliklerimizin-hama-kirsalinin-kefar-zeyta-tel-zecram-klaydin-kastun-ankevi-ve-el-hamidiye-bolgelerinde-tekfirci-ve-vatan-hainlerinin-karargah-ce","status":"publish","type":"post","link":"https:\/\/archive.sana.sy\/tr\/?p=42740","title":{"rendered":"SANA\u2019ya a\u00e7\u0131klamas\u0131nda askeri kaynak ordu birliklerimizin Hama k\u0131rsal\u0131n\u0131n Kefar Zeyta, Tel Zecram, Klaydin, Kastun, Ankevi ve el Hamidiye b\u00f6lgelerinde tekfirci ve vatan hainlerinin karargah, cephane ve ara\u00e7lar\u0131n\u0131 i\u00e7erdikleri ter\u00f6ristlerle birlikte imha ettiklerini aktard\u0131"},"content":{"rendered":"<p>SANA\u2019ya a\u00e7\u0131klamas\u0131nda askeri kaynak ordu birliklerimizin Hama k\u0131rsal\u0131n\u0131n Kefar Zeyta, Tel Zecram, Klaydin, Kastun, Ankevi ve el Hamidiye b\u00f6lgelerinde tekfirci ve vatan hainlerinin karargah, cephane ve ara\u00e7lar\u0131n\u0131 i\u00e7erdikleri ter\u00f6ristlerle birlikte imha ettiklerini aktard\u0131<\/p>\n","protected":false},"excerpt":{"rendered":"<p>SANA\u2019ya a\u00e7\u0131klamas\u0131nda askeri kaynak ordu birliklerimizin Hama k\u0131rsal\u0131n\u0131n Kefar Zeyta, Tel Zecram, Klaydin, Kastun, Ankevi ve el Hamidiye b\u00f6lgelerinde tekfirci ve vatan hainlerinin karargah, cephane ve ara\u00e7lar\u0131n\u0131 i\u00e7erdikleri ter\u00f6ristlerle birlikte imha ettiklerini aktard\u0131<\/p>\n","protected":false},"author":1,"featured_media":0,"comment_status":"closed","ping_status":"closed","sticky":false,"template":"","format":"standard","meta":{"footnotes":""},"categories":[1],"tags":[],"class_list":["post-42740","post","type-post","status-publish","format-standard","","category-news-not-sorted"],"_links":{"self":[{"href":"https:\/\/archive.sana.sy\/tr\/index.php?rest_route=\/wp\/v2\/posts\/42740","targetHints":{"allow":["GET"]}}],"collection":[{"href":"https:\/\/archive.sana.sy\/tr\/index.php?rest_route=\/wp\/v2\/posts"}],"about":[{"href":"https:\/\/archive.sana.sy\/tr\/index.php?rest_route=\/wp\/v2\/types\/post"}],"author":[{"embeddable":true,"href":"https:\/\/archive.sana.sy\/tr\/index.php?rest_route=\/wp\/v2\/users\/1"}],"replies":[{"embeddable":true,"href":"https:\/\/archive.sana.sy\/tr\/index.php?rest_route=%2Fwp%2Fv2%2Fcomments&post=42740"}],"version-history":[{"count":0,"href":"https:\/\/archive.sana.sy\/tr\/index.php?rest_route=\/wp\/v2\/posts\/42740\/revisions"}],"wp:attachment":[{"href":"https:\/\/archive.sana.sy\/tr\/index.php?rest_route=%2Fwp%2Fv2%2Fmedia&parent=42740"}],"wp:term":[{"taxonomy":"category","embeddable":true,"href":"https:\/\/archive.sana.sy\/tr\/index.php?rest_route=%2Fwp%2Fv2%2Fcategories&post=42740"},{"taxonomy":"post_tag","embeddable":true,"href":"https:\/\/archive.sana.sy\/tr\/index.php?rest_route=%2Fwp%2Fv2%2Ftags&post=42740"}],"curies":[{"name":"wp","href":"https:\/\/api.w.org\/{rel}","templated":true}]}}