{"id":4275,"date":"2014-07-01T12:20:05","date_gmt":"2014-07-01T09:20:05","guid":{"rendered":"http:\/\/www.sana.sy\/tr\/?p=4275"},"modified":"2014-07-01T16:22:02","modified_gmt":"2014-07-01T13:22:02","slug":"teror-ve-vahsete-meydan-okumaya-devam-ediyorlar","status":"publish","type":"post","link":"https:\/\/archive.sana.sy\/tr\/?p=4275","title":{"rendered":"Ter\u00f6r ve Vah\u015fete Meydan Okumaya Devam Ediyorlar"},"content":{"rendered":"<p><span style=\"color: #800000\">\u0130LLER \u2013<\/span> Kahraman ordu birliklerimiz \u00fc\u00e7 y\u0131l\u0131 a\u015fk\u0131n bir s\u00fcredir vatan topraklar\u0131na kin, ayr\u0131mc\u0131l\u0131k, ter\u00f6r ve vah\u015fet tohumlar\u0131 ekmeye \u00e7al\u0131\u015fan silahl\u0131 ter\u00f6r gruplar\u0131na kar\u015f\u0131 taviz vermeden s\u00fcrd\u00fcrd\u00fckleri m\u00fccadelelerinde destanlar yazmaya devam ediyorlar. D\u00fcn\u00a0de \u00fclkenin en do\u011fusundan en bat\u0131s\u0131na ve en kuzeyinden en g\u00fcneyine kadar s\u00fcren m\u00fccadelede onlarca ter\u00f6rist \u00f6l\u00fc ve yaral\u0131 d\u00fc\u015f\u00fcr\u00fcld\u00fc.<\/p>\n<p><span style=\"color: #0000ff\">Halep ve K\u0131rsal\u0131nda A\u011f\u0131r Kay\u0131plar Verdiler<\/span><\/p>\n<p>Vatan koruyucular\u0131 ordu birliklerimiz Halep ve k\u0131rsal\u0131n\u0131n Hanano, \u015ekeyr, Maarat el Artik, Mellah, Kefar Hamra, Han el Asel, Tel Cbin, Berda, Kfarkar, Marei, Tel Refat, Kastal M\u0131\u015ft, Zebdiye, Kefar el Sa\u011fir, haydariye, \u0130nzarat, Babiyd, Sasiyn, Etarib, Mabudiye, Rheyma, \u015eeyh Sait, Mansura ve \u015earkat el Safra b\u00f6lgelerinde \u00e7okuluslu ter\u00f6r \u00e7etelerini say\u0131 ve te\u00e7hizatlar\u0131yla a\u011f\u0131r kay\u0131plara u\u011fratmaya devam etti.<\/p>\n<p>Askeri bir kaynak operasyonlarda ter\u00f6r \u00e7etelerinin say\u0131 ve te\u00e7hizatlar\u0131yla ciddi ve b\u00fcy\u00fck kay\u0131plar verdiklerini belirtti.<br \/>\nKaynak ordu birliklerimizin Handerat, Hreytan, Deyr Cemmal, Leyramun, Anedan ve Sanayi b\u00f6lgelerinde ter\u00f6ristlere ait bir k\u0131sm\u0131 a\u011f\u0131r makineli silahlarla donat\u0131lm\u0131\u015f olan \u00e7ok say\u0131da arac\u0131 imha ettiklerini aktard\u0131.<\/p>\n<p><span style=\"color: #0000ff\">\u0130dlib K\u0131rsal\u0131nda Operasyonlar S\u00fcr\u00fcyor<\/span><\/p>\n<p>Ordu birliklerimiz \u0130dlib k\u0131rsal\u0131n\u0131n Hac\u0131 Hammud \u00c7iftli\u011fi, Ayn Savda, Dveyr el Ekrad, Kefar Lata, Feylun, Kastun ve Kefar Haya b\u00f6lgelerinde \u00e7okuluslu ter\u00f6r \u00e7etelerinin karargah ve k\u00fcmelenme yerlerini hedef ald\u0131.<\/p>\n<p>Operasyonlarda aralar\u0131nda yabanc\u0131lar\u0131n bulundu\u011fu onlarca ter\u00f6rist ara\u00e7 ve cephaneleriyle birlikte etkisiz hale getirildi.<\/p>\n<p><span style=\"color: #0000ff\">Kunaytra K\u0131rsal\u0131nda Nusrac\u0131lar\u0131n Karargah\u0131 \u0130mha Edildi<\/span><\/p>\n<p>Ordu birliklerimiz Kunaytra k\u0131rsal\u0131nda kevdana okulunun g\u00fcneyinde Nusra Cephesinin bir karargah\u0131n\u0131 muhtevalar\u0131yla imha etti.<\/p>\n<p>Askeri bir kaynak karargahta bulunan az\u0131l\u0131 ter\u00f6ristlerin ara\u00e7 ve cephaneleriyle birlikte etkisiz hale getirildiklerini belirtti.<\/p>\n<p><span style=\"color: #0000ff\">Dera\u2019da S\u0131zma Giri\u015fimleri \u00c7\u00f6kertildi<\/span><\/p>\n<p>Dera ve k\u0131rsal\u0131n\u0131n muhtelif b\u00f6lgelerinde ter\u00f6r \u00e7etelerine kar\u015f\u0131 operasyonlar\u0131n\u0131 s\u00fcrd\u00fcren ordu birliklerimiz Dera Beled B\u00f6lgesinin Men\u015fiye Semtinde g\u00fcvenli b\u00f6lgelere s\u0131zmaya \u00e7al\u0131\u015fan ter\u00f6r \u00e7etelerine kar\u015f\u0131 koydu.\u00a0\u00c7at\u0131\u015fmada aralar\u0131nda yabanc\u0131lar\u0131n bulundu\u011fu \u00e7ok say\u0131da ter\u00f6rist su\u00e7 edatlar\u0131yla birlikte etkisiz hale getirildi.<\/p>\n<p>Dera k\u0131rsal\u0131n\u0131n Etman Beldesinin kuzeyinde bir ter\u00f6r \u00e7etesinin t\u00fcm \u00fcyelerini \u00f6l\u00fc yaral\u0131 ele ge\u00e7iren ordu birliklerimiz, Yaduda \u2013 Etman karayolu ve L\u00fcca B\u00f6lgesinde de bir\u00e7ok ter\u00f6r grubunun t\u00fcm \u00fcyelerini silah ve ara\u00e7lar\u0131yla birlikte etkisiz hale getirdi.<\/p>\n<p>Ordu birliklerimiz Dera Beled\u2019in Becabica Semtinde ter\u00f6ristlerin yuvalanma yerlerini muhtevalar\u0131yla tahrip ederek i\u00e7indeki ter\u00f6ristleri \u00f6l\u00fc yaral\u0131 d\u00fc\u015f\u00fcrd\u00fc.<\/p>\n","protected":false},"excerpt":{"rendered":"<p>\u0130LLER \u2013 Kahraman ordu birliklerimiz \u00fc\u00e7 y\u0131l\u0131 a\u015fk\u0131n bir s\u00fcredir vatan topraklar\u0131na kin, ayr\u0131mc\u0131l\u0131k, ter\u00f6r ve vah\u015fet tohumlar\u0131 ekmeye \u00e7al\u0131\u015fan silahl\u0131 ter\u00f6r gruplar\u0131na kar\u015f\u0131 taviz vermeden s\u00fcrd\u00fcrd\u00fckleri m\u00fccadelelerinde destanlar yazmaya devam ediyorlar. D\u00fcn\u00a0de \u00fclkenin en do\u011fusundan en bat\u0131s\u0131na ve en kuzeyinden en g\u00fcneyine kadar s\u00fcren m\u00fccadelede onlarca ter\u00f6rist \u00f6l\u00fc ve yaral\u0131 d\u00fc\u015f\u00fcr\u00fcld\u00fc. Halep ve K\u0131rsal\u0131nda &hellip;<\/p>\n","protected":false},"author":1,"featured_media":4276,"comment_status":"closed","ping_status":"closed","sticky":false,"template":"","format":"standard","meta":{"footnotes":""},"categories":[575],"tags":[922],"class_list":["post-4275","post","type-post","status-publish","format-standard","has-post-thumbnail","","category-olaylar-ve-gercekler","tag-teror-ve-vahsete-meydan-okumaya-devam-ediyorlar"],"_links":{"self":[{"href":"https:\/\/archive.sana.sy\/tr\/index.php?rest_route=\/wp\/v2\/posts\/4275","targetHints":{"allow":["GET"]}}],"collection":[{"href":"https:\/\/archive.sana.sy\/tr\/index.php?rest_route=\/wp\/v2\/posts"}],"about":[{"href":"https:\/\/archive.sana.sy\/tr\/index.php?rest_route=\/wp\/v2\/types\/post"}],"author":[{"embeddable":true,"href":"https:\/\/archive.sana.sy\/tr\/index.php?rest_route=\/wp\/v2\/users\/1"}],"replies":[{"embeddable":true,"href":"https:\/\/archive.sana.sy\/tr\/index.php?rest_route=%2Fwp%2Fv2%2Fcomments&post=4275"}],"version-history":[{"count":0,"href":"https:\/\/archive.sana.sy\/tr\/index.php?rest_route=\/wp\/v2\/posts\/4275\/revisions"}],"wp:featuredmedia":[{"embeddable":true,"href":"https:\/\/archive.sana.sy\/tr\/index.php?rest_route=\/wp\/v2\/media\/4276"}],"wp:attachment":[{"href":"https:\/\/archive.sana.sy\/tr\/index.php?rest_route=%2Fwp%2Fv2%2Fmedia&parent=4275"}],"wp:term":[{"taxonomy":"category","embeddable":true,"href":"https:\/\/archive.sana.sy\/tr\/index.php?rest_route=%2Fwp%2Fv2%2Fcategories&post=4275"},{"taxonomy":"post_tag","embeddable":true,"href":"https:\/\/archive.sana.sy\/tr\/index.php?rest_route=%2Fwp%2Fv2%2Ftags&post=4275"}],"curies":[{"name":"wp","href":"https:\/\/api.w.org\/{rel}","templated":true}]}}