{"id":4282,"date":"2014-06-30T15:04:34","date_gmt":"2014-06-30T12:04:34","guid":{"rendered":"http:\/\/www.sana.sy\/tr\/?p=4282"},"modified":"2014-06-30T15:04:34","modified_gmt":"2014-06-30T12:04:34","slug":"israilin-urdune-ikisinin-de-terore-desteklerine-yeni-bir-kanit","status":"publish","type":"post","link":"https:\/\/archive.sana.sy\/tr\/?p=4282","title":{"rendered":"\u0130srail&#8217;in \u00dcrd\u00fcn\u2019e, \u0130kisinin de Ter\u00f6re Desteklerine Yeni Bir Kan\u0131t"},"content":{"rendered":"<p>KUD\u00dcS \u2013 \u0130srail Ba\u015fbakan\u0131 Benjamin Netanyahu \u2018Siyonist Milli G\u00fcvenlik Ara\u015ft\u0131rma Merkezi\u2019inde yapt\u0131\u011f\u0131 konu\u015fmada; \u0130srail&#8217;in, \u2018Uluslar aras\u0131 toplumun \u00dcrd\u00fcn\u2019de istikrar\u0131n sa\u011flanmas\u0131n\u0131 peki\u015ftirme \u00e7abalar\u0131n\u0131 desteklemesi gerekti\u011fini\u2019 belirtti.<\/p>\n<p>\u00dcrd\u00fcn\u2019\u00fcn uluslar aras\u0131 deste\u011fi hakketti\u011fini belirten Netanyahu, \u00dcrd\u00fcn\u2019\u00fcn desteklenmesinin \u0130srail&#8217;in \u00e7\u0131karlar\u0131na hizmet etti\u011fini ifade etti.<\/p>\n<p>Suriye&#8217;de her t\u00fcrl\u00fc vah\u015feti i\u015fleyen tekfirci, kiral\u0131k ve hain ter\u00f6r \u00e7etelerine askeri ve lojistik her t\u00fcrl\u00fc deste\u011fi sa\u011flayan siyonist \u0130srail ve \u00dcrd\u00fcn\u2019deki krall\u0131k rejimi aras\u0131ndaki ili\u015fkilerin yan\u0131 s\u0131ra ikisinin de ter\u00f6re desteklerinin yeni bir kan\u0131t\u0131 olarak Netanyahu; \u00dcrd\u00fcn ile \u0130srail aras\u0131nda ortak \u00e7\u0131karlar\u0131n bulundu\u011funu belirtti.<\/p>\n<p>Netanyahu \u2018Irak ve \u015eam \u0130slami Devleti\u2019 adl\u0131 radikal ter\u00f6r olu\u015fumunun yak\u0131n bir s\u00fcre i\u00e7inde \u00dcrd\u00fcn topraklar\u0131nda yay\u0131lma tehlikesine kar\u015f\u0131 uyar\u0131da bulunurken, uluslar aras\u0131 toplum ile i\u015fbirli\u011fi i\u00e7inde bunun \u00f6n\u00fcne ge\u00e7ilmesi gerekti\u011fini s\u00f6yledi.<\/p>\n<p>Bilinece\u011fi \u00fczere Kaide \u00d6rg\u00fct\u00fc ve bir kolu olan \u2018Irak ve \u015eam \u0130slami Devleti\u2019 adl\u0131 tekfirci ter\u00f6r \u00f6rg\u00fctlerinin bariz eleba\u015flar\u0131n\u0131n geneli \u00dcrd\u00fcn vatanda\u015flar\u0131ndan say\u0131l\u0131rken, tekfirci selefiler \u00dcrd\u00fcn\u2019\u00fcn bir\u00e7ok b\u00f6lgesinde geni\u015f bir \u015fekilde yay\u0131lm\u0131\u015f durumdad\u0131r. Ayn\u0131 zamanda \u00dcrd\u00fcn\u2019de bulunan Selefilerin bizzat kendileri Suriye&#8217;de radikal tekfircilerin saflar\u0131nda eylemlere kat\u0131lan y\u00fczlerce \u2018cihat\u00e7\u0131lar\u0131n\u0131n\u2019 bulundu\u011funu bir\u00e7ok kez ikrar ettiler.<\/p>\n","protected":false},"excerpt":{"rendered":"<p>KUD\u00dcS \u2013 \u0130srail Ba\u015fbakan\u0131 Benjamin Netanyahu \u2018Siyonist Milli G\u00fcvenlik Ara\u015ft\u0131rma Merkezi\u2019inde yapt\u0131\u011f\u0131 konu\u015fmada; \u0130srail&#8217;in, \u2018Uluslar aras\u0131 toplumun \u00dcrd\u00fcn\u2019de istikrar\u0131n sa\u011flanmas\u0131n\u0131 peki\u015ftirme \u00e7abalar\u0131n\u0131 desteklemesi gerekti\u011fini\u2019 belirtti. \u00dcrd\u00fcn\u2019\u00fcn uluslar aras\u0131 deste\u011fi hakketti\u011fini belirten Netanyahu, \u00dcrd\u00fcn\u2019\u00fcn desteklenmesinin \u0130srail&#8217;in \u00e7\u0131karlar\u0131na hizmet etti\u011fini ifade etti. Suriye&#8217;de her t\u00fcrl\u00fc vah\u015feti i\u015fleyen tekfirci, kiral\u0131k ve hain ter\u00f6r \u00e7etelerine askeri ve lojistik her &hellip;<\/p>\n","protected":false},"author":1,"featured_media":4283,"comment_status":"closed","ping_status":"closed","sticky":false,"template":"","format":"standard","meta":{"footnotes":""},"categories":[458,459,447],"tags":[924,923],"class_list":["post-4282","post","type-post","status-publish","format-standard","has-post-thumbnail","","category-dunya1","category-haberler-arap-uluslararasi-politika","category-politika","tag-ikisinin-de-terore-desteklerine-yeni-bir-kanit","tag-israilin-urdune"],"_links":{"self":[{"href":"https:\/\/archive.sana.sy\/tr\/index.php?rest_route=\/wp\/v2\/posts\/4282","targetHints":{"allow":["GET"]}}],"collection":[{"href":"https:\/\/archive.sana.sy\/tr\/index.php?rest_route=\/wp\/v2\/posts"}],"about":[{"href":"https:\/\/archive.sana.sy\/tr\/index.php?rest_route=\/wp\/v2\/types\/post"}],"author":[{"embeddable":true,"href":"https:\/\/archive.sana.sy\/tr\/index.php?rest_route=\/wp\/v2\/users\/1"}],"replies":[{"embeddable":true,"href":"https:\/\/archive.sana.sy\/tr\/index.php?rest_route=%2Fwp%2Fv2%2Fcomments&post=4282"}],"version-history":[{"count":0,"href":"https:\/\/archive.sana.sy\/tr\/index.php?rest_route=\/wp\/v2\/posts\/4282\/revisions"}],"wp:featuredmedia":[{"embeddable":true,"href":"https:\/\/archive.sana.sy\/tr\/index.php?rest_route=\/wp\/v2\/media\/4283"}],"wp:attachment":[{"href":"https:\/\/archive.sana.sy\/tr\/index.php?rest_route=%2Fwp%2Fv2%2Fmedia&parent=4282"}],"wp:term":[{"taxonomy":"category","embeddable":true,"href":"https:\/\/archive.sana.sy\/tr\/index.php?rest_route=%2Fwp%2Fv2%2Fcategories&post=4282"},{"taxonomy":"post_tag","embeddable":true,"href":"https:\/\/archive.sana.sy\/tr\/index.php?rest_route=%2Fwp%2Fv2%2Ftags&post=4282"}],"curies":[{"name":"wp","href":"https:\/\/api.w.org\/{rel}","templated":true}]}}