{"id":42822,"date":"2015-08-04T13:51:37","date_gmt":"2015-08-04T10:51:37","guid":{"rendered":"http:\/\/www.sana.sy\/tr\/?p=42822"},"modified":"2015-08-04T13:53:35","modified_gmt":"2015-08-04T10:53:35","slug":"isid-enbar-ilinde-1500-okulu-sabote-etti","status":"publish","type":"post","link":"https:\/\/archive.sana.sy\/tr\/?p=42822","title":{"rendered":"I\u015e\u0130D Enbar \u0130linde 1500 Okulu Sabote Etti"},"content":{"rendered":"<p>BA\u011eDAT \u2013 Enbar Kenti Valili\u011fi I\u015e\u0130D\u2019in Irak\u2019\u0131n en b\u00fcy\u00fck ili say\u0131lan Enbar\u2019da 1500 okulu c\u00fczi yada tam olarak y\u0131kt\u0131\u011f\u0131n\u0131 ilan etti.<\/p>\n<p>Enbar \u0130l Meclisinin resmi s\u00f6zc\u00fcs\u00fc \u0130yd Amma\u015f; I\u015e\u0130D\u2019in sabete etti\u011fi okullar\u0131n b\u00fcy\u00fck \u00e7o\u011funlu\u011funun direk ve kas\u0131tl\u0131 olarak sabote edildi\u011fini ifade ederken; geriye kalanlar\u0131n ise ter\u00f6r \u00f6rg\u00fct\u00fcn\u00fcn \u00fcs ve karargah olarak kullan\u0131ld\u0131\u011f\u0131n\u0131 belirti.<\/p>\n<p>Amma\u015f bu okullar\u0131 onarmak i\u00e7in olduk\u00e7a b\u00fcy\u00fck mebla\u011flarda paran\u0131n yan\u0131 s\u0131ra uzun bir s\u00fcrenin gerektirdi\u011fine dikkat \u00e7ekti.<\/p>\n<p>A.A.<\/p>\n","protected":false},"excerpt":{"rendered":"<p>BA\u011eDAT \u2013 Enbar Kenti Valili\u011fi I\u015e\u0130D\u2019in Irak\u2019\u0131n en b\u00fcy\u00fck ili say\u0131lan Enbar\u2019da 1500 okulu c\u00fczi yada tam olarak y\u0131kt\u0131\u011f\u0131n\u0131 ilan etti. Enbar \u0130l Meclisinin resmi s\u00f6zc\u00fcs\u00fc \u0130yd Amma\u015f; I\u015e\u0130D\u2019in sabete etti\u011fi okullar\u0131n b\u00fcy\u00fck \u00e7o\u011funlu\u011funun direk ve kas\u0131tl\u0131 olarak sabote edildi\u011fini ifade ederken; geriye kalanlar\u0131n ise ter\u00f6r \u00f6rg\u00fct\u00fcn\u00fcn \u00fcs ve karargah olarak kullan\u0131ld\u0131\u011f\u0131n\u0131 belirti. Amma\u015f bu &hellip;<\/p>\n","protected":false},"author":1,"featured_media":42815,"comment_status":"closed","ping_status":"closed","sticky":false,"template":"","format":"standard","meta":{"footnotes":""},"categories":[458,459,447],"tags":[],"class_list":["post-42822","post","type-post","status-publish","format-standard","has-post-thumbnail","","category-dunya1","category-haberler-arap-uluslararasi-politika","category-politika"],"_links":{"self":[{"href":"https:\/\/archive.sana.sy\/tr\/index.php?rest_route=\/wp\/v2\/posts\/42822","targetHints":{"allow":["GET"]}}],"collection":[{"href":"https:\/\/archive.sana.sy\/tr\/index.php?rest_route=\/wp\/v2\/posts"}],"about":[{"href":"https:\/\/archive.sana.sy\/tr\/index.php?rest_route=\/wp\/v2\/types\/post"}],"author":[{"embeddable":true,"href":"https:\/\/archive.sana.sy\/tr\/index.php?rest_route=\/wp\/v2\/users\/1"}],"replies":[{"embeddable":true,"href":"https:\/\/archive.sana.sy\/tr\/index.php?rest_route=%2Fwp%2Fv2%2Fcomments&post=42822"}],"version-history":[{"count":0,"href":"https:\/\/archive.sana.sy\/tr\/index.php?rest_route=\/wp\/v2\/posts\/42822\/revisions"}],"wp:featuredmedia":[{"embeddable":true,"href":"https:\/\/archive.sana.sy\/tr\/index.php?rest_route=\/wp\/v2\/media\/42815"}],"wp:attachment":[{"href":"https:\/\/archive.sana.sy\/tr\/index.php?rest_route=%2Fwp%2Fv2%2Fmedia&parent=42822"}],"wp:term":[{"taxonomy":"category","embeddable":true,"href":"https:\/\/archive.sana.sy\/tr\/index.php?rest_route=%2Fwp%2Fv2%2Fcategories&post=42822"},{"taxonomy":"post_tag","embeddable":true,"href":"https:\/\/archive.sana.sy\/tr\/index.php?rest_route=%2Fwp%2Fv2%2Ftags&post=42822"}],"curies":[{"name":"wp","href":"https:\/\/api.w.org\/{rel}","templated":true}]}}