{"id":42828,"date":"2015-08-04T20:10:49","date_gmt":"2015-08-04T17:10:49","guid":{"rendered":"http:\/\/sana.sy\/tr\/?p=42828"},"modified":"2015-08-05T15:31:51","modified_gmt":"2015-08-05T12:31:51","slug":"vatan-koruyucularimiz-teror-cetelerine-karsi-amansiz-operasyonlarini-surduruyor","status":"publish","type":"post","link":"https:\/\/archive.sana.sy\/tr\/?p=42828","title":{"rendered":"Vatan Koruyucular\u0131m\u0131z Ter\u00f6r \u00c7etelerine Kar\u015f\u0131 Amans\u0131z Operasyonlar\u0131n\u0131 S\u00fcrd\u00fcr\u00fcyor"},"content":{"rendered":"<p>\u0130LLER \u2013 Vatan koruyucular\u0131 ordu birliklerimiz tekfirci ve hain ter\u00f6r \u00e7etelerine kar\u015f\u0131 amans\u0131z operasyonlar\u0131n\u0131 s\u00fcrd\u00fcr\u00fcrken, bir\u00e7ok b\u00f6lgede cephane ve karargahlar\u0131na ilaveten a\u011f\u0131r makineli silahlarla donat\u0131lm\u0131\u015f ara\u00e7lar\u0131n\u0131 imha etti.<\/p>\n<p><span style=\"color: #0000ff\">DERA :<\/span><\/p>\n<p>Askeri kaynak; ordu birliklerimizin Dera Mahatta\u2019da Nusra Cephesi ve di\u011fer \u00f6rg\u00fctlerin karargahlar\u0131n\u0131 hedef alarak \u00e7ok say\u0131da ter\u00f6risti \u00f6l\u00fc ve yaral\u0131 d\u00fc\u015f\u00fcr\u00fcp bir yuvay\u0131 muhtevalar\u0131yla imha ettiklerini ifade etti.<\/p>\n<p>Kaynak; Dera Kentinin 32 km do\u011fusuna yak\u0131n M\u00e2raba Beldesinde de ordu birliklerimizin y\u00fcksek say\u0131da ter\u00f6risti \u00f6ld\u00fcr\u00fcrken havzalar\u0131nda bulunan silah ve m\u00fchimmat\u0131 imha ettiklerini s\u00f6yledi.<\/p>\n<p>G\u00fcn\u00fcn ilerleyen saatlerinde a\u00e7\u0131klama yapan bir kaynak; ordu birliklerimizin Dera k\u0131rsal\u0131 Etman Beldesinin bat\u0131s\u0131 ve Busra el \u015eam Kasabas\u0131nda bir\u00e7ok ter\u00f6risti \u00f6ld\u00fcrd\u00fcklerini aktard\u0131.<\/p>\n<p><span style=\"color: #0000ff\">S\u00dcVEYDA :<\/span><\/p>\n<p>\u00d6te yandan askeri kaynak; S\u00fcveyda k\u0131rsal\u0131 Ayn H\u00fcseyin Tepesinde ter\u00f6r \u00f6rg\u00fctlerin yuva ve hareketlenmelerini hedef alan ordu birliklerimizin \u00e7ok say\u0131da ter\u00f6risti \u00f6l\u00fc ve yaral\u0131 d\u00fc\u015f\u00fcr\u00fcp muhtelif t\u00fcr silahlar\u0131 ve cephanelerini imha ettiklerini aktard\u0131.<\/p>\n<p><span style=\"color: #0000ff\">HOMS :<\/span><\/p>\n<p>Askeri kaynak; ordu birliklerimiz Homs k\u0131rsal\u0131n\u0131n do\u011fusu Tedmur Kenti k\u0131rsal\u0131na d\u00fc\u015fen Temasil K\u00f6y\u00fcnde I\u015e\u0130D\u2019e ait bir havan rampas\u0131n\u0131 imha ederek t\u00fcm ekibini \u00f6ld\u00fcrd\u00fcklerini belirtti.<\/p>\n<p>Homs k\u0131rsal\u0131n\u0131n do\u011fusu Tedmur \u00dc\u00e7geni B\u00f6lgesinde de ordu birliklerimizin I\u015e\u0130D\u2019in toplanma yerleri ve karargahlar\u0131na y\u00f6nelik operasyonlar\u0131n\u0131 s\u00fcrd\u00fcrd\u00fcklerini s\u00f6yleyen kaynak; burada da \u00e7ok say\u0131da ter\u00f6risti \u00f6l\u00fc ve yaral\u0131 d\u00fc\u015f\u00fcrd\u00fcklerine dikkat \u00e7ekti.<\/p>\n<p><span style=\"color: #0000ff\">LAZK\u0130YE :<\/span><\/p>\n<p>SANA\u2019ya a\u00e7\u0131klama yapan askeri kaynak ordu birliklerimiz ve hava g\u00fc\u00e7lerimizin Lazkiye k\u0131rsal\u0131n\u0131n kuzeyi Marj Huha K\u00f6y\u00fcnde T\u00fcrkiye&#8217;deki rejimin destekledi\u011fi ter\u00f6ristlere ait bir f\u00fcze cephaneli\u011fi ve a\u011f\u0131r silahla donat\u0131lm\u0131\u015f bir arac\u0131 imha ettiklerini belirtti.<\/p>\n<p>Kaynak operasyonlarda aralar\u0131nda Tacikistanl\u0131 \u2018Ebu Osman\u2019 kod ad\u0131yla bilenen bir ter\u00f6r eleba\u015f\u0131n\u0131n bulundu\u011fu 7 ter\u00f6ristin \u00f6l\u00fc, 15 ter\u00f6ristin de yaral\u0131 d\u00fc\u015f\u00fcr\u00fcld\u00fc\u011f\u00fcn\u00fc aktard\u0131.<\/p>\n<p><span style=\"color: #0000ff\">\u015eAM KIRSALI :<\/span><\/p>\n<p>\u015eam k\u0131rsal\u0131n\u0131n bat\u0131s\u0131 Zebadani Kentinde L\u00fcbnan direni\u015f g\u00fc\u00e7leriyle i\u015fbirli\u011fi i\u00e7inde ter\u00f6ristleri bertaraf etmeye devam eden ordu birliklerimiz kentteki Ebu Ay\u015fe Villar\u0131 binalar\u0131nda bir\u00e7ok bina blo\u011funu tekfirci ve hainlerden temizleyip kontrol\u00fc ellerine ge\u00e7irdi.<\/p>\n<p>G\u00fcn\u00fcn ilerleyen saatlerinde a\u00e7\u0131klama yapan askeri kaynaklar; ordu birliklerimizin \u015eam k\u0131rsal\u0131nda Erbin Beldesine yak\u0131n d\u00fc\u015fen Zemalka Beldesinin do\u011fusunda \u2018\u0130slam Ordusu\u2019ndan 15\u2019ten fazla ter\u00f6risti \u00f6ld\u00fcr\u00fcp en az 10 ter\u00f6risti yaralad\u0131klar\u0131n\u0131 belirtti.<\/p>\n<p>Duma Kentinin g\u00fcney giri\u015finde ter\u00f6ristlerin siper ve hareketlenmelerini hedef alan ordu birliklerimizin 5 ter\u00f6risti \u00f6ld\u00fcrd\u00fcklerini aktaran kaynaklar; 3 Pikap arac\u0131n\u0131 muhtevalar\u0131yla birlikte imha ettiklerini s\u00f6zlerine ekledi.<\/p>\n<p>Kaynaklar; Do\u011fu \u011euta\u2019da da ordu birliklerimizin \u2018\u0130slam Ordusu\u2019na tabi bir silah deposu ve bir kamyonu imha ederken tehlikeli ter\u00f6ristleri \u00f6ld\u00fcrmelerine e\u015f zamanl\u0131 olarak Do\u011fu \u011euta\u2019n\u0131n g\u00fcney kenar\u0131na d\u00fc\u015fen Deyr el Asafir K\u00f6y\u00fc \u00c7iftliklerinde 4 ter\u00f6risti silahlar\u0131yla birlikte etkisizle\u015ftirdiklerini s\u00f6yledi.<\/p>\n<p>Ordu birliklerimizin Herasta Kasabas\u0131n\u0131n Zehra Semtinde ter\u00f6ristlere ait bir t\u00fcneli i\u00e7indekilerle imha ettiklerini s\u00f6yleyen kaynaklar; bir\u00e7ok ter\u00f6risti \u00f6l\u00fc ve yaral\u0131 d\u00fc\u015f\u00fcrd\u00fcklerini aktard\u0131.<\/p>\n<p>https:\/\/www.youtube.com\/watch?v=odHEbtyJlIw<\/p>\n<p><span style=\"color: #0000ff\">\u0130DL\u0130B :<\/span><\/p>\n<p>Askeri kaynak hava g\u00fc\u00e7lerimizin \u0130dlib k\u0131rsal\u0131 Ebu Zuhur, Muriyan, Kensafra, Temania ve Habit b\u00f6lgelerinde ter\u00f6ristlerin yuva ve karargahlar\u0131n\u0131 hedef almalar\u0131yla \u00e7ok say\u0131da ter\u00f6risti \u00f6l\u00fc ve yaral\u0131 d\u00fc\u015f\u00fcrd\u00fcklerini s\u00f6yledi.<\/p>\n<p><span style=\"color: #0000ff\">HAMA :<\/span><\/p>\n<p>Askeri kaynak; Hama k\u0131rsal\u0131 Kefar Zeyta, Morik ve Madik Kalesi b\u00f6lgelerinde ise ordu birliklerimizin \u00e7ok say\u0131da ter\u00f6risti \u00f6l\u00fc ve yaral\u0131 d\u00fc\u015f\u00fcrd\u00fcklerini belirtti.<\/p>\n<p style=\"text-align: center\"><strong><span style=\"color: #0000ff\"> HERASTA<\/span><\/strong><\/p>\n<div id='gallery-1' class='gallery galleryid-42828 gallery-columns-2 gallery-size-medium'><figure class='gallery-item'>\n\t\t\t<div class='gallery-icon landscape'>\n\t\t\t\t<a href='https:\/\/archive.sana.sy\/tr\/wp-content\/uploads\/2015\/08\/\u0646\u0641\u0642-\u062d\u0631\u0633\u062a\u0627-4-8-2015.Still001.jpg'><img loading=\"lazy\" decoding=\"async\" width=\"300\" height=\"196\" src=\"https:\/\/archive.sana.sy\/tr\/wp-content\/uploads\/2015\/08\/\u0646\u0641\u0642-\u062d\u0631\u0633\u062a\u0627-4-8-2015.Still001-300x196.jpg\" class=\"attachment-medium size-medium\" alt=\"\" aria-describedby=\"gallery-1-42861\" srcset=\"https:\/\/archive.sana.sy\/tr\/wp-content\/uploads\/2015\/08\/\u0646\u0641\u0642-\u062d\u0631\u0633\u062a\u0627-4-8-2015.Still001-300x196.jpg 300w, https:\/\/archive.sana.sy\/tr\/wp-content\/uploads\/2015\/08\/\u0646\u0641\u0642-\u062d\u0631\u0633\u062a\u0627-4-8-2015.Still001-150x98.jpg 150w, https:\/\/archive.sana.sy\/tr\/wp-content\/uploads\/2015\/08\/\u0646\u0641\u0642-\u062d\u0631\u0633\u062a\u0627-4-8-2015.Still001.jpg 672w\" sizes=\"auto, (max-width: 300px) 100vw, 300px\" \/><\/a>\n\t\t\t<\/div>\n\t\t\t\t<figcaption class='wp-caption-text gallery-caption' id='gallery-1-42861'>\n\t\t\t\t1\n\t\t\t\t<\/figcaption><\/figure><figure class='gallery-item'>\n\t\t\t<div class='gallery-icon landscape'>\n\t\t\t\t<a href='https:\/\/archive.sana.sy\/tr\/wp-content\/uploads\/2015\/08\/\u0646\u0641\u0642-\u062d\u0631\u0633\u062a\u0627-4-8-2015.Still005.jpg'><img loading=\"lazy\" decoding=\"async\" width=\"300\" height=\"209\" src=\"https:\/\/archive.sana.sy\/tr\/wp-content\/uploads\/2015\/08\/\u0646\u0641\u0642-\u062d\u0631\u0633\u062a\u0627-4-8-2015.Still005-300x209.jpg\" class=\"attachment-medium size-medium\" alt=\"\" aria-describedby=\"gallery-1-42862\" srcset=\"https:\/\/archive.sana.sy\/tr\/wp-content\/uploads\/2015\/08\/\u0646\u0641\u0642-\u062d\u0631\u0633\u062a\u0627-4-8-2015.Still005-300x209.jpg 300w, https:\/\/archive.sana.sy\/tr\/wp-content\/uploads\/2015\/08\/\u0646\u0641\u0642-\u062d\u0631\u0633\u062a\u0627-4-8-2015.Still005-150x104.jpg 150w, https:\/\/archive.sana.sy\/tr\/wp-content\/uploads\/2015\/08\/\u0646\u0641\u0642-\u062d\u0631\u0633\u062a\u0627-4-8-2015.Still005.jpg 491w\" sizes=\"auto, (max-width: 300px) 100vw, 300px\" \/><\/a>\n\t\t\t<\/div>\n\t\t\t\t<figcaption class='wp-caption-text gallery-caption' id='gallery-1-42862'>\n\t\t\t\t2\n\t\t\t\t<\/figcaption><\/figure><figure class='gallery-item'>\n\t\t\t<div class='gallery-icon landscape'>\n\t\t\t\t<a href='https:\/\/archive.sana.sy\/tr\/wp-content\/uploads\/2015\/08\/\u0646\u0641\u0642-\u062d\u0631\u0633\u062a\u0627-4-8-2015.Still006.jpg'><img loading=\"lazy\" decoding=\"async\" width=\"300\" height=\"191\" src=\"https:\/\/archive.sana.sy\/tr\/wp-content\/uploads\/2015\/08\/\u0646\u0641\u0642-\u062d\u0631\u0633\u062a\u0627-4-8-2015.Still006-300x191.jpg\" class=\"attachment-medium size-medium\" alt=\"\" aria-describedby=\"gallery-1-42863\" srcset=\"https:\/\/archive.sana.sy\/tr\/wp-content\/uploads\/2015\/08\/\u0646\u0641\u0642-\u062d\u0631\u0633\u062a\u0627-4-8-2015.Still006-300x191.jpg 300w, https:\/\/archive.sana.sy\/tr\/wp-content\/uploads\/2015\/08\/\u0646\u0641\u0642-\u062d\u0631\u0633\u062a\u0627-4-8-2015.Still006-150x96.jpg 150w, https:\/\/archive.sana.sy\/tr\/wp-content\/uploads\/2015\/08\/\u0646\u0641\u0642-\u062d\u0631\u0633\u062a\u0627-4-8-2015.Still006.jpg 667w\" sizes=\"auto, (max-width: 300px) 100vw, 300px\" \/><\/a>\n\t\t\t<\/div>\n\t\t\t\t<figcaption class='wp-caption-text gallery-caption' id='gallery-1-42863'>\n\t\t\t\t3\n\t\t\t\t<\/figcaption><\/figure><figure class='gallery-item'>\n\t\t\t<div class='gallery-icon landscape'>\n\t\t\t\t<a href='https:\/\/archive.sana.sy\/tr\/wp-content\/uploads\/2015\/08\/\u0646\u0641\u0642-\u062d\u0631\u0633\u062a\u0627-4-8-2015.Still007.jpg'><img loading=\"lazy\" decoding=\"async\" width=\"300\" height=\"185\" src=\"https:\/\/archive.sana.sy\/tr\/wp-content\/uploads\/2015\/08\/\u0646\u0641\u0642-\u062d\u0631\u0633\u062a\u0627-4-8-2015.Still007-300x185.jpg\" class=\"attachment-medium size-medium\" alt=\"\" aria-describedby=\"gallery-1-42864\" srcset=\"https:\/\/archive.sana.sy\/tr\/wp-content\/uploads\/2015\/08\/\u0646\u0641\u0642-\u062d\u0631\u0633\u062a\u0627-4-8-2015.Still007-300x185.jpg 300w, https:\/\/archive.sana.sy\/tr\/wp-content\/uploads\/2015\/08\/\u0646\u0641\u0642-\u062d\u0631\u0633\u062a\u0627-4-8-2015.Still007-150x93.jpg 150w, https:\/\/archive.sana.sy\/tr\/wp-content\/uploads\/2015\/08\/\u0646\u0641\u0642-\u062d\u0631\u0633\u062a\u0627-4-8-2015.Still007.jpg 702w\" sizes=\"auto, (max-width: 300px) 100vw, 300px\" \/><\/a>\n\t\t\t<\/div>\n\t\t\t\t<figcaption class='wp-caption-text gallery-caption' id='gallery-1-42864'>\n\t\t\t\t4\n\t\t\t\t<\/figcaption><\/figure><figure class='gallery-item'>\n\t\t\t<div class='gallery-icon landscape'>\n\t\t\t\t<a href='https:\/\/archive.sana.sy\/tr\/wp-content\/uploads\/2015\/08\/\u0646\u0641\u0642-\u062d\u0631\u0633\u062a\u0627-4-8-2015.Still008.jpg'><img loading=\"lazy\" decoding=\"async\" width=\"300\" height=\"188\" src=\"https:\/\/archive.sana.sy\/tr\/wp-content\/uploads\/2015\/08\/\u0646\u0641\u0642-\u062d\u0631\u0633\u062a\u0627-4-8-2015.Still008-300x188.jpg\" class=\"attachment-medium size-medium\" alt=\"\" aria-describedby=\"gallery-1-42865\" srcset=\"https:\/\/archive.sana.sy\/tr\/wp-content\/uploads\/2015\/08\/\u0646\u0641\u0642-\u062d\u0631\u0633\u062a\u0627-4-8-2015.Still008-300x188.jpg 300w, https:\/\/archive.sana.sy\/tr\/wp-content\/uploads\/2015\/08\/\u0646\u0641\u0642-\u062d\u0631\u0633\u062a\u0627-4-8-2015.Still008-150x94.jpg 150w, https:\/\/archive.sana.sy\/tr\/wp-content\/uploads\/2015\/08\/\u0646\u0641\u0642-\u062d\u0631\u0633\u062a\u0627-4-8-2015.Still008.jpg 702w\" sizes=\"auto, (max-width: 300px) 100vw, 300px\" \/><\/a>\n\t\t\t<\/div>\n\t\t\t\t<figcaption class='wp-caption-text gallery-caption' id='gallery-1-42865'>\n\t\t\t\t5\n\t\t\t\t<\/figcaption><\/figure>\n\t\t<\/div>\n\n<p>M.M. &#8211; A.A.<\/p>\n","protected":false},"excerpt":{"rendered":"<p>\u0130LLER \u2013 Vatan koruyucular\u0131 ordu birliklerimiz tekfirci ve hain ter\u00f6r \u00e7etelerine kar\u015f\u0131 amans\u0131z operasyonlar\u0131n\u0131 s\u00fcrd\u00fcr\u00fcrken, bir\u00e7ok b\u00f6lgede cephane ve karargahlar\u0131na ilaveten a\u011f\u0131r makineli silahlarla donat\u0131lm\u0131\u015f ara\u00e7lar\u0131n\u0131 imha etti. DERA : Askeri kaynak; ordu birliklerimizin Dera Mahatta\u2019da Nusra Cephesi ve di\u011fer \u00f6rg\u00fctlerin karargahlar\u0131n\u0131 hedef alarak \u00e7ok say\u0131da ter\u00f6risti \u00f6l\u00fc ve yaral\u0131 d\u00fc\u015f\u00fcr\u00fcp bir yuvay\u0131 muhtevalar\u0131yla imha &hellip;<\/p>\n","protected":false},"author":1,"featured_media":42831,"comment_status":"closed","ping_status":"closed","sticky":false,"template":"","format":"standard","meta":{"footnotes":""},"categories":[575],"tags":[16134],"class_list":["post-42828","post","type-post","status-publish","format-standard","has-post-thumbnail","","category-olaylar-ve-gercekler","tag-vatan-koruyucularimiz-teror-cetelerine-karsi-amansiz-operasyonlarini-surduruyor"],"_links":{"self":[{"href":"https:\/\/archive.sana.sy\/tr\/index.php?rest_route=\/wp\/v2\/posts\/42828","targetHints":{"allow":["GET"]}}],"collection":[{"href":"https:\/\/archive.sana.sy\/tr\/index.php?rest_route=\/wp\/v2\/posts"}],"about":[{"href":"https:\/\/archive.sana.sy\/tr\/index.php?rest_route=\/wp\/v2\/types\/post"}],"author":[{"embeddable":true,"href":"https:\/\/archive.sana.sy\/tr\/index.php?rest_route=\/wp\/v2\/users\/1"}],"replies":[{"embeddable":true,"href":"https:\/\/archive.sana.sy\/tr\/index.php?rest_route=%2Fwp%2Fv2%2Fcomments&post=42828"}],"version-history":[{"count":0,"href":"https:\/\/archive.sana.sy\/tr\/index.php?rest_route=\/wp\/v2\/posts\/42828\/revisions"}],"wp:featuredmedia":[{"embeddable":true,"href":"https:\/\/archive.sana.sy\/tr\/index.php?rest_route=\/wp\/v2\/media\/42831"}],"wp:attachment":[{"href":"https:\/\/archive.sana.sy\/tr\/index.php?rest_route=%2Fwp%2Fv2%2Fmedia&parent=42828"}],"wp:term":[{"taxonomy":"category","embeddable":true,"href":"https:\/\/archive.sana.sy\/tr\/index.php?rest_route=%2Fwp%2Fv2%2Fcategories&post=42828"},{"taxonomy":"post_tag","embeddable":true,"href":"https:\/\/archive.sana.sy\/tr\/index.php?rest_route=%2Fwp%2Fv2%2Ftags&post=42828"}],"curies":[{"name":"wp","href":"https:\/\/api.w.org\/{rel}","templated":true}]}}