{"id":42840,"date":"2015-08-04T20:14:25","date_gmt":"2015-08-04T17:14:25","guid":{"rendered":"http:\/\/sana.sy\/tr\/?p=42840"},"modified":"2015-08-04T20:14:25","modified_gmt":"2015-08-04T17:14:25","slug":"basbakan-yardimcisi-disisleri-ve-gurbetciler-bakani-muallim-tahranda-iran-disisleri-bakani-yardimcisi-abdullehyan-ile-iki-ulke-arasindaki-iliskilerin-yani-sira-suriye-ve-tum-bolgedeki-gelismeler-ve","status":"publish","type":"post","link":"https:\/\/archive.sana.sy\/tr\/?p=42840","title":{"rendered":"Ba\u015fbakan Yard\u0131mc\u0131s\u0131 D\u0131\u015fi\u015fleri ve Gurbet\u00e7iler Bakan\u0131 Muallim Tahran&#8217;da \u0130ran D\u0131\u015fi\u015fleri Bakan\u0131 Yard\u0131mc\u0131s\u0131 Abd\u00fcllehyan ile iki \u00fclke aras\u0131ndaki ili\u015fkilerin yan\u0131 s\u0131ra Suriye ve t\u00fcm b\u00f6lgedeki geli\u015fmeler ve ter\u00f6rle m\u00fccadele y\u00f6n\u00fcndeki \u00e7abalar\u0131 masaya yat\u0131rd\u0131\u200f"},"content":{"rendered":"<div id=\":8d.ma\" class=\"Mu SP\">\n<div id=\":8d.co\" class=\"tL8wMe xAWnQc\" dir=\"ltr\"><span dir=\"ltr\">Ba\u015fbakan Yard\u0131mc\u0131s\u0131 D\u0131\u015fi\u015fleri ve Gurbet\u00e7iler Bakan\u0131 Muallim Tahran&#8217;da \u0130ran D\u0131\u015fi\u015fleri Bakan\u0131 Yard\u0131mc\u0131s\u0131 Abd\u00fcllehyan ile iki \u00fclke aras\u0131ndaki ili\u015fkilerin yan\u0131 s\u0131ra Suriye ve t\u00fcm b\u00f6lgedeki geli\u015fmeler ve ter\u00f6rle m\u00fccadele y\u00f6n\u00fcndeki \u00e7abalar\u0131 masaya yat\u0131rd\u0131<\/span>\u200f<\/div>\n<\/div>\n<div id=\":8e.ma\" class=\"Mu SP\">\n<div id=\":8e.at\" class=\"xH\">\u00a0<\/div>\n<\/div>\n","protected":false},"excerpt":{"rendered":"<p>Ba\u015fbakan Yard\u0131mc\u0131s\u0131 D\u0131\u015fi\u015fleri ve Gurbet\u00e7iler Bakan\u0131 Muallim Tahran&#8217;da \u0130ran D\u0131\u015fi\u015fleri Bakan\u0131 Yard\u0131mc\u0131s\u0131 Abd\u00fcllehyan ile iki \u00fclke aras\u0131ndaki ili\u015fkilerin yan\u0131 s\u0131ra Suriye ve t\u00fcm b\u00f6lgedeki geli\u015fmeler ve ter\u00f6rle m\u00fccadele y\u00f6n\u00fcndeki \u00e7abalar\u0131 masaya yat\u0131rd\u0131\u200f \u00a0<\/p>\n","protected":false},"author":1,"featured_media":0,"comment_status":"closed","ping_status":"closed","sticky":false,"template":"","format":"standard","meta":{"footnotes":""},"categories":[1],"tags":[],"class_list":["post-42840","post","type-post","status-publish","format-standard","","category-news-not-sorted"],"_links":{"self":[{"href":"https:\/\/archive.sana.sy\/tr\/index.php?rest_route=\/wp\/v2\/posts\/42840","targetHints":{"allow":["GET"]}}],"collection":[{"href":"https:\/\/archive.sana.sy\/tr\/index.php?rest_route=\/wp\/v2\/posts"}],"about":[{"href":"https:\/\/archive.sana.sy\/tr\/index.php?rest_route=\/wp\/v2\/types\/post"}],"author":[{"embeddable":true,"href":"https:\/\/archive.sana.sy\/tr\/index.php?rest_route=\/wp\/v2\/users\/1"}],"replies":[{"embeddable":true,"href":"https:\/\/archive.sana.sy\/tr\/index.php?rest_route=%2Fwp%2Fv2%2Fcomments&post=42840"}],"version-history":[{"count":0,"href":"https:\/\/archive.sana.sy\/tr\/index.php?rest_route=\/wp\/v2\/posts\/42840\/revisions"}],"wp:attachment":[{"href":"https:\/\/archive.sana.sy\/tr\/index.php?rest_route=%2Fwp%2Fv2%2Fmedia&parent=42840"}],"wp:term":[{"taxonomy":"category","embeddable":true,"href":"https:\/\/archive.sana.sy\/tr\/index.php?rest_route=%2Fwp%2Fv2%2Fcategories&post=42840"},{"taxonomy":"post_tag","embeddable":true,"href":"https:\/\/archive.sana.sy\/tr\/index.php?rest_route=%2Fwp%2Fv2%2Ftags&post=42840"}],"curies":[{"name":"wp","href":"https:\/\/api.w.org\/{rel}","templated":true}]}}