{"id":42843,"date":"2015-08-04T20:36:48","date_gmt":"2015-08-04T17:36:48","guid":{"rendered":"http:\/\/sana.sy\/tr\/?p=42843"},"modified":"2015-08-05T16:10:53","modified_gmt":"2015-08-05T13:10:53","slug":"suriyede-yonetimi-degistirmek-isteyenler-yanlislarini-idrak-ettiler","status":"publish","type":"post","link":"https:\/\/archive.sana.sy\/tr\/?p=42843","title":{"rendered":"Suriye&#8217;de Y\u00f6netimi De\u011fi\u015ftirmek \u0130steyenler Yanl\u0131\u015flar\u0131n\u0131 \u0130drak Ettiler"},"content":{"rendered":"<p>TAHRAN \u2013 Ba\u015fbakan Yard\u0131mc\u0131s\u0131 D\u0131\u015fi\u015fleri ve Gurbet\u00e7iler Bakan\u0131 Velid el Muallim Tahran&#8217;da \u0130ran D\u0131\u015fi\u015fleri Bakan\u0131 Yard\u0131mc\u0131s\u0131 H\u00fcseyin Emir Abdullahyan ile iki \u00fclke aras\u0131ndaki ili\u015fkilerin yan\u0131 s\u0131ra Suriye ve t\u00fcm b\u00f6lgedeki geli\u015fmeler ve ter\u00f6rle m\u00fccadele y\u00f6n\u00fcndeki \u00e7abalar\u0131 masaya yat\u0131rd\u0131.<\/p>\n<p><a href=\"http:\/\/sana.sy\/tr\/?attachment_id=42874\" rel=\"attachment wp-att-42874\"><img loading=\"lazy\" decoding=\"async\" class=\" size-medium wp-image-42874 alignright\" src=\"http:\/\/sana.sy\/tr\/wp-content\/uploads\/2015\/08\/Muallim-Abdullahyan-ile-g\u00f6r\u00fc\u015ft\u00fc-300x160.jpg\" alt=\"Muallim Abdullahyan ile g\u00f6r\u00fc\u015ft\u00fc\" width=\"300\" height=\"160\" srcset=\"https:\/\/archive.sana.sy\/tr\/wp-content\/uploads\/2015\/08\/Muallim-Abdullahyan-ile-g\u00f6r\u00fc\u015ft\u00fc-300x160.jpg 300w, https:\/\/archive.sana.sy\/tr\/wp-content\/uploads\/2015\/08\/Muallim-Abdullahyan-ile-g\u00f6r\u00fc\u015ft\u00fc-150x80.jpg 150w, https:\/\/archive.sana.sy\/tr\/wp-content\/uploads\/2015\/08\/Muallim-Abdullahyan-ile-g\u00f6r\u00fc\u015ft\u00fc.jpg 620w\" sizes=\"auto, (max-width: 300px) 100vw, 300px\" \/><\/a>G\u00f6r\u00fc\u015fmenin ard\u0131ndan a\u00e7\u0131klama yapan Muallim; ikili ili\u015fkiler ve ortak \u00f6nem ta\u015f\u0131yan meseleleri ele ald\u0131klar\u0131n\u0131 ifade ederken bu konularda iki taraf\u0131n g\u00f6r\u00fc\u015f birli\u011fi kaydettiklerini belirtti.<\/p>\n<p>Muallim Suriye&#8217;deki krize \u00e7\u00f6z\u00fcm y\u00f6n\u00fcnde \u00f6ne s\u00fcr\u00fclecek her giri\u015fiminin Suriye y\u00f6netimi ve yetkilileriyle koordinasyon i\u00e7inde olaca\u011f\u0131n\u0131 ifade etti.<\/p>\n<p>Muallim ile g\u00f6r\u00fc\u015fmelerini olumlu ve yap\u0131c\u0131 olarak nitelendiren Abdullahyan a\u00e7\u0131klamas\u0131nda; dostlar\u0131na g\u00fc\u00e7l\u00fc deste\u011fini s\u00fcrd\u00fcren \u0130ran\u2019\u0131n Suriye halk\u0131 ve h\u00fck\u00fcmetinden yana tutum ve politikalar\u0131na devam edece\u011fini belirtti.<\/p>\n<p>Abdullahyan Suriye&#8217;deki krizin yegane \u00e7\u00f6z\u00fcm\u00fcn\u00fcn siyasi \u00e7\u00f6z\u00fcm oldu\u011funu bir kez daha ifade ederken; Suriye&#8217;de y\u00f6netimi de\u011fi\u015ftirmek isteyenlerin yanl\u0131\u015f yolda olduklar\u0131n\u0131 idrak ettiklerine vurgu yapt\u0131.<\/p>\n<p>Ter\u00f6rle m\u00fccadele konusunda ise Abdullahyan Suriye&#8217;nin bu ba\u011flamda kimsenin inkar edemeyece\u011fi bir sava\u015f\u0131 oldu\u011funu ifade etti.<\/p>\n<p>Abdullahyan \u0130ran\u2019\u0131n Suriye&#8217;deki krizin \u00e7\u00f6z\u00fcm\u00fc amac\u0131yla \u00f6ne s\u00fcrd\u00fc\u011f\u00fc giri\u015fimle ilgili her \u015feyin ve her noktan\u0131n Suriyeli yetkililerle tam koordinasyon i\u00e7inde olaca\u011f\u0131n\u0131n alt\u0131n\u0131 \u00e7izdi.<\/p>\n<p><span style=\"color: #0000ff\">Muallim Bogdanov ile de G\u00f6r\u00fc\u015ft\u00fc<\/span><\/p>\n<p>Di\u011fer yandan Ba\u015fbakan Yard\u0131mc\u0131s\u0131 D\u0131\u015fi\u015fleri ve Gurbet\u00e7iler Bakan\u0131 Muallim Rusya Ba\u015fkan\u0131n\u0131n Ortado\u011fu \u00d6zel Temsilcisi ve D\u0131\u015fi\u015fleri Bakan\u0131 Yard\u0131mc\u0131s\u0131 Mikhail Bogdanov ile tahran\u2019da bir araya geldi.<\/p>\n<p><img loading=\"lazy\" decoding=\"async\" class=\"alignright wp-image-42876 size-medium\" src=\"http:\/\/sana.sy\/tr\/wp-content\/uploads\/2015\/08\/Muallim-Bogdanvon-ile-g\u00f6r\u00fc\u015ft\u00fc-300x191.jpg\" alt=\"Muallim Bogdanvon ile g\u00f6r\u00fc\u015ft\u00fc\" width=\"300\" height=\"191\" srcset=\"https:\/\/archive.sana.sy\/tr\/wp-content\/uploads\/2015\/08\/Muallim-Bogdanvon-ile-g\u00f6r\u00fc\u015ft\u00fc-300x191.jpg 300w, https:\/\/archive.sana.sy\/tr\/wp-content\/uploads\/2015\/08\/Muallim-Bogdanvon-ile-g\u00f6r\u00fc\u015ft\u00fc-150x95.jpg 150w, https:\/\/archive.sana.sy\/tr\/wp-content\/uploads\/2015\/08\/Muallim-Bogdanvon-ile-g\u00f6r\u00fc\u015ft\u00fc.jpg 550w\" sizes=\"auto, (max-width: 300px) 100vw, 300px\" \/>Ortak \u00f6nem ta\u015f\u0131yan konularda i\u015fbirli\u011fini geli\u015ftirme olanaklar\u0131 ve koordinasyonun yap\u0131ld\u0131\u011f\u0131 g\u00f6r\u00fc\u015fmede Bogdanov; Rus taraf\u0131n Arap K\u00f6rfez \u00dclkeleri \u0130\u015fbirli\u011fi Meclisinde \u00fcye devletlerin yetkilileriyle bulundu\u011fu temaslar hakk\u0131nda Muallim\u2019e bilgi aktard\u0131.<\/p>\n<p>Bogdanov s\u00f6z konusu temalarda Rusya Ba\u015fkan\u0131 Vladimir Putin\u2019in ter\u00f6re kar\u015f\u0131 m\u00fccadelede b\u00f6lgesel bir ittifak\u0131n kurulmas\u0131na ili\u015fkin \u00f6nerisinin yan\u0131 s\u0131ra kimi b\u00f6lge devletlerin ter\u00f6rle m\u00fccadelede ilgili uluslar aras\u0131 kararlara ba\u011fl\u0131 kalmalar\u0131na zorlanmalar\u0131 \u00f6nemine odakland\u0131klar\u0131n\u0131 ifade etti.<\/p>\n<p>Bu arada Bogdanov SANA\u2019n\u0131n Tahran\u2019daki muhabirine a\u00e7\u0131klamas\u0131nda Putin\u2019in ter\u00f6rle m\u00fccadele ve bu ba\u011flamda b\u00f6lgesel bir ittifak\u0131n te\u015fkil edilmesine ili\u015fkin \u00f6nerisinin herkes taraf\u0131ndan ilgi g\u00f6rd\u00fc\u011f\u00fcn\u00fc ifade etti.<\/p>\n<p>A.A. &#8211; M.M. &#8211; R.H.<\/p>\n","protected":false},"excerpt":{"rendered":"<p>TAHRAN \u2013 Ba\u015fbakan Yard\u0131mc\u0131s\u0131 D\u0131\u015fi\u015fleri ve Gurbet\u00e7iler Bakan\u0131 Velid el Muallim Tahran&#8217;da \u0130ran D\u0131\u015fi\u015fleri Bakan\u0131 Yard\u0131mc\u0131s\u0131 H\u00fcseyin Emir Abdullahyan ile iki \u00fclke aras\u0131ndaki ili\u015fkilerin yan\u0131 s\u0131ra Suriye ve t\u00fcm b\u00f6lgedeki geli\u015fmeler ve ter\u00f6rle m\u00fccadele y\u00f6n\u00fcndeki \u00e7abalar\u0131 masaya yat\u0131rd\u0131. G\u00f6r\u00fc\u015fmenin ard\u0131ndan a\u00e7\u0131klama yapan Muallim; ikili ili\u015fkiler ve ortak \u00f6nem ta\u015f\u0131yan meseleleri ele ald\u0131klar\u0131n\u0131 ifade ederken bu &hellip;<\/p>\n","protected":false},"author":1,"featured_media":42846,"comment_status":"closed","ping_status":"closed","sticky":false,"template":"","format":"standard","meta":{"footnotes":""},"categories":[458,459],"tags":[],"class_list":["post-42843","post","type-post","status-publish","format-standard","has-post-thumbnail","","category-dunya1","category-haberler-arap-uluslararasi-politika"],"_links":{"self":[{"href":"https:\/\/archive.sana.sy\/tr\/index.php?rest_route=\/wp\/v2\/posts\/42843","targetHints":{"allow":["GET"]}}],"collection":[{"href":"https:\/\/archive.sana.sy\/tr\/index.php?rest_route=\/wp\/v2\/posts"}],"about":[{"href":"https:\/\/archive.sana.sy\/tr\/index.php?rest_route=\/wp\/v2\/types\/post"}],"author":[{"embeddable":true,"href":"https:\/\/archive.sana.sy\/tr\/index.php?rest_route=\/wp\/v2\/users\/1"}],"replies":[{"embeddable":true,"href":"https:\/\/archive.sana.sy\/tr\/index.php?rest_route=%2Fwp%2Fv2%2Fcomments&post=42843"}],"version-history":[{"count":0,"href":"https:\/\/archive.sana.sy\/tr\/index.php?rest_route=\/wp\/v2\/posts\/42843\/revisions"}],"wp:featuredmedia":[{"embeddable":true,"href":"https:\/\/archive.sana.sy\/tr\/index.php?rest_route=\/wp\/v2\/media\/42846"}],"wp:attachment":[{"href":"https:\/\/archive.sana.sy\/tr\/index.php?rest_route=%2Fwp%2Fv2%2Fmedia&parent=42843"}],"wp:term":[{"taxonomy":"category","embeddable":true,"href":"https:\/\/archive.sana.sy\/tr\/index.php?rest_route=%2Fwp%2Fv2%2Fcategories&post=42843"},{"taxonomy":"post_tag","embeddable":true,"href":"https:\/\/archive.sana.sy\/tr\/index.php?rest_route=%2Fwp%2Fv2%2Ftags&post=42843"}],"curies":[{"name":"wp","href":"https:\/\/api.w.org\/{rel}","templated":true}]}}