{"id":42878,"date":"2015-08-05T09:40:17","date_gmt":"2015-08-05T06:40:17","guid":{"rendered":"http:\/\/www.sana.sy\/tr\/?p=42878"},"modified":"2015-08-05T13:35:04","modified_gmt":"2015-08-05T10:35:04","slug":"tahranda-muallim-ile-bir-araya-gelen-muallim-ulkesinin-terore-karsi-mucadelesinde-suriyeye-destegini-surdurecegini-bir-kez-daha-belirtti","status":"publish","type":"post","link":"https:\/\/archive.sana.sy\/tr\/?p=42878","title":{"rendered":"Tahranda Muallim ile bir araya gelen Muallim; \u00fclkesinin ter\u00f6re kar\u015f\u0131 m\u00fccadelesinde Suriye&#8217;ye deste\u011fini s\u00fcrd\u00fcrece\u011fini bir kez daha belirtti"},"content":{"rendered":"<p>Tahranda Muallim ile bir araya gelen Muallim; \u00fclkesinin ter\u00f6re kar\u015f\u0131 m\u00fccadelesinde Suriye&#8217;ye deste\u011fini s\u00fcrd\u00fcrece\u011fini bir kez daha belirtti<\/p>\n","protected":false},"excerpt":{"rendered":"<p>Tahranda Muallim ile bir araya gelen Muallim; \u00fclkesinin ter\u00f6re kar\u015f\u0131 m\u00fccadelesinde Suriye&#8217;ye deste\u011fini s\u00fcrd\u00fcrece\u011fini bir kez daha belirtti<\/p>\n","protected":false},"author":1,"featured_media":0,"comment_status":"closed","ping_status":"closed","sticky":false,"template":"","format":"standard","meta":{"footnotes":""},"categories":[1],"tags":[],"class_list":["post-42878","post","type-post","status-publish","format-standard","","category-news-not-sorted"],"_links":{"self":[{"href":"https:\/\/archive.sana.sy\/tr\/index.php?rest_route=\/wp\/v2\/posts\/42878","targetHints":{"allow":["GET"]}}],"collection":[{"href":"https:\/\/archive.sana.sy\/tr\/index.php?rest_route=\/wp\/v2\/posts"}],"about":[{"href":"https:\/\/archive.sana.sy\/tr\/index.php?rest_route=\/wp\/v2\/types\/post"}],"author":[{"embeddable":true,"href":"https:\/\/archive.sana.sy\/tr\/index.php?rest_route=\/wp\/v2\/users\/1"}],"replies":[{"embeddable":true,"href":"https:\/\/archive.sana.sy\/tr\/index.php?rest_route=%2Fwp%2Fv2%2Fcomments&post=42878"}],"version-history":[{"count":0,"href":"https:\/\/archive.sana.sy\/tr\/index.php?rest_route=\/wp\/v2\/posts\/42878\/revisions"}],"wp:attachment":[{"href":"https:\/\/archive.sana.sy\/tr\/index.php?rest_route=%2Fwp%2Fv2%2Fmedia&parent=42878"}],"wp:term":[{"taxonomy":"category","embeddable":true,"href":"https:\/\/archive.sana.sy\/tr\/index.php?rest_route=%2Fwp%2Fv2%2Fcategories&post=42878"},{"taxonomy":"post_tag","embeddable":true,"href":"https:\/\/archive.sana.sy\/tr\/index.php?rest_route=%2Fwp%2Fv2%2Ftags&post=42878"}],"curies":[{"name":"wp","href":"https:\/\/api.w.org\/{rel}","templated":true}]}}