{"id":42880,"date":"2015-08-05T14:29:42","date_gmt":"2015-08-05T11:29:42","guid":{"rendered":"http:\/\/www.sana.sy\/tr\/?p=42880"},"modified":"2015-08-05T14:29:42","modified_gmt":"2015-08-05T11:29:42","slug":"lubnan-direnis-guclerinin-isbirligi-ile-sam-kirsalinin-batisi-zebadani-kentinde-teroristlere-karsi-basarilarini-bircok-yonden-surduren-ordu-birliklerimiz-vadi-berada-kenarlarinda-bir-toplanma-yerleri","status":"publish","type":"post","link":"https:\/\/archive.sana.sy\/tr\/?p=42880","title":{"rendered":"L\u00fcbnan direni\u015f g\u00fc\u00e7lerinin i\u015fbirli\u011fi ile \u015eam k\u0131rsal\u0131n\u0131n bat\u0131s\u0131 Zebadani Kentinde ter\u00f6ristlere kar\u015f\u0131 ba\u015far\u0131lar\u0131n\u0131 bir\u00e7ok y\u00f6nden s\u00fcrd\u00fcren ordu birliklerimiz; Vadi Berada kenarlar\u0131nda bir toplanma yerlerini havaya u\u00e7urmalar\u0131yla aralar\u0131nda tehlikeli isimlerin bulundu\u011fu onlarca ter\u00f6risti \u00f6ld\u00fcrd\u00fc"},"content":{"rendered":"<p>L\u00fcbnan direni\u015f g\u00fc\u00e7lerinin i\u015fbirli\u011fi ile \u015eam k\u0131rsal\u0131n\u0131n bat\u0131s\u0131 Zebadani Kentinde ter\u00f6ristlere kar\u015f\u0131 ba\u015far\u0131lar\u0131n\u0131 bir\u00e7ok y\u00f6nden s\u00fcrd\u00fcren ordu birliklerimiz; Vadi Berada kenarlar\u0131nda bir toplanma yerlerini havaya u\u00e7urmalar\u0131yla aralar\u0131nda tehlikeli isimlerin bulundu\u011fu onlarca ter\u00f6risti \u00f6ld\u00fcrd\u00fc<\/p>\n","protected":false},"excerpt":{"rendered":"<p>L\u00fcbnan direni\u015f g\u00fc\u00e7lerinin i\u015fbirli\u011fi ile \u015eam k\u0131rsal\u0131n\u0131n bat\u0131s\u0131 Zebadani Kentinde ter\u00f6ristlere kar\u015f\u0131 ba\u015far\u0131lar\u0131n\u0131 bir\u00e7ok y\u00f6nden s\u00fcrd\u00fcren ordu birliklerimiz; Vadi Berada kenarlar\u0131nda bir toplanma yerlerini havaya u\u00e7urmalar\u0131yla aralar\u0131nda tehlikeli isimlerin bulundu\u011fu onlarca ter\u00f6risti \u00f6ld\u00fcrd\u00fc<\/p>\n","protected":false},"author":1,"featured_media":0,"comment_status":"closed","ping_status":"closed","sticky":false,"template":"","format":"standard","meta":{"footnotes":""},"categories":[1],"tags":[],"class_list":["post-42880","post","type-post","status-publish","format-standard","","category-news-not-sorted"],"_links":{"self":[{"href":"https:\/\/archive.sana.sy\/tr\/index.php?rest_route=\/wp\/v2\/posts\/42880","targetHints":{"allow":["GET"]}}],"collection":[{"href":"https:\/\/archive.sana.sy\/tr\/index.php?rest_route=\/wp\/v2\/posts"}],"about":[{"href":"https:\/\/archive.sana.sy\/tr\/index.php?rest_route=\/wp\/v2\/types\/post"}],"author":[{"embeddable":true,"href":"https:\/\/archive.sana.sy\/tr\/index.php?rest_route=\/wp\/v2\/users\/1"}],"replies":[{"embeddable":true,"href":"https:\/\/archive.sana.sy\/tr\/index.php?rest_route=%2Fwp%2Fv2%2Fcomments&post=42880"}],"version-history":[{"count":0,"href":"https:\/\/archive.sana.sy\/tr\/index.php?rest_route=\/wp\/v2\/posts\/42880\/revisions"}],"wp:attachment":[{"href":"https:\/\/archive.sana.sy\/tr\/index.php?rest_route=%2Fwp%2Fv2%2Fmedia&parent=42880"}],"wp:term":[{"taxonomy":"category","embeddable":true,"href":"https:\/\/archive.sana.sy\/tr\/index.php?rest_route=%2Fwp%2Fv2%2Fcategories&post=42880"},{"taxonomy":"post_tag","embeddable":true,"href":"https:\/\/archive.sana.sy\/tr\/index.php?rest_route=%2Fwp%2Fv2%2Ftags&post=42880"}],"curies":[{"name":"wp","href":"https:\/\/api.w.org\/{rel}","templated":true}]}}