{"id":42924,"date":"2015-08-05T15:29:42","date_gmt":"2015-08-05T12:29:42","guid":{"rendered":"http:\/\/www.sana.sy\/tr\/?p=42924"},"modified":"2015-08-05T15:29:42","modified_gmt":"2015-08-05T12:29:42","slug":"basbakan-yardimcisi-disisleri-ve-gurbetciler-bakani-muallimi-kabul-eden-iran-cumhurbaskani-ruhani-teror-ve-radikallige-karsi-savasinda-ulkesinin-suriyeyi-destekleyen-tutumunun-sabit-ve-dai","status":"publish","type":"post","link":"https:\/\/archive.sana.sy\/tr\/?p=42924","title":{"rendered":"Ba\u015fbakan Yard\u0131mc\u0131s\u0131 D\u0131\u015fi\u015fleri ve Gurbet\u00e7iler Bakan\u0131 Muallim\u2019i kabul eden \u0130ran Cumhurba\u015fkan\u0131 Ruhani; ter\u00f6r ve radikalli\u011fe kar\u015f\u0131 sava\u015f\u0131nda \u00fclkesinin Suriye&#8217;yi destekleyen tutumunun sabit ve daimi oldu\u011funu belirtti"},"content":{"rendered":"<p>Ba\u015fbakan Yard\u0131mc\u0131s\u0131 D\u0131\u015fi\u015fleri ve Gurbet\u00e7iler Bakan\u0131 Muallim\u2019i kabul eden \u0130ran Cumhurba\u015fkan\u0131 Ruhani; ter\u00f6r ve radikalli\u011fe kar\u015f\u0131 sava\u015f\u0131nda \u00fclkesinin Suriye&#8217;yi destekleyen tutumunun sabit ve daimi oldu\u011funu belirtti<\/p>\n","protected":false},"excerpt":{"rendered":"<p>Ba\u015fbakan Yard\u0131mc\u0131s\u0131 D\u0131\u015fi\u015fleri ve Gurbet\u00e7iler Bakan\u0131 Muallim\u2019i kabul eden \u0130ran Cumhurba\u015fkan\u0131 Ruhani; ter\u00f6r ve radikalli\u011fe kar\u015f\u0131 sava\u015f\u0131nda \u00fclkesinin Suriye&#8217;yi destekleyen tutumunun sabit ve daimi oldu\u011funu belirtti<\/p>\n","protected":false},"author":1,"featured_media":0,"comment_status":"closed","ping_status":"closed","sticky":false,"template":"","format":"standard","meta":{"footnotes":""},"categories":[1],"tags":[],"class_list":["post-42924","post","type-post","status-publish","format-standard","","category-news-not-sorted"],"_links":{"self":[{"href":"https:\/\/archive.sana.sy\/tr\/index.php?rest_route=\/wp\/v2\/posts\/42924","targetHints":{"allow":["GET"]}}],"collection":[{"href":"https:\/\/archive.sana.sy\/tr\/index.php?rest_route=\/wp\/v2\/posts"}],"about":[{"href":"https:\/\/archive.sana.sy\/tr\/index.php?rest_route=\/wp\/v2\/types\/post"}],"author":[{"embeddable":true,"href":"https:\/\/archive.sana.sy\/tr\/index.php?rest_route=\/wp\/v2\/users\/1"}],"replies":[{"embeddable":true,"href":"https:\/\/archive.sana.sy\/tr\/index.php?rest_route=%2Fwp%2Fv2%2Fcomments&post=42924"}],"version-history":[{"count":0,"href":"https:\/\/archive.sana.sy\/tr\/index.php?rest_route=\/wp\/v2\/posts\/42924\/revisions"}],"wp:attachment":[{"href":"https:\/\/archive.sana.sy\/tr\/index.php?rest_route=%2Fwp%2Fv2%2Fmedia&parent=42924"}],"wp:term":[{"taxonomy":"category","embeddable":true,"href":"https:\/\/archive.sana.sy\/tr\/index.php?rest_route=%2Fwp%2Fv2%2Fcategories&post=42924"},{"taxonomy":"post_tag","embeddable":true,"href":"https:\/\/archive.sana.sy\/tr\/index.php?rest_route=%2Fwp%2Fv2%2Ftags&post=42924"}],"curies":[{"name":"wp","href":"https:\/\/api.w.org\/{rel}","templated":true}]}}