{"id":4293,"date":"2014-06-30T17:09:03","date_gmt":"2014-06-30T14:09:03","guid":{"rendered":"http:\/\/www.sana.sy\/tr\/?p=4293"},"modified":"2014-07-01T17:00:58","modified_gmt":"2014-07-01T14:00:58","slug":"bir-katliam-girisimi-daha-cokertildi","status":"publish","type":"post","link":"https:\/\/archive.sana.sy\/tr\/?p=4293","title":{"rendered":"Gaddarlar\u0131n Katliam Giri\u015fimleri \u00c7\u00f6kertildi"},"content":{"rendered":"<p><span style=\"color: #800000\">\u0130LLER \u2013<\/span> Vatan koruyucular\u0131 ordu birliklerimiz \u015eam k\u0131rsal\u0131n\u0131n Kalemun B\u00f6lgesinde ikisi L\u00fcbnan plakas\u0131 ta\u015f\u0131yan bombal\u0131 3 ara\u00e7 ele ge\u00e7irdi.<\/p>\n<p>Askeri bir kaynak ordu birliklerimizin L\u00fcbnan s\u0131n\u0131rlar\u0131na d\u00fc\u015fen s\u00f6z konusu b\u00f6lgede ter\u00f6ristleri kovalama operasyonlar\u0131 s\u0131ras\u0131nda ayr\u0131ca Ayn el Hsayn Vadisinde de ter\u00f6ristlere ait bir saha hastanesinin yan\u0131 s\u0131ra t\u0131bbi cihazlar ve ila\u00e7 deposu ele ge\u00e7irdiklerini belirtti.<\/p>\n<p>\u00d6te yandan kahraman ordu birliklerimiz, silahl\u0131 ter\u00f6r gruplar\u0131n\u0131n bir katliam giri\u015fimlerini daha \u00e7\u00f6kertti.<\/p>\n<p>Tedmur-Deyrezzor yolu \u00fczerinde silahl\u0131 ter\u00f6r gruplar\u0131 taraf\u0131ndan yerle\u015ftirilen patlay\u0131c\u0131 d\u00fczene\u011fi kahraman birliklerimiz taraf\u0131ndan etkisiz hale getirildi.<\/p>\n<p>Homs Valili\u011finde yetkili bir kaynak bug\u00fcn SANA\u2019ya yapt\u0131\u011f\u0131 a\u00e7\u0131klamada; ter\u00f6ristlerin Tedmur-Deyrezzor yolu \u00fczerinde Arak K\u00f6y\u00fc yol ayr\u0131m\u0131na yerle\u015ftirdikleri patlay\u0131c\u0131 d\u00fczene\u011finin kahraman birliklerimiz taraf\u0131ndan etkisiz hale getirildi\u011fine i\u015faret ederek etkisiz hale getirilen patlay\u0131c\u0131 d\u00fczene\u011finin 30 kg a\u011f\u0131rl\u0131\u011f\u0131nda oldu\u011funu belirtti.<\/p>\n<p><a href=\"http:\/\/www.sana.sy\/tr\/wp-content\/uploads\/2014\/06\/Asal-el-vared-4.jpg\"><img loading=\"lazy\" decoding=\"async\" class=\"aligncenter wp-image-4311 size-full\" src=\"http:\/\/www.sana.sy\/tr\/wp-content\/uploads\/2014\/06\/Asal-el-vared-4.jpg\" alt=\"Asal el vared 4\" width=\"620\" height=\"330\" srcset=\"https:\/\/archive.sana.sy\/tr\/wp-content\/uploads\/2014\/06\/Asal-el-vared-4.jpg 620w, https:\/\/archive.sana.sy\/tr\/wp-content\/uploads\/2014\/06\/Asal-el-vared-4-150x79.jpg 150w, https:\/\/archive.sana.sy\/tr\/wp-content\/uploads\/2014\/06\/Asal-el-vared-4-300x160.jpg 300w\" sizes=\"auto, (max-width: 620px) 100vw, 620px\" \/><\/a> <a href=\"http:\/\/www.sana.sy\/tr\/wp-content\/uploads\/2014\/06\/Asal-el-vared-3.jpg\"><img loading=\"lazy\" decoding=\"async\" class=\"aligncenter wp-image-4310 size-full\" src=\"http:\/\/www.sana.sy\/tr\/wp-content\/uploads\/2014\/06\/Asal-el-vared-3.jpg\" alt=\"Asal el vared 3\" width=\"620\" height=\"330\" srcset=\"https:\/\/archive.sana.sy\/tr\/wp-content\/uploads\/2014\/06\/Asal-el-vared-3.jpg 620w, https:\/\/archive.sana.sy\/tr\/wp-content\/uploads\/2014\/06\/Asal-el-vared-3-150x79.jpg 150w, https:\/\/archive.sana.sy\/tr\/wp-content\/uploads\/2014\/06\/Asal-el-vared-3-300x160.jpg 300w\" sizes=\"auto, (max-width: 620px) 100vw, 620px\" \/><\/a> <a href=\"http:\/\/www.sana.sy\/tr\/wp-content\/uploads\/2014\/06\/Asal-el-vared-2.jpg\"><img loading=\"lazy\" decoding=\"async\" class=\"aligncenter wp-image-4309 size-full\" src=\"http:\/\/www.sana.sy\/tr\/wp-content\/uploads\/2014\/06\/Asal-el-vared-2.jpg\" alt=\"Asal el vared 2\" width=\"620\" height=\"330\" srcset=\"https:\/\/archive.sana.sy\/tr\/wp-content\/uploads\/2014\/06\/Asal-el-vared-2.jpg 620w, https:\/\/archive.sana.sy\/tr\/wp-content\/uploads\/2014\/06\/Asal-el-vared-2-150x79.jpg 150w, https:\/\/archive.sana.sy\/tr\/wp-content\/uploads\/2014\/06\/Asal-el-vared-2-300x160.jpg 300w\" sizes=\"auto, (max-width: 620px) 100vw, 620px\" \/><\/a> <a href=\"http:\/\/www.sana.sy\/tr\/wp-content\/uploads\/2014\/06\/Asal-el-vared-1.jpg\"><img loading=\"lazy\" decoding=\"async\" class=\"aligncenter wp-image-4308 size-full\" src=\"http:\/\/www.sana.sy\/tr\/wp-content\/uploads\/2014\/06\/Asal-el-vared-1.jpg\" alt=\"Asal el vared 1\" width=\"620\" height=\"330\" srcset=\"https:\/\/archive.sana.sy\/tr\/wp-content\/uploads\/2014\/06\/Asal-el-vared-1.jpg 620w, https:\/\/archive.sana.sy\/tr\/wp-content\/uploads\/2014\/06\/Asal-el-vared-1-150x79.jpg 150w, https:\/\/archive.sana.sy\/tr\/wp-content\/uploads\/2014\/06\/Asal-el-vared-1-300x160.jpg 300w\" sizes=\"auto, (max-width: 620px) 100vw, 620px\" \/><\/a> <a href=\"http:\/\/www.sana.sy\/tr\/wp-content\/uploads\/2014\/06\/Asal-el-vared-8.jpg\"><img loading=\"lazy\" decoding=\"async\" class=\"aligncenter wp-image-4315 size-full\" src=\"http:\/\/www.sana.sy\/tr\/wp-content\/uploads\/2014\/06\/Asal-el-vared-8.jpg\" alt=\"Asal el vared 8\" width=\"620\" height=\"330\" srcset=\"https:\/\/archive.sana.sy\/tr\/wp-content\/uploads\/2014\/06\/Asal-el-vared-8.jpg 620w, https:\/\/archive.sana.sy\/tr\/wp-content\/uploads\/2014\/06\/Asal-el-vared-8-150x79.jpg 150w, https:\/\/archive.sana.sy\/tr\/wp-content\/uploads\/2014\/06\/Asal-el-vared-8-300x160.jpg 300w\" sizes=\"auto, (max-width: 620px) 100vw, 620px\" \/><\/a> <a href=\"http:\/\/www.sana.sy\/tr\/wp-content\/uploads\/2014\/06\/Asal-el-vared-7.jpg\"><img loading=\"lazy\" decoding=\"async\" class=\"aligncenter wp-image-4314 size-full\" src=\"http:\/\/www.sana.sy\/tr\/wp-content\/uploads\/2014\/06\/Asal-el-vared-7.jpg\" alt=\"Asal el vared 7\" width=\"620\" height=\"330\" srcset=\"https:\/\/archive.sana.sy\/tr\/wp-content\/uploads\/2014\/06\/Asal-el-vared-7.jpg 620w, https:\/\/archive.sana.sy\/tr\/wp-content\/uploads\/2014\/06\/Asal-el-vared-7-150x79.jpg 150w, https:\/\/archive.sana.sy\/tr\/wp-content\/uploads\/2014\/06\/Asal-el-vared-7-300x160.jpg 300w\" sizes=\"auto, (max-width: 620px) 100vw, 620px\" \/><\/a> <a href=\"http:\/\/www.sana.sy\/tr\/wp-content\/uploads\/2014\/06\/Asal-el-vared-6.jpg\"><img loading=\"lazy\" decoding=\"async\" class=\"aligncenter wp-image-4313 size-full\" src=\"http:\/\/www.sana.sy\/tr\/wp-content\/uploads\/2014\/06\/Asal-el-vared-6.jpg\" alt=\"Asal el vared 6\" width=\"620\" height=\"330\" srcset=\"https:\/\/archive.sana.sy\/tr\/wp-content\/uploads\/2014\/06\/Asal-el-vared-6.jpg 620w, https:\/\/archive.sana.sy\/tr\/wp-content\/uploads\/2014\/06\/Asal-el-vared-6-150x79.jpg 150w, https:\/\/archive.sana.sy\/tr\/wp-content\/uploads\/2014\/06\/Asal-el-vared-6-300x160.jpg 300w\" sizes=\"auto, (max-width: 620px) 100vw, 620px\" \/><\/a> <a href=\"http:\/\/www.sana.sy\/tr\/wp-content\/uploads\/2014\/06\/Asal-el-vared-5.jpg\"><img loading=\"lazy\" decoding=\"async\" class=\"aligncenter wp-image-4312 size-full\" src=\"http:\/\/www.sana.sy\/tr\/wp-content\/uploads\/2014\/06\/Asal-el-vared-5.jpg\" alt=\"Asal el vared 5\" width=\"620\" height=\"330\" srcset=\"https:\/\/archive.sana.sy\/tr\/wp-content\/uploads\/2014\/06\/Asal-el-vared-5.jpg 620w, https:\/\/archive.sana.sy\/tr\/wp-content\/uploads\/2014\/06\/Asal-el-vared-5-150x79.jpg 150w, https:\/\/archive.sana.sy\/tr\/wp-content\/uploads\/2014\/06\/Asal-el-vared-5-300x160.jpg 300w\" sizes=\"auto, (max-width: 620px) 100vw, 620px\" \/><\/a><\/p>\n","protected":false},"excerpt":{"rendered":"<p>\u0130LLER \u2013 Vatan koruyucular\u0131 ordu birliklerimiz \u015eam k\u0131rsal\u0131n\u0131n Kalemun B\u00f6lgesinde ikisi L\u00fcbnan plakas\u0131 ta\u015f\u0131yan bombal\u0131 3 ara\u00e7 ele ge\u00e7irdi. Askeri bir kaynak ordu birliklerimizin L\u00fcbnan s\u0131n\u0131rlar\u0131na d\u00fc\u015fen s\u00f6z konusu b\u00f6lgede ter\u00f6ristleri kovalama operasyonlar\u0131 s\u0131ras\u0131nda ayr\u0131ca Ayn el Hsayn Vadisinde de ter\u00f6ristlere ait bir saha hastanesinin yan\u0131 s\u0131ra t\u0131bbi cihazlar ve ila\u00e7 deposu ele ge\u00e7irdiklerini belirtti. &hellip;<\/p>\n","protected":false},"author":1,"featured_media":4307,"comment_status":"closed","ping_status":"closed","sticky":false,"template":"","format":"standard","meta":{"footnotes":""},"categories":[575],"tags":[926,927],"class_list":["post-4293","post","type-post","status-publish","format-standard","has-post-thumbnail","","category-olaylar-ve-gercekler","tag-bir-katliam-girisimi-daha-cokertildi","tag-gaddarlarin-katliam-girisimleri-cokertildi"],"_links":{"self":[{"href":"https:\/\/archive.sana.sy\/tr\/index.php?rest_route=\/wp\/v2\/posts\/4293","targetHints":{"allow":["GET"]}}],"collection":[{"href":"https:\/\/archive.sana.sy\/tr\/index.php?rest_route=\/wp\/v2\/posts"}],"about":[{"href":"https:\/\/archive.sana.sy\/tr\/index.php?rest_route=\/wp\/v2\/types\/post"}],"author":[{"embeddable":true,"href":"https:\/\/archive.sana.sy\/tr\/index.php?rest_route=\/wp\/v2\/users\/1"}],"replies":[{"embeddable":true,"href":"https:\/\/archive.sana.sy\/tr\/index.php?rest_route=%2Fwp%2Fv2%2Fcomments&post=4293"}],"version-history":[{"count":0,"href":"https:\/\/archive.sana.sy\/tr\/index.php?rest_route=\/wp\/v2\/posts\/4293\/revisions"}],"wp:featuredmedia":[{"embeddable":true,"href":"https:\/\/archive.sana.sy\/tr\/index.php?rest_route=\/wp\/v2\/media\/4307"}],"wp:attachment":[{"href":"https:\/\/archive.sana.sy\/tr\/index.php?rest_route=%2Fwp%2Fv2%2Fmedia&parent=4293"}],"wp:term":[{"taxonomy":"category","embeddable":true,"href":"https:\/\/archive.sana.sy\/tr\/index.php?rest_route=%2Fwp%2Fv2%2Fcategories&post=4293"},{"taxonomy":"post_tag","embeddable":true,"href":"https:\/\/archive.sana.sy\/tr\/index.php?rest_route=%2Fwp%2Fv2%2Ftags&post=4293"}],"curies":[{"name":"wp","href":"https:\/\/api.w.org\/{rel}","templated":true}]}}