{"id":42934,"date":"2015-08-05T15:25:10","date_gmt":"2015-08-05T12:25:10","guid":{"rendered":"http:\/\/sana.sy\/tr\/?p=42934"},"modified":"2015-08-05T15:27:35","modified_gmt":"2015-08-05T12:27:35","slug":"seyyide-zeynepte-cevre-kampanyasi","status":"publish","type":"post","link":"https:\/\/archive.sana.sy\/tr\/?p=42934","title":{"rendered":"Seyyide Zeynep\u2019te \u00c7evre Kampanyas\u0131"},"content":{"rendered":"<p>\u015eAM KIRSALI \u2013 \u00c7evre \u0130\u015flerinden Sorumlu Devlet Bakanl\u0131\u011f\u0131 bug\u00fcn \u015eam k\u0131rsal\u0131n\u0131n g\u00fcneyi Seyyide Zeynep B\u00f6lgesinde \u00e7evresel etkinlikler kampanyas\u0131 ba\u015flatt\u0131.<\/p>\n<p>Etkinliklerde \u00e7evre ve \u00e7evreyi koruman\u0131n toplumsal bir g\u00f6rev oldu\u011fu ifade edilirken, bu ba\u011flamda sadece devlete de\u011fil, toplumun t\u00fcm fertlerine bir sorumluluk d\u00fc\u015ft\u00fc\u011f\u00fcne dikkat \u00e7ekildi. Etkinliklerde u ba\u011flamda toplumu bilin\u00e7lendirme faaliyetleri yap\u0131ld\u0131.<\/p>\n<p>Etkinlikler Kapsam\u0131nda Seyyide Zeynep Belediyesi meclisiyle bir araya gelen \u00c7evre \u0130\u015flerinden Sorumlu Devlet Bakan\u0131 Nazire Serkis; \u00e7evrenin korunmas\u0131 ve \u00e7evre bilincinin toplum i\u00e7inde peki\u015ftirilmesinde resmi ve sivil muhtelif kurum ve \u00f6rg\u00fctlerin \u00e7al\u0131\u015fmalar\u0131n\u0131 birle\u015ftirmeleri \u00f6nemine dikkat \u00e7ekti.<\/p>\n<div id='gallery-1' class='gallery galleryid-42934 gallery-columns-2 gallery-size-thumbnail'><figure class='gallery-item'>\n\t\t\t<div class='gallery-icon landscape'>\n\t\t\t\t<a href='https:\/\/archive.sana.sy\/tr\/wp-content\/uploads\/2015\/08\/\u00e7evre-2.jpg'><img loading=\"lazy\" decoding=\"async\" width=\"150\" height=\"98\" src=\"https:\/\/archive.sana.sy\/tr\/wp-content\/uploads\/2015\/08\/\u00e7evre-2-150x98.jpg\" class=\"attachment-thumbnail size-thumbnail\" alt=\"\" srcset=\"https:\/\/archive.sana.sy\/tr\/wp-content\/uploads\/2015\/08\/\u00e7evre-2-150x98.jpg 150w, https:\/\/archive.sana.sy\/tr\/wp-content\/uploads\/2015\/08\/\u00e7evre-2-300x195.jpg 300w, https:\/\/archive.sana.sy\/tr\/wp-content\/uploads\/2015\/08\/\u00e7evre-2.jpg 1000w\" sizes=\"auto, (max-width: 150px) 100vw, 150px\" \/><\/a>\n\t\t\t<\/div><\/figure><figure class='gallery-item'>\n\t\t\t<div class='gallery-icon landscape'>\n\t\t\t\t<a href='https:\/\/archive.sana.sy\/tr\/wp-content\/uploads\/2015\/08\/\u00e7evre-3.jpg'><img loading=\"lazy\" decoding=\"async\" width=\"150\" height=\"100\" src=\"https:\/\/archive.sana.sy\/tr\/wp-content\/uploads\/2015\/08\/\u00e7evre-3-150x100.jpg\" class=\"attachment-thumbnail size-thumbnail\" alt=\"\" srcset=\"https:\/\/archive.sana.sy\/tr\/wp-content\/uploads\/2015\/08\/\u00e7evre-3-150x100.jpg 150w, https:\/\/archive.sana.sy\/tr\/wp-content\/uploads\/2015\/08\/\u00e7evre-3-300x200.jpg 300w, https:\/\/archive.sana.sy\/tr\/wp-content\/uploads\/2015\/08\/\u00e7evre-3.jpg 1000w\" sizes=\"auto, (max-width: 150px) 100vw, 150px\" \/><\/a>\n\t\t\t<\/div><\/figure><figure class='gallery-item'>\n\t\t\t<div class='gallery-icon landscape'>\n\t\t\t\t<a href='https:\/\/archive.sana.sy\/tr\/wp-content\/uploads\/2015\/08\/\u00e7evre-4.jpg'><img loading=\"lazy\" decoding=\"async\" width=\"150\" height=\"100\" src=\"https:\/\/archive.sana.sy\/tr\/wp-content\/uploads\/2015\/08\/\u00e7evre-4-150x100.jpg\" class=\"attachment-thumbnail size-thumbnail\" alt=\"\" srcset=\"https:\/\/archive.sana.sy\/tr\/wp-content\/uploads\/2015\/08\/\u00e7evre-4-150x100.jpg 150w, https:\/\/archive.sana.sy\/tr\/wp-content\/uploads\/2015\/08\/\u00e7evre-4-300x200.jpg 300w, https:\/\/archive.sana.sy\/tr\/wp-content\/uploads\/2015\/08\/\u00e7evre-4.jpg 1000w\" sizes=\"auto, (max-width: 150px) 100vw, 150px\" \/><\/a>\n\t\t\t<\/div><\/figure><figure class='gallery-item'>\n\t\t\t<div class='gallery-icon landscape'>\n\t\t\t\t<a href='https:\/\/archive.sana.sy\/tr\/wp-content\/uploads\/2015\/08\/\u00e7evre-5.jpg'><img loading=\"lazy\" decoding=\"async\" width=\"150\" height=\"94\" src=\"https:\/\/archive.sana.sy\/tr\/wp-content\/uploads\/2015\/08\/\u00e7evre-5-150x94.jpg\" class=\"attachment-thumbnail size-thumbnail\" alt=\"\" srcset=\"https:\/\/archive.sana.sy\/tr\/wp-content\/uploads\/2015\/08\/\u00e7evre-5-150x94.jpg 150w, https:\/\/archive.sana.sy\/tr\/wp-content\/uploads\/2015\/08\/\u00e7evre-5-300x188.jpg 300w, https:\/\/archive.sana.sy\/tr\/wp-content\/uploads\/2015\/08\/\u00e7evre-5.jpg 1000w\" sizes=\"auto, (max-width: 150px) 100vw, 150px\" \/><\/a>\n\t\t\t<\/div><\/figure>\n\t\t<\/div>\n\n<p>A.A. &#8211; M.M.<\/p>\n","protected":false},"excerpt":{"rendered":"<p>\u015eAM KIRSALI \u2013 \u00c7evre \u0130\u015flerinden Sorumlu Devlet Bakanl\u0131\u011f\u0131 bug\u00fcn \u015eam k\u0131rsal\u0131n\u0131n g\u00fcneyi Seyyide Zeynep B\u00f6lgesinde \u00e7evresel etkinlikler kampanyas\u0131 ba\u015flatt\u0131. Etkinliklerde \u00e7evre ve \u00e7evreyi koruman\u0131n toplumsal bir g\u00f6rev oldu\u011fu ifade edilirken, bu ba\u011flamda sadece devlete de\u011fil, toplumun t\u00fcm fertlerine bir sorumluluk d\u00fc\u015ft\u00fc\u011f\u00fcne dikkat \u00e7ekildi. Etkinliklerde u ba\u011flamda toplumu bilin\u00e7lendirme faaliyetleri yap\u0131ld\u0131. Etkinlikler Kapsam\u0131nda Seyyide Zeynep Belediyesi &hellip;<\/p>\n","protected":false},"author":1,"featured_media":42936,"comment_status":"closed","ping_status":"closed","sticky":false,"template":"","format":"standard","meta":{"footnotes":""},"categories":[596,479,478],"tags":[],"class_list":["post-42934","post","type-post","status-publish","format-standard","has-post-thumbnail","","category-fotografli-raporlar","category-haberler-yerel","category-yerel"],"_links":{"self":[{"href":"https:\/\/archive.sana.sy\/tr\/index.php?rest_route=\/wp\/v2\/posts\/42934","targetHints":{"allow":["GET"]}}],"collection":[{"href":"https:\/\/archive.sana.sy\/tr\/index.php?rest_route=\/wp\/v2\/posts"}],"about":[{"href":"https:\/\/archive.sana.sy\/tr\/index.php?rest_route=\/wp\/v2\/types\/post"}],"author":[{"embeddable":true,"href":"https:\/\/archive.sana.sy\/tr\/index.php?rest_route=\/wp\/v2\/users\/1"}],"replies":[{"embeddable":true,"href":"https:\/\/archive.sana.sy\/tr\/index.php?rest_route=%2Fwp%2Fv2%2Fcomments&post=42934"}],"version-history":[{"count":0,"href":"https:\/\/archive.sana.sy\/tr\/index.php?rest_route=\/wp\/v2\/posts\/42934\/revisions"}],"wp:featuredmedia":[{"embeddable":true,"href":"https:\/\/archive.sana.sy\/tr\/index.php?rest_route=\/wp\/v2\/media\/42936"}],"wp:attachment":[{"href":"https:\/\/archive.sana.sy\/tr\/index.php?rest_route=%2Fwp%2Fv2%2Fmedia&parent=42934"}],"wp:term":[{"taxonomy":"category","embeddable":true,"href":"https:\/\/archive.sana.sy\/tr\/index.php?rest_route=%2Fwp%2Fv2%2Fcategories&post=42934"},{"taxonomy":"post_tag","embeddable":true,"href":"https:\/\/archive.sana.sy\/tr\/index.php?rest_route=%2Fwp%2Fv2%2Ftags&post=42934"}],"curies":[{"name":"wp","href":"https:\/\/api.w.org\/{rel}","templated":true}]}}