{"id":42947,"date":"2015-08-05T15:37:16","date_gmt":"2015-08-05T12:37:16","guid":{"rendered":"http:\/\/sana.sy\/tr\/?p=42947"},"modified":"2015-08-05T18:02:15","modified_gmt":"2015-08-05T15:02:15","slug":"filistinli-cocuklar-bm-binasi-onunde-eylem-duzenledi","status":"publish","type":"post","link":"https:\/\/archive.sana.sy\/tr\/?p=42947","title":{"rendered":"Filistinli \u00c7ocuklar BM Binas\u0131 \u00d6n\u00fcnde Eylem D\u00fczenledi"},"content":{"rendered":"<p>\u015eAM \u2013 Suriye&#8217;de ya\u015fayan Filistinli m\u00fcltecilerden onlarca \u00e7ocuk bug\u00fcn Birle\u015fmi\u015f Milletlerin \u015eam\u2019\u0131n meze Semtindeki binas\u0131 \u00f6n\u00fcnde i\u015fgalci \u0130srail&#8217;in Filistinlilere kar\u015f\u0131 d\u00fc\u015fmanc\u0131 sald\u0131r\u0131lar\u0131n\u0131 protesto etti.<\/p>\n<p>Filistinli Direni\u015f G\u00fc\u00e7leri \u0130ttifak\u0131n\u0131n organize etti\u011fi eylemde Filistinli \u00e7ocuklar; son olarak Nablus B\u00f6lgesinde 1.5 ya\u015flar\u0131ndaki Ali Devabi\u015fe\u2019nin canl\u0131 canl\u0131 yak\u0131lmas\u0131 ba\u015fta olmak \u00fczere i\u015fgal otoriteleri ve Yahudi yerle\u015fimcilerin Filistin\u2019de masum halka kar\u015f\u0131 i\u015fledikleri cinayetleri \u015fiddetle k\u0131nad\u0131lar.<\/p>\n<p>Filistinli \u00e7ocuklar eylemlerinde Filistin ve Suriye bayraklar\u0131n\u0131n yan\u0131 s\u0131ra Filistinli kentlerine delalet eden pankartlar ta\u015f\u0131rlarken; \u0130srail\u2019in \u00f6zellikle Filistinli \u00e7ocuklara ve gen\u00e7lere olmak \u00fczere genel olarak Filistin halk\u0131na y\u00f6nelik cinayetlerini k\u0131nayan sloganlar att\u0131lar.<\/p>\n<p>Eylemde Suriye&#8217;de ya\u015fayan Filistinli g\u00fc\u00e7ler, faaliyetler ve halk \u00f6rg\u00fctlerinin yan\u0131 s\u0131ra \u00e7ocuk ve gen\u00e7ler ad\u0131na haz\u0131rlanan bir beyan BM genel sekreterine teslim edilmek \u00fczere BM\u2019nin \u015eam temsilcisine verilmeden \u00f6nce Filistinli Ayet Talip taraf\u0131ndan okundu.<\/p>\n<div id='gallery-1' class='gallery galleryid-42947 gallery-columns-2 gallery-size-medium'><figure class='gallery-item'>\n\t\t\t<div class='gallery-icon landscape'>\n\t\t\t\t<a href='https:\/\/archive.sana.sy\/tr\/wp-content\/uploads\/2015\/08\/Filistinli-2.jpg'><img loading=\"lazy\" decoding=\"async\" width=\"300\" height=\"201\" src=\"https:\/\/archive.sana.sy\/tr\/wp-content\/uploads\/2015\/08\/Filistinli-2-300x201.jpg\" class=\"attachment-medium size-medium\" alt=\"\" srcset=\"https:\/\/archive.sana.sy\/tr\/wp-content\/uploads\/2015\/08\/Filistinli-2-300x201.jpg 300w, https:\/\/archive.sana.sy\/tr\/wp-content\/uploads\/2015\/08\/Filistinli-2-150x100.jpg 150w, https:\/\/archive.sana.sy\/tr\/wp-content\/uploads\/2015\/08\/Filistinli-2.jpg 1000w\" sizes=\"auto, (max-width: 300px) 100vw, 300px\" \/><\/a>\n\t\t\t<\/div><\/figure><figure class='gallery-item'>\n\t\t\t<div class='gallery-icon landscape'>\n\t\t\t\t<a href='https:\/\/archive.sana.sy\/tr\/wp-content\/uploads\/2015\/08\/Filistinli-1.jpg'><img loading=\"lazy\" decoding=\"async\" width=\"300\" height=\"201\" src=\"https:\/\/archive.sana.sy\/tr\/wp-content\/uploads\/2015\/08\/Filistinli-1-300x201.jpg\" class=\"attachment-medium size-medium\" alt=\"\" srcset=\"https:\/\/archive.sana.sy\/tr\/wp-content\/uploads\/2015\/08\/Filistinli-1-300x201.jpg 300w, https:\/\/archive.sana.sy\/tr\/wp-content\/uploads\/2015\/08\/Filistinli-1-150x100.jpg 150w, https:\/\/archive.sana.sy\/tr\/wp-content\/uploads\/2015\/08\/Filistinli-1.jpg 1000w\" sizes=\"auto, (max-width: 300px) 100vw, 300px\" \/><\/a>\n\t\t\t<\/div><\/figure><figure class='gallery-item'>\n\t\t\t<div class='gallery-icon landscape'>\n\t\t\t\t<a href='https:\/\/archive.sana.sy\/tr\/wp-content\/uploads\/2015\/08\/Filistinli-6.jpg'><img loading=\"lazy\" decoding=\"async\" width=\"300\" height=\"212\" src=\"https:\/\/archive.sana.sy\/tr\/wp-content\/uploads\/2015\/08\/Filistinli-6-300x212.jpg\" class=\"attachment-medium size-medium\" alt=\"\" srcset=\"https:\/\/archive.sana.sy\/tr\/wp-content\/uploads\/2015\/08\/Filistinli-6-300x212.jpg 300w, https:\/\/archive.sana.sy\/tr\/wp-content\/uploads\/2015\/08\/Filistinli-6-150x106.jpg 150w, https:\/\/archive.sana.sy\/tr\/wp-content\/uploads\/2015\/08\/Filistinli-6.jpg 1000w\" sizes=\"auto, (max-width: 300px) 100vw, 300px\" \/><\/a>\n\t\t\t<\/div><\/figure><figure class='gallery-item'>\n\t\t\t<div class='gallery-icon landscape'>\n\t\t\t\t<a href='https:\/\/archive.sana.sy\/tr\/wp-content\/uploads\/2015\/08\/Filistinli-4.jpg'><img loading=\"lazy\" decoding=\"async\" width=\"300\" height=\"222\" src=\"https:\/\/archive.sana.sy\/tr\/wp-content\/uploads\/2015\/08\/Filistinli-4-300x222.jpg\" class=\"attachment-medium size-medium\" alt=\"\" srcset=\"https:\/\/archive.sana.sy\/tr\/wp-content\/uploads\/2015\/08\/Filistinli-4-300x222.jpg 300w, https:\/\/archive.sana.sy\/tr\/wp-content\/uploads\/2015\/08\/Filistinli-4-150x111.jpg 150w, https:\/\/archive.sana.sy\/tr\/wp-content\/uploads\/2015\/08\/Filistinli-4.jpg 1000w\" sizes=\"auto, (max-width: 300px) 100vw, 300px\" \/><\/a>\n\t\t\t<\/div><\/figure>\n\t\t<\/div>\n\n<p>https:\/\/www.youtube.com\/watch?v=vNAk2fq5nvk<\/p>\n<p>&nbsp;<\/p>\n<p>A.A. &#8211; M.M.<\/p>\n","protected":false},"excerpt":{"rendered":"<p>\u015eAM \u2013 Suriye&#8217;de ya\u015fayan Filistinli m\u00fcltecilerden onlarca \u00e7ocuk bug\u00fcn Birle\u015fmi\u015f Milletlerin \u015eam\u2019\u0131n meze Semtindeki binas\u0131 \u00f6n\u00fcnde i\u015fgalci \u0130srail&#8217;in Filistinlilere kar\u015f\u0131 d\u00fc\u015fmanc\u0131 sald\u0131r\u0131lar\u0131n\u0131 protesto etti. Filistinli Direni\u015f G\u00fc\u00e7leri \u0130ttifak\u0131n\u0131n organize etti\u011fi eylemde Filistinli \u00e7ocuklar; son olarak Nablus B\u00f6lgesinde 1.5 ya\u015flar\u0131ndaki Ali Devabi\u015fe\u2019nin canl\u0131 canl\u0131 yak\u0131lmas\u0131 ba\u015fta olmak \u00fczere i\u015fgal otoriteleri ve Yahudi yerle\u015fimcilerin Filistin\u2019de masum halka &hellip;<\/p>\n","protected":false},"author":1,"featured_media":42952,"comment_status":"closed","ping_status":"closed","sticky":false,"template":"","format":"standard","meta":{"footnotes":""},"categories":[596,479,447,478],"tags":[],"class_list":["post-42947","post","type-post","status-publish","format-standard","has-post-thumbnail","","category-fotografli-raporlar","category-haberler-yerel","category-politika","category-yerel"],"_links":{"self":[{"href":"https:\/\/archive.sana.sy\/tr\/index.php?rest_route=\/wp\/v2\/posts\/42947","targetHints":{"allow":["GET"]}}],"collection":[{"href":"https:\/\/archive.sana.sy\/tr\/index.php?rest_route=\/wp\/v2\/posts"}],"about":[{"href":"https:\/\/archive.sana.sy\/tr\/index.php?rest_route=\/wp\/v2\/types\/post"}],"author":[{"embeddable":true,"href":"https:\/\/archive.sana.sy\/tr\/index.php?rest_route=\/wp\/v2\/users\/1"}],"replies":[{"embeddable":true,"href":"https:\/\/archive.sana.sy\/tr\/index.php?rest_route=%2Fwp%2Fv2%2Fcomments&post=42947"}],"version-history":[{"count":0,"href":"https:\/\/archive.sana.sy\/tr\/index.php?rest_route=\/wp\/v2\/posts\/42947\/revisions"}],"wp:featuredmedia":[{"embeddable":true,"href":"https:\/\/archive.sana.sy\/tr\/index.php?rest_route=\/wp\/v2\/media\/42952"}],"wp:attachment":[{"href":"https:\/\/archive.sana.sy\/tr\/index.php?rest_route=%2Fwp%2Fv2%2Fmedia&parent=42947"}],"wp:term":[{"taxonomy":"category","embeddable":true,"href":"https:\/\/archive.sana.sy\/tr\/index.php?rest_route=%2Fwp%2Fv2%2Fcategories&post=42947"},{"taxonomy":"post_tag","embeddable":true,"href":"https:\/\/archive.sana.sy\/tr\/index.php?rest_route=%2Fwp%2Fv2%2Ftags&post=42947"}],"curies":[{"name":"wp","href":"https:\/\/api.w.org\/{rel}","templated":true}]}}