{"id":43014,"date":"2015-08-06T09:00:32","date_gmt":"2015-08-06T06:00:32","guid":{"rendered":"http:\/\/www.sana.sy\/tr\/?p=43014"},"modified":"2015-08-06T13:04:40","modified_gmt":"2015-08-06T10:04:40","slug":"askeri-kaynak-ordu-birliklerimizin-dera-mahatta-bolgesindeki-ebu-bekir-camii-yakinlarinda-terorist-ve-cephane-tasiyan-bircok-araci-imha-ettiklerini-7-teroristi-de-oldurduklerini-belirtti","status":"publish","type":"post","link":"https:\/\/archive.sana.sy\/tr\/?p=43014","title":{"rendered":"Askeri kaynak ordu birliklerimizin Dera Mahatta B\u00f6lgesindeki Ebu Bekir Camii yak\u0131nlar\u0131nda ter\u00f6rist ve cephane ta\u015f\u0131yan bir\u00e7ok arac\u0131 imha ettiklerini, 7 ter\u00f6risti de \u00f6ld\u00fcrd\u00fcklerini belirtti"},"content":{"rendered":"<p>Askeri kaynak ordu birliklerimizin Dera Mahatta B\u00f6lgesindeki Ebu Bekir Camii yak\u0131nlar\u0131nda ter\u00f6rist ve cephane ta\u015f\u0131yan bir\u00e7ok arac\u0131 imha ettiklerini, 7 ter\u00f6risti de \u00f6ld\u00fcrd\u00fcklerini belirtti<\/p>\n","protected":false},"excerpt":{"rendered":"<p>Askeri kaynak ordu birliklerimizin Dera Mahatta B\u00f6lgesindeki Ebu Bekir Camii yak\u0131nlar\u0131nda ter\u00f6rist ve cephane ta\u015f\u0131yan bir\u00e7ok arac\u0131 imha ettiklerini, 7 ter\u00f6risti de \u00f6ld\u00fcrd\u00fcklerini belirtti<\/p>\n","protected":false},"author":1,"featured_media":0,"comment_status":"closed","ping_status":"closed","sticky":false,"template":"","format":"standard","meta":{"footnotes":""},"categories":[1],"tags":[],"class_list":["post-43014","post","type-post","status-publish","format-standard","","category-news-not-sorted"],"_links":{"self":[{"href":"https:\/\/archive.sana.sy\/tr\/index.php?rest_route=\/wp\/v2\/posts\/43014","targetHints":{"allow":["GET"]}}],"collection":[{"href":"https:\/\/archive.sana.sy\/tr\/index.php?rest_route=\/wp\/v2\/posts"}],"about":[{"href":"https:\/\/archive.sana.sy\/tr\/index.php?rest_route=\/wp\/v2\/types\/post"}],"author":[{"embeddable":true,"href":"https:\/\/archive.sana.sy\/tr\/index.php?rest_route=\/wp\/v2\/users\/1"}],"replies":[{"embeddable":true,"href":"https:\/\/archive.sana.sy\/tr\/index.php?rest_route=%2Fwp%2Fv2%2Fcomments&post=43014"}],"version-history":[{"count":0,"href":"https:\/\/archive.sana.sy\/tr\/index.php?rest_route=\/wp\/v2\/posts\/43014\/revisions"}],"wp:attachment":[{"href":"https:\/\/archive.sana.sy\/tr\/index.php?rest_route=%2Fwp%2Fv2%2Fmedia&parent=43014"}],"wp:term":[{"taxonomy":"category","embeddable":true,"href":"https:\/\/archive.sana.sy\/tr\/index.php?rest_route=%2Fwp%2Fv2%2Fcategories&post=43014"},{"taxonomy":"post_tag","embeddable":true,"href":"https:\/\/archive.sana.sy\/tr\/index.php?rest_route=%2Fwp%2Fv2%2Ftags&post=43014"}],"curies":[{"name":"wp","href":"https:\/\/api.w.org\/{rel}","templated":true}]}}