{"id":4302,"date":"2014-07-01T12:30:40","date_gmt":"2014-07-01T09:30:40","guid":{"rendered":"http:\/\/www.sana.sy\/tr\/?p=4302"},"modified":"2014-07-01T16:34:36","modified_gmt":"2014-07-01T13:34:36","slug":"dicle-sulama-projesinin-ilk-asamasi-uygulamaya-hazir","status":"publish","type":"post","link":"https:\/\/archive.sana.sy\/tr\/?p=4302","title":{"rendered":"Dicle Sulama Projesinin \u0130lk A\u015famas\u0131 Uygulamaya Haz\u0131r"},"content":{"rendered":"<p>\u015eAM \u2013 Su Kaynaklar\u0131 komisyonu d\u00fcn\u00a0Rusyal\u0131 Story Trans Do\u011falgaz \u015firketi ile Dicle Sulama Projesinin ilk a\u015famas\u0131n\u0131 uygulamak i\u00e7in bir protokol imzalad\u0131lar.<\/p>\n<p>Dicle Nehrinden merkezi bir pompa arac\u0131l\u0131\u011f\u0131yla Ayn el Diyvar b\u00f6lgesine sulama \u015febekesi kurulmas\u0131n\u0131 kapsayan ve 193 Milyon euro maliyetinde olan proje y\u0131lda 1250 milyon metre k\u00fcp suyu sulamada kulland\u0131rtmay\u0131 ama\u00e7l\u0131yor.<br \/>\nSu Kaynaklar\u0131 Bakan\u0131 Bessam Hanna projenin ulusal ekonomi ve kalk\u0131nma y\u00f6n\u00fcnden \u00f6nemine dikkat \u00e7ekerek; projenin \u00f6zellikle Rakka b\u00f6lgesinde tar\u0131ma b\u00fcy\u00fck katk\u0131 sa\u011flayaca\u011f\u0131n\u0131 vurgulad\u0131.<\/p>\n<p><a href=\"http:\/\/www.sana.sy\/tr\/wp-content\/uploads\/2014\/06\/Anla\u015fma-2.jpg\"><img loading=\"lazy\" decoding=\"async\" class=\"alignright wp-image-4304 size-medium\" src=\"http:\/\/www.sana.sy\/tr\/wp-content\/uploads\/2014\/06\/Anla\u015fma-2-300x197.jpg\" alt=\"Anla\u015fma 2\" width=\"300\" height=\"197\" srcset=\"https:\/\/archive.sana.sy\/tr\/wp-content\/uploads\/2014\/06\/Anla\u015fma-2-300x197.jpg 300w, https:\/\/archive.sana.sy\/tr\/wp-content\/uploads\/2014\/06\/Anla\u015fma-2-150x98.jpg 150w, https:\/\/archive.sana.sy\/tr\/wp-content\/uploads\/2014\/06\/Anla\u015fma-2-1024x674.jpg 1024w\" sizes=\"auto, (max-width: 300px) 100vw, 300px\" \/><\/a>Projeyle tar\u0131m alanlar\u0131na 150 bin hektar eklenece\u011fine dikkat \u00e7eken Hanna; b\u00f6ylece sulama ile tar\u0131m yap\u0131lan toplam arazinin 214 hektara ula\u015fmas\u0131n\u0131n beklendi\u011fini aktard\u0131.<\/p>\n<p>Projenin Cumhurba\u015fkan\u0131 Be\u015f\u015far el Esad\u2019\u0131n y\u00f6nlendirmesiyle uygulanmaya ba\u015fland\u0131\u011f\u0131n\u0131n alt\u0131n\u0131 \u00e7izen Bakan Hanna; Dicle havzas\u0131ndaki tar\u0131m durumunun geli\u015ftirilmesinde b\u00fcy\u00fck bir ad\u0131m at\u0131lm\u0131\u015f oldununu vurgulad\u0131.<\/p>\n<p>\u00d6te yandan Dicle Sulama Projesinin en b\u00fcy\u00fck kalk\u0131nma projeleri aras\u0131nda yer ald\u0131\u011f\u0131n\u0131 ifade eden Ziraat Bakan\u0131 Ahmet el Kadri; projenin uygulanaca\u011f\u0131 b\u00f6lgede daha \u00f6nce ya\u011fmur suyuna dayal\u0131 tar\u0131m yap\u0131ld\u0131\u011f\u0131n\u0131 sulama ile tar\u0131m\u0131n b\u00f6lgeye hayat getirece\u011fini belirtti.<\/p>\n<p>&nbsp;<\/p>\n","protected":false},"excerpt":{"rendered":"<p>\u015eAM \u2013 Su Kaynaklar\u0131 komisyonu d\u00fcn\u00a0Rusyal\u0131 Story Trans Do\u011falgaz \u015firketi ile Dicle Sulama Projesinin ilk a\u015famas\u0131n\u0131 uygulamak i\u00e7in bir protokol imzalad\u0131lar. Dicle Nehrinden merkezi bir pompa arac\u0131l\u0131\u011f\u0131yla Ayn el Diyvar b\u00f6lgesine sulama \u015febekesi kurulmas\u0131n\u0131 kapsayan ve 193 Milyon euro maliyetinde olan proje y\u0131lda 1250 milyon metre k\u00fcp suyu sulamada kulland\u0131rtmay\u0131 ama\u00e7l\u0131yor. Su Kaynaklar\u0131 Bakan\u0131 Bessam &hellip;<\/p>\n","protected":false},"author":1,"featured_media":4303,"comment_status":"closed","ping_status":"closed","sticky":false,"template":"","format":"standard","meta":{"footnotes":""},"categories":[485],"tags":[929],"class_list":["post-4302","post","type-post","status-publish","format-standard","has-post-thumbnail","","category-is-ve-sermaye","tag-dicle-sulama-projesinin-ilk-asamasi-uygulamaya-hazir"],"_links":{"self":[{"href":"https:\/\/archive.sana.sy\/tr\/index.php?rest_route=\/wp\/v2\/posts\/4302","targetHints":{"allow":["GET"]}}],"collection":[{"href":"https:\/\/archive.sana.sy\/tr\/index.php?rest_route=\/wp\/v2\/posts"}],"about":[{"href":"https:\/\/archive.sana.sy\/tr\/index.php?rest_route=\/wp\/v2\/types\/post"}],"author":[{"embeddable":true,"href":"https:\/\/archive.sana.sy\/tr\/index.php?rest_route=\/wp\/v2\/users\/1"}],"replies":[{"embeddable":true,"href":"https:\/\/archive.sana.sy\/tr\/index.php?rest_route=%2Fwp%2Fv2%2Fcomments&post=4302"}],"version-history":[{"count":0,"href":"https:\/\/archive.sana.sy\/tr\/index.php?rest_route=\/wp\/v2\/posts\/4302\/revisions"}],"wp:featuredmedia":[{"embeddable":true,"href":"https:\/\/archive.sana.sy\/tr\/index.php?rest_route=\/wp\/v2\/media\/4303"}],"wp:attachment":[{"href":"https:\/\/archive.sana.sy\/tr\/index.php?rest_route=%2Fwp%2Fv2%2Fmedia&parent=4302"}],"wp:term":[{"taxonomy":"category","embeddable":true,"href":"https:\/\/archive.sana.sy\/tr\/index.php?rest_route=%2Fwp%2Fv2%2Fcategories&post=4302"},{"taxonomy":"post_tag","embeddable":true,"href":"https:\/\/archive.sana.sy\/tr\/index.php?rest_route=%2Fwp%2Fv2%2Ftags&post=4302"}],"curies":[{"name":"wp","href":"https:\/\/api.w.org\/{rel}","templated":true}]}}