{"id":43021,"date":"2015-08-06T13:58:23","date_gmt":"2015-08-06T10:58:23","guid":{"rendered":"http:\/\/www.sana.sy\/tr\/?p=43021"},"modified":"2015-08-06T13:58:23","modified_gmt":"2015-08-06T10:58:23","slug":"teroristlerin-halep-kentinin-selahattin-semti-kenarlarini-fuzelerle-hedef-almalari-sonucunda-8-vatandas-yaralandi","status":"publish","type":"post","link":"https:\/\/archive.sana.sy\/tr\/?p=43021","title":{"rendered":"Ter\u00f6ristlerin Halep Kentinin Selahattin Semti kenarlar\u0131n\u0131 f\u00fczelerle hedef almalar\u0131 sonucunda 8 vatanda\u015f yaraland\u0131"},"content":{"rendered":"<p>Ter\u00f6ristlerin Halep Kentinin Selahattin Semti kenarlar\u0131n\u0131 f\u00fczelerle hedef almalar\u0131 sonucunda 8 vatanda\u015f yaraland\u0131<\/p>\n","protected":false},"excerpt":{"rendered":"<p>Ter\u00f6ristlerin Halep Kentinin Selahattin Semti kenarlar\u0131n\u0131 f\u00fczelerle hedef almalar\u0131 sonucunda 8 vatanda\u015f yaraland\u0131<\/p>\n","protected":false},"author":1,"featured_media":0,"comment_status":"closed","ping_status":"closed","sticky":false,"template":"","format":"standard","meta":{"footnotes":""},"categories":[1],"tags":[],"class_list":["post-43021","post","type-post","status-publish","format-standard","","category-news-not-sorted"],"_links":{"self":[{"href":"https:\/\/archive.sana.sy\/tr\/index.php?rest_route=\/wp\/v2\/posts\/43021","targetHints":{"allow":["GET"]}}],"collection":[{"href":"https:\/\/archive.sana.sy\/tr\/index.php?rest_route=\/wp\/v2\/posts"}],"about":[{"href":"https:\/\/archive.sana.sy\/tr\/index.php?rest_route=\/wp\/v2\/types\/post"}],"author":[{"embeddable":true,"href":"https:\/\/archive.sana.sy\/tr\/index.php?rest_route=\/wp\/v2\/users\/1"}],"replies":[{"embeddable":true,"href":"https:\/\/archive.sana.sy\/tr\/index.php?rest_route=%2Fwp%2Fv2%2Fcomments&post=43021"}],"version-history":[{"count":0,"href":"https:\/\/archive.sana.sy\/tr\/index.php?rest_route=\/wp\/v2\/posts\/43021\/revisions"}],"wp:attachment":[{"href":"https:\/\/archive.sana.sy\/tr\/index.php?rest_route=%2Fwp%2Fv2%2Fmedia&parent=43021"}],"wp:term":[{"taxonomy":"category","embeddable":true,"href":"https:\/\/archive.sana.sy\/tr\/index.php?rest_route=%2Fwp%2Fv2%2Fcategories&post=43021"},{"taxonomy":"post_tag","embeddable":true,"href":"https:\/\/archive.sana.sy\/tr\/index.php?rest_route=%2Fwp%2Fv2%2Ftags&post=43021"}],"curies":[{"name":"wp","href":"https:\/\/api.w.org\/{rel}","templated":true}]}}