{"id":43103,"date":"2015-08-06T15:50:06","date_gmt":"2015-08-06T12:50:06","guid":{"rendered":"http:\/\/www.sana.sy\/tr\/?p=43103"},"modified":"2015-08-06T15:50:06","modified_gmt":"2015-08-06T12:50:06","slug":"sam-kirsalinin-batisi-zebadanide-lubnan-ulusal-direnis-gucleriyle-isbirligi-icinde-teroristlere-yonelik-operasyonlarini-surduren-ordu-birliklerimiz-seyalan-semtinde-bu-cetelerin-onemli-bir-k","status":"publish","type":"post","link":"https:\/\/archive.sana.sy\/tr\/?p=43103","title":{"rendered":"\u015eam k\u0131rsal\u0131n\u0131n bat\u0131s\u0131 Zebadani\u2019de L\u00fcbnan ulusal direni\u015f g\u00fc\u00e7leriyle i\u015fbirli\u011fi i\u00e7inde ter\u00f6ristlere y\u00f6nelik operasyonlar\u0131n\u0131 s\u00fcrd\u00fcren ordu birliklerimiz; Seyalan Semtinde bu \u00e7etelerin \u00f6nemli bir karargah\u0131n\u0131 muhtevalar\u0131yla birlikte imha etti"},"content":{"rendered":"<p>\u015eam k\u0131rsal\u0131n\u0131n bat\u0131s\u0131 Zebadani\u2019de L\u00fcbnan ulusal direni\u015f g\u00fc\u00e7leriyle i\u015fbirli\u011fi i\u00e7inde ter\u00f6ristlere y\u00f6nelik operasyonlar\u0131n\u0131 s\u00fcrd\u00fcren ordu birliklerimiz; Seyalan Semtinde bu \u00e7etelerin \u00f6nemli bir karargah\u0131n\u0131 muhtevalar\u0131yla birlikte imha etti<\/p>\n","protected":false},"excerpt":{"rendered":"<p>\u015eam k\u0131rsal\u0131n\u0131n bat\u0131s\u0131 Zebadani\u2019de L\u00fcbnan ulusal direni\u015f g\u00fc\u00e7leriyle i\u015fbirli\u011fi i\u00e7inde ter\u00f6ristlere y\u00f6nelik operasyonlar\u0131n\u0131 s\u00fcrd\u00fcren ordu birliklerimiz; Seyalan Semtinde bu \u00e7etelerin \u00f6nemli bir karargah\u0131n\u0131 muhtevalar\u0131yla birlikte imha etti<\/p>\n","protected":false},"author":1,"featured_media":0,"comment_status":"closed","ping_status":"closed","sticky":false,"template":"","format":"standard","meta":{"footnotes":""},"categories":[1],"tags":[],"class_list":["post-43103","post","type-post","status-publish","format-standard","","category-news-not-sorted"],"_links":{"self":[{"href":"https:\/\/archive.sana.sy\/tr\/index.php?rest_route=\/wp\/v2\/posts\/43103","targetHints":{"allow":["GET"]}}],"collection":[{"href":"https:\/\/archive.sana.sy\/tr\/index.php?rest_route=\/wp\/v2\/posts"}],"about":[{"href":"https:\/\/archive.sana.sy\/tr\/index.php?rest_route=\/wp\/v2\/types\/post"}],"author":[{"embeddable":true,"href":"https:\/\/archive.sana.sy\/tr\/index.php?rest_route=\/wp\/v2\/users\/1"}],"replies":[{"embeddable":true,"href":"https:\/\/archive.sana.sy\/tr\/index.php?rest_route=%2Fwp%2Fv2%2Fcomments&post=43103"}],"version-history":[{"count":0,"href":"https:\/\/archive.sana.sy\/tr\/index.php?rest_route=\/wp\/v2\/posts\/43103\/revisions"}],"wp:attachment":[{"href":"https:\/\/archive.sana.sy\/tr\/index.php?rest_route=%2Fwp%2Fv2%2Fmedia&parent=43103"}],"wp:term":[{"taxonomy":"category","embeddable":true,"href":"https:\/\/archive.sana.sy\/tr\/index.php?rest_route=%2Fwp%2Fv2%2Fcategories&post=43103"},{"taxonomy":"post_tag","embeddable":true,"href":"https:\/\/archive.sana.sy\/tr\/index.php?rest_route=%2Fwp%2Fv2%2Ftags&post=43103"}],"curies":[{"name":"wp","href":"https:\/\/api.w.org\/{rel}","templated":true}]}}