{"id":43116,"date":"2015-08-06T20:00:40","date_gmt":"2015-08-06T17:00:40","guid":{"rendered":"http:\/\/sana.sy\/tr\/?p=43116"},"modified":"2015-08-06T19:49:30","modified_gmt":"2015-08-06T16:49:30","slug":"sanaya-aciklama-yapan-askeri-kaynak-hava-guclerimizin-homs-kirsalinin-dogusu-tedmur-kentinin-guneyi-abbasiye-bolgesinde-isid-cetelerinin-3-aracini-tasidigi-cephane-ve-teroristlerle-birlikte-imha-ett","status":"publish","type":"post","link":"https:\/\/archive.sana.sy\/tr\/?p=43116","title":{"rendered":"SANA&#8217;ya a\u00e7\u0131klama yapan askeri kaynak hava g\u00fc\u00e7lerimizin Homs k\u0131rsal\u0131n\u0131n do\u011fusu Tedmur Kentinin g\u00fcneyi Abbasiye B\u00f6lgesinde I\u015e\u0130D \u00e7etelerinin 3 arac\u0131n\u0131 ta\u015f\u0131d\u0131\u011f\u0131 cephane ve ter\u00f6ristlerle birlikte imha etti.\u200f"},"content":{"rendered":"<p>SANA&#8217;ya a\u00e7\u0131klama yapan askeri kaynak hava g\u00fc\u00e7lerimizin Homs k\u0131rsal\u0131n\u0131n do\u011fusu Tedmur Kentinin g\u00fcneyi Abbasiye B\u00f6lgesinde I\u015e\u0130D \u00e7etelerinin 3 arac\u0131n\u0131 ta\u015f\u0131d\u0131\u011f\u0131 cephane ve ter\u00f6ristlerle birlikte imha etti.\u200f<\/p>\n","protected":false},"excerpt":{"rendered":"<p>SANA&#8217;ya a\u00e7\u0131klama yapan askeri kaynak hava g\u00fc\u00e7lerimizin Homs k\u0131rsal\u0131n\u0131n do\u011fusu Tedmur Kentinin g\u00fcneyi Abbasiye B\u00f6lgesinde I\u015e\u0130D \u00e7etelerinin 3 arac\u0131n\u0131 ta\u015f\u0131d\u0131\u011f\u0131 cephane ve ter\u00f6ristlerle birlikte imha etti.\u200f<\/p>\n","protected":false},"author":1,"featured_media":0,"comment_status":"closed","ping_status":"closed","sticky":false,"template":"","format":"standard","meta":{"footnotes":""},"categories":[1],"tags":[],"class_list":["post-43116","post","type-post","status-publish","format-standard","","category-news-not-sorted"],"_links":{"self":[{"href":"https:\/\/archive.sana.sy\/tr\/index.php?rest_route=\/wp\/v2\/posts\/43116","targetHints":{"allow":["GET"]}}],"collection":[{"href":"https:\/\/archive.sana.sy\/tr\/index.php?rest_route=\/wp\/v2\/posts"}],"about":[{"href":"https:\/\/archive.sana.sy\/tr\/index.php?rest_route=\/wp\/v2\/types\/post"}],"author":[{"embeddable":true,"href":"https:\/\/archive.sana.sy\/tr\/index.php?rest_route=\/wp\/v2\/users\/1"}],"replies":[{"embeddable":true,"href":"https:\/\/archive.sana.sy\/tr\/index.php?rest_route=%2Fwp%2Fv2%2Fcomments&post=43116"}],"version-history":[{"count":0,"href":"https:\/\/archive.sana.sy\/tr\/index.php?rest_route=\/wp\/v2\/posts\/43116\/revisions"}],"wp:attachment":[{"href":"https:\/\/archive.sana.sy\/tr\/index.php?rest_route=%2Fwp%2Fv2%2Fmedia&parent=43116"}],"wp:term":[{"taxonomy":"category","embeddable":true,"href":"https:\/\/archive.sana.sy\/tr\/index.php?rest_route=%2Fwp%2Fv2%2Fcategories&post=43116"},{"taxonomy":"post_tag","embeddable":true,"href":"https:\/\/archive.sana.sy\/tr\/index.php?rest_route=%2Fwp%2Fv2%2Ftags&post=43116"}],"curies":[{"name":"wp","href":"https:\/\/api.w.org\/{rel}","templated":true}]}}