{"id":43226,"date":"2015-08-08T13:42:11","date_gmt":"2015-08-08T10:42:11","guid":{"rendered":"http:\/\/www.sana.sy\/tr\/?p=43226"},"modified":"2015-08-09T08:56:15","modified_gmt":"2015-08-09T05:56:15","slug":"teroristlerin-sivillere-gaddar-saldirilari-devam-ediyor","status":"publish","type":"post","link":"https:\/\/archive.sana.sy\/tr\/?p=43226","title":{"rendered":"Ter\u00f6ristlerin Sivillere Gaddar Sald\u0131r\u0131lar\u0131 Devam Ediyor"},"content":{"rendered":"<p>\u015eAM KIRSALI \u2013 Ter\u00f6ristlerin bug\u00fcn \u015eam k\u0131rsal\u0131 Haresta B\u00f6lgesinde otoban\u0131 havan roketiyle hedef almalar\u0131 sonucunda 5 vatanda\u015f yaraland\u0131.<\/p>\n<p>Emniyet M\u00fcd\u00fcrl\u00fc\u011f\u00fcnde bir kaynak ter\u00f6ristlerin f\u0131rlatt\u0131klar\u0131 bir havan roketinin Haresta Otoban\u0131 \u00fczerinde Su Kaynaklar\u0131 M\u00fcd\u00fcrl\u00fc\u011f\u00fc yak\u0131nlar\u0131nda otobandan ge\u00e7en bir yolcu minib\u00fcs\u00fcne isabet etti\u011fini ifade etti. Kaynak hain sald\u0131r\u0131da 5 vatanda\u015f\u0131n yaraland\u0131\u011f\u0131n\u0131 aktard\u0131.<\/p>\n<p>Haresta ve Duma kentlerine ilaveten civarda bulunan tar\u0131m arazilerinde \u0130slam ordusu, \u0130slam t\u00fcmeni ve fecr el \u00fcmme t\u00fcmeni adlar\u0131 alt\u0131nda tekfirci ter\u00f6ristler bulunurken, civarda g\u00fcven i\u00e7inde olan sivil b\u00f6lgeleri f\u00fcze ve roketlerle hedef al\u0131yor.<\/p>\n<p>\u015eam Emniyet M\u00fcd\u00fcrl\u00fc\u011f\u00fcnde bir kaynak Cobar\u2019daki ter\u00f6ristlerin sivil insanlar\u0131n yo\u011fun olduklar\u0131 Sevra Caddesini bir f\u00fczeyle hedef ald\u0131klar\u0131n\u0131 belirtirken, sald\u0131r\u0131da 5 sivil vatanda\u015f\u0131n \u015fehit, 36 vatanda\u015f\u0131n da yaral\u0131 d\u00fc\u015ft\u00fcklerini belirtti.<\/p>\n<p>Ba\u011fdat Caddesine de bir f\u00fczenin d\u00fc\u015fmesi sonucunda bir vatanda\u015f\u0131n yaraland\u0131\u011f\u0131n\u0131 s\u00f6yleyen kaynak; Bab Tuma Semtine de 5 roketin d\u00fc\u015ft\u00fc\u011f\u00fcn\u00fc aktar\u0131rken, burada 17 vatanda\u015f\u0131n yaraland\u0131\u011f\u0131n\u0131 s\u00f6zlerine ekledi.<\/p>\n<p>A.A. &#8211; R.H.<\/p>\n","protected":false},"excerpt":{"rendered":"<p>\u015eAM KIRSALI \u2013 Ter\u00f6ristlerin bug\u00fcn \u015eam k\u0131rsal\u0131 Haresta B\u00f6lgesinde otoban\u0131 havan roketiyle hedef almalar\u0131 sonucunda 5 vatanda\u015f yaraland\u0131. Emniyet M\u00fcd\u00fcrl\u00fc\u011f\u00fcnde bir kaynak ter\u00f6ristlerin f\u0131rlatt\u0131klar\u0131 bir havan roketinin Haresta Otoban\u0131 \u00fczerinde Su Kaynaklar\u0131 M\u00fcd\u00fcrl\u00fc\u011f\u00fc yak\u0131nlar\u0131nda otobandan ge\u00e7en bir yolcu minib\u00fcs\u00fcne isabet etti\u011fini ifade etti. Kaynak hain sald\u0131r\u0131da 5 vatanda\u015f\u0131n yaraland\u0131\u011f\u0131n\u0131 aktard\u0131. Haresta ve Duma kentlerine ilaveten &hellip;<\/p>\n","protected":false},"author":1,"featured_media":43229,"comment_status":"closed","ping_status":"closed","sticky":false,"template":"","format":"standard","meta":{"footnotes":""},"categories":[479,575,478],"tags":[16174],"class_list":["post-43226","post","type-post","status-publish","format-standard","has-post-thumbnail","","category-haberler-yerel","category-olaylar-ve-gercekler","category-yerel","tag-teroristlerin-sivillere-gaddar-saldirilari-devam-ediyor"],"_links":{"self":[{"href":"https:\/\/archive.sana.sy\/tr\/index.php?rest_route=\/wp\/v2\/posts\/43226","targetHints":{"allow":["GET"]}}],"collection":[{"href":"https:\/\/archive.sana.sy\/tr\/index.php?rest_route=\/wp\/v2\/posts"}],"about":[{"href":"https:\/\/archive.sana.sy\/tr\/index.php?rest_route=\/wp\/v2\/types\/post"}],"author":[{"embeddable":true,"href":"https:\/\/archive.sana.sy\/tr\/index.php?rest_route=\/wp\/v2\/users\/1"}],"replies":[{"embeddable":true,"href":"https:\/\/archive.sana.sy\/tr\/index.php?rest_route=%2Fwp%2Fv2%2Fcomments&post=43226"}],"version-history":[{"count":0,"href":"https:\/\/archive.sana.sy\/tr\/index.php?rest_route=\/wp\/v2\/posts\/43226\/revisions"}],"wp:featuredmedia":[{"embeddable":true,"href":"https:\/\/archive.sana.sy\/tr\/index.php?rest_route=\/wp\/v2\/media\/43229"}],"wp:attachment":[{"href":"https:\/\/archive.sana.sy\/tr\/index.php?rest_route=%2Fwp%2Fv2%2Fmedia&parent=43226"}],"wp:term":[{"taxonomy":"category","embeddable":true,"href":"https:\/\/archive.sana.sy\/tr\/index.php?rest_route=%2Fwp%2Fv2%2Fcategories&post=43226"},{"taxonomy":"post_tag","embeddable":true,"href":"https:\/\/archive.sana.sy\/tr\/index.php?rest_route=%2Fwp%2Fv2%2Ftags&post=43226"}],"curies":[{"name":"wp","href":"https:\/\/api.w.org\/{rel}","templated":true}]}}