{"id":43270,"date":"2015-08-08T17:50:03","date_gmt":"2015-08-08T14:50:03","guid":{"rendered":"http:\/\/sana.sy\/tr\/?p=43270"},"modified":"2015-08-09T16:01:43","modified_gmt":"2015-08-09T13:01:43","slug":"terorle-mucadele-yeni-basarilarla-pekistiriliyor","status":"publish","type":"post","link":"https:\/\/archive.sana.sy\/tr\/?p=43270","title":{"rendered":"Ter\u00f6rle M\u00fccadele Yeni Ba\u015far\u0131larla Peki\u015ftiriliyor"},"content":{"rendered":"<p>\u0130LLER \u2013 Ter\u00f6rle m\u00fccadelede \u00fclkenin d\u00f6rt bir yan\u0131nda destanlar yazmaya devam eden kahraman ordu birliklerimiz bug\u00fcn de \u00e7ok say\u0131da ter\u00f6r yuvas\u0131n\u0131 ve toplanma merkezini yok ederek onlarca ter\u00f6risti bertaraf ettiler.<\/p>\n<p><span style=\"color: #0000ff\">DERA:<\/span><\/p>\n<p>Askeri kaynak SANA\u2019ya a\u00e7\u0131klamas\u0131nda ordu birliklerimizin Dera k\u0131rsal\u0131n\u0131n Busra el \u015eam kentinin C\u00fcheyra Meydan\u0131nda tekfirci ter\u00f6ristlerin bir toplanma yerini imha ettiklerini belirtti.<\/p>\n<p>Kaynak; ordu birliklerimizin Dera k\u0131rsal\u0131n\u0131n do\u011fusu Um Valad K\u00f6y\u00fcnde \u00e7ok say\u0131da ter\u00f6risti \u00f6l\u00fc ve yaral\u0131 d\u00fc\u015f\u00fcrmelerine e\u015f zamanl\u0131 olarak Dera Beled\u2019in muhtelif b\u00f6lgelerinde ter\u00f6ristlerin saflar\u0131nda a\u011f\u0131r kay\u0131plara yol a\u00e7t\u0131klar\u0131n\u0131 s\u00f6yledi.<\/p>\n<p><span style=\"color: #0000ff\">LAZK\u0130YE:<\/span><\/p>\n<p>Ordu birliklerimiz halk savunma g\u00fc\u00e7leriyle i\u015fbirli\u011fi i\u00e7inde Lazkiye k\u0131rsal\u0131n\u0131n kuzeyinde \u0130hvanc\u0131 Erdo\u011fan rejimine ba\u011fl\u0131 Nusra Cephesi ve di\u011fer \u00f6rg\u00fctlere y\u00f6nelik nitelikli operasyonlar\u0131n\u0131 s\u00fcrd\u00fcrd\u00fc.<\/p>\n<p>Askeri kaynak; ordu birliklerimizin Lazkiye k\u0131rsal\u0131n\u0131n kuzeyi Bradon Baraj\u0131 civar\u0131nda Nusra Cephesinin toplanma yerleri ve mevkilerini hedef alarak 5 ter\u00f6risti \u00f6l\u00fc ve 8 ter\u00f6risti de yaral\u0131 d\u00fc\u015f\u00fcr\u00fcp iki havan rampas\u0131 ve bir a\u011f\u0131r makineli silah\u0131 imha ettiklerini ifade etti.<\/p>\n<p>Bu arada Lazkiye k\u0131rsal\u0131n\u0131n kuzeyinde \u0130dlib il idari s\u0131n\u0131rlar\u0131na yak\u0131n d\u00fc\u015fen Cub el Ahmar K\u00f6y\u00fcnde ter\u00f6ristlerin toplanma yerlerini hedef alan hava g\u00fc\u00e7lerimiz, saflar\u0131nda a\u011f\u0131r kay\u0131plara yol a\u00e7t\u0131.<\/p>\n<p><span style=\"color: #0000ff\">\u015eAM KIRSALI:<\/span><\/p>\n<p>L\u00fcbnan direni\u015f g\u00fc\u00e7leriyle i\u015fbirli\u011fi i\u00e7inde \u015eam k\u0131rsal\u0131n\u0131n bat\u0131s\u0131 Zebadani Kentinin bir\u00e7ok y\u00f6n\u00fcnde ba\u015far\u0131yla ilerlemeye devam eden ordu birliklerimiz; ter\u00f6ristlerin saflar\u0131nda olduk\u00e7a a\u011f\u0131r kay\u0131plara yol a\u00e7t\u0131.<\/p>\n<p>https:\/\/www.youtube.com\/watch?v=iaGXp8hA1SU<\/p>\n<p><span style=\"color: #0000ff\">HOMS:<\/span><\/p>\n<p>Homs k\u0131rsal\u0131n\u0131n do\u011fusunda tekfirci ter\u00f6ristlere kar\u015f\u0131 operasyonlar\u0131n\u0131 ba\u015far\u0131yla s\u00fcrd\u00fcren ordu birliklerimiz; Karyeteyn ve civarlar\u0131na ilaveten Tedmur ve Cezl Platformunun do\u011fusunda ara\u00e7 ve toplanma yerlerini imha etti.<\/p>\n<p><span style=\"color: #0000ff\">HALEP:<\/span><\/p>\n<p>Halep k\u0131rsal\u0131nda Erdo\u011fan rejiminin destekledi\u011fi ter\u00f6ristlere kar\u015f\u0131 operasyonlar\u0131 kapsam\u0131nda hava g\u00fc\u00e7lerimiz Resm el Abbud ve Tel Istab\u0131l b\u00f6lgelerinde ter\u00f6rist ve cephane ta\u015f\u0131yan bir\u00e7ok ara\u00e7lar\u0131n\u0131 y\u00fckleriyle birlikte imha etti.<\/p>\n<p><span style=\"color: #0000ff\">\u0130DL\u0130B:<\/span><\/p>\n<p>Askeri kaynak; \u0130dlib k\u0131rsal\u0131n\u0131n g\u00fcneydo\u011fusu Muhambel Yolu ve Kensafra\u2019n\u0131n do\u011fusunda ise hava g\u00fc\u00e7lerimizin ter\u00f6r \u00f6rg\u00fctlerin hareketlenmeleri ve toplanma yerlerini hedef almalar\u0131yla \u00e7ok say\u0131da ter\u00f6risti \u00f6l\u00fc ve yaral\u0131 d\u00fc\u015f\u00fcrd\u00fcklerini s\u00f6yledi.<\/p>\n<p>Hava g\u00fc\u00e7lerimizin \u0130dlib k\u0131rsal\u0131 Ziyadiye, Tel el Kfeyr, Zeyzon, Sifohen, Friyke, Karkur ve Kefar Aved k\u00f6ylerine ilaveten Cisre\u015f\u015fu\u011fur Kentinde Nusra Cephesine ait siper ve karargahlar\u0131 imha ettiklerini belirten kaynak; buralarda da \u00e7ok say\u0131da ter\u00f6risti \u00f6l\u00fc ve yaral\u0131 d\u00fc\u015f\u00fcrd\u00fcklerini s\u00f6yledi.<\/p>\n<p>\u0130dlib k\u0131rsal\u0131n\u0131n g\u00fcneydo\u011fusunda da hava g\u00fc\u00e7lerimizin Ebu Zuhur B\u00f6lgesi ve civarlar\u0131nda \u2018Fetih Ordusu\u2019na tabi \u00e7etelere kar\u015f\u0131 nitelikli operasyonlar\u0131n\u0131 s\u00fcrd\u00fcrd\u00fcklerini s\u00f6yleyen kaynak; y\u00fcksek say\u0131da ter\u00f6risti su\u00e7 edatlar\u0131yla imha ettiklerine dikkat \u00e7ekti.<\/p>\n<p><span style=\"color: #0000ff\">HAMA:<\/span><\/p>\n<p>Di\u011fer yandan askeri kaynak; ordu birliklerimizin Hama k\u0131rsal\u0131n\u0131n kuzeybat\u0131s\u0131 Dukmak, Bahsa, Latamina, Zakat, Kahire, Hmeymat ve Hamidiye k\u00f6ylerinde ter\u00f6ristlerin toplanma yerleri ve merkezlerini hedef ald\u0131klar\u0131n\u0131 aktard\u0131. Kaynak; operasyonlarda \u00e7ok say\u0131da ter\u00f6ristin \u00f6l\u00fc ve yaral\u0131 d\u00fc\u015f\u00fcr\u00fcl\u00fcp ara\u00e7, silah ve m\u00fchimmat\u0131n da imha edildi\u011fini s\u00f6zlerine ekledi.<\/p>\n<p style=\"text-align: center\"><span style=\"color: #0000ff\"><strong>ZEBADAN\u0130<\/strong><\/span><\/p>\n<div id='gallery-1' class='gallery galleryid-43270 gallery-columns-2 gallery-size-medium'><figure class='gallery-item'>\n\t\t\t<div class='gallery-icon landscape'>\n\t\t\t\t<a href='https:\/\/archive.sana.sy\/tr\/wp-content\/uploads\/2015\/08\/\u0639\u0645\u0644\u064a\u0627\u062a-\u0627\u0644\u062c\u064a\u0634-\u0641\u064a-\u0627\u0644\u0632\u0628\u062f\u0627\u0646\u064a-\u062a\u0627\u0631\u064a\u062e-8-8-2015.Still001.jpg'><img loading=\"lazy\" decoding=\"async\" width=\"300\" height=\"219\" src=\"https:\/\/archive.sana.sy\/tr\/wp-content\/uploads\/2015\/08\/\u0639\u0645\u0644\u064a\u0627\u062a-\u0627\u0644\u062c\u064a\u0634-\u0641\u064a-\u0627\u0644\u0632\u0628\u062f\u0627\u0646\u064a-\u062a\u0627\u0631\u064a\u062e-8-8-2015.Still001-300x219.jpg\" class=\"attachment-medium size-medium\" alt=\"\" srcset=\"https:\/\/archive.sana.sy\/tr\/wp-content\/uploads\/2015\/08\/\u0639\u0645\u0644\u064a\u0627\u062a-\u0627\u0644\u062c\u064a\u0634-\u0641\u064a-\u0627\u0644\u0632\u0628\u062f\u0627\u0646\u064a-\u062a\u0627\u0631\u064a\u062e-8-8-2015.Still001-300x219.jpg 300w, https:\/\/archive.sana.sy\/tr\/wp-content\/uploads\/2015\/08\/\u0639\u0645\u0644\u064a\u0627\u062a-\u0627\u0644\u062c\u064a\u0634-\u0641\u064a-\u0627\u0644\u0632\u0628\u062f\u0627\u0646\u064a-\u062a\u0627\u0631\u064a\u062e-8-8-2015.Still001-150x110.jpg 150w, https:\/\/archive.sana.sy\/tr\/wp-content\/uploads\/2015\/08\/\u0639\u0645\u0644\u064a\u0627\u062a-\u0627\u0644\u062c\u064a\u0634-\u0641\u064a-\u0627\u0644\u0632\u0628\u062f\u0627\u0646\u064a-\u062a\u0627\u0631\u064a\u062e-8-8-2015.Still001.jpg 513w\" sizes=\"auto, (max-width: 300px) 100vw, 300px\" \/><\/a>\n\t\t\t<\/div><\/figure><figure class='gallery-item'>\n\t\t\t<div class='gallery-icon landscape'>\n\t\t\t\t<a href='https:\/\/archive.sana.sy\/tr\/wp-content\/uploads\/2015\/08\/\u0639\u0645\u0644\u064a\u0627\u062a-\u0627\u0644\u062c\u064a\u0634-\u0641\u064a-\u0627\u0644\u0632\u0628\u062f\u0627\u0646\u064a-\u062a\u0627\u0631\u064a\u062e-8-8-2015.Still006.jpg'><img loading=\"lazy\" decoding=\"async\" width=\"300\" height=\"194\" src=\"https:\/\/archive.sana.sy\/tr\/wp-content\/uploads\/2015\/08\/\u0639\u0645\u0644\u064a\u0627\u062a-\u0627\u0644\u062c\u064a\u0634-\u0641\u064a-\u0627\u0644\u0632\u0628\u062f\u0627\u0646\u064a-\u062a\u0627\u0631\u064a\u062e-8-8-2015.Still006-300x194.jpg\" class=\"attachment-medium size-medium\" alt=\"\" srcset=\"https:\/\/archive.sana.sy\/tr\/wp-content\/uploads\/2015\/08\/\u0639\u0645\u0644\u064a\u0627\u062a-\u0627\u0644\u062c\u064a\u0634-\u0641\u064a-\u0627\u0644\u0632\u0628\u062f\u0627\u0646\u064a-\u062a\u0627\u0631\u064a\u062e-8-8-2015.Still006-300x194.jpg 300w, https:\/\/archive.sana.sy\/tr\/wp-content\/uploads\/2015\/08\/\u0639\u0645\u0644\u064a\u0627\u062a-\u0627\u0644\u062c\u064a\u0634-\u0641\u064a-\u0627\u0644\u0632\u0628\u062f\u0627\u0646\u064a-\u062a\u0627\u0631\u064a\u062e-8-8-2015.Still006-150x97.jpg 150w, https:\/\/archive.sana.sy\/tr\/wp-content\/uploads\/2015\/08\/\u0639\u0645\u0644\u064a\u0627\u062a-\u0627\u0644\u062c\u064a\u0634-\u0641\u064a-\u0627\u0644\u0632\u0628\u062f\u0627\u0646\u064a-\u062a\u0627\u0631\u064a\u062e-8-8-2015.Still006.jpg 661w\" sizes=\"auto, (max-width: 300px) 100vw, 300px\" \/><\/a>\n\t\t\t<\/div><\/figure><figure class='gallery-item'>\n\t\t\t<div class='gallery-icon landscape'>\n\t\t\t\t<a href='https:\/\/archive.sana.sy\/tr\/wp-content\/uploads\/2015\/08\/\u0639\u0645\u0644\u064a\u0627\u062a-\u0627\u0644\u062c\u064a\u0634-\u0641\u064a-\u0627\u0644\u0632\u0628\u062f\u0627\u0646\u064a-\u062a\u0627\u0631\u064a\u062e-8-8-2015.Still008.jpg'><img loading=\"lazy\" decoding=\"async\" width=\"300\" height=\"202\" src=\"https:\/\/archive.sana.sy\/tr\/wp-content\/uploads\/2015\/08\/\u0639\u0645\u0644\u064a\u0627\u062a-\u0627\u0644\u062c\u064a\u0634-\u0641\u064a-\u0627\u0644\u0632\u0628\u062f\u0627\u0646\u064a-\u062a\u0627\u0631\u064a\u062e-8-8-2015.Still008-300x202.jpg\" class=\"attachment-medium size-medium\" alt=\"\" srcset=\"https:\/\/archive.sana.sy\/tr\/wp-content\/uploads\/2015\/08\/\u0639\u0645\u0644\u064a\u0627\u062a-\u0627\u0644\u062c\u064a\u0634-\u0641\u064a-\u0627\u0644\u0632\u0628\u062f\u0627\u0646\u064a-\u062a\u0627\u0631\u064a\u062e-8-8-2015.Still008-300x202.jpg 300w, https:\/\/archive.sana.sy\/tr\/wp-content\/uploads\/2015\/08\/\u0639\u0645\u0644\u064a\u0627\u062a-\u0627\u0644\u062c\u064a\u0634-\u0641\u064a-\u0627\u0644\u0632\u0628\u062f\u0627\u0646\u064a-\u062a\u0627\u0631\u064a\u062e-8-8-2015.Still008-150x101.jpg 150w, https:\/\/archive.sana.sy\/tr\/wp-content\/uploads\/2015\/08\/\u0639\u0645\u0644\u064a\u0627\u062a-\u0627\u0644\u062c\u064a\u0634-\u0641\u064a-\u0627\u0644\u0632\u0628\u062f\u0627\u0646\u064a-\u062a\u0627\u0631\u064a\u062e-8-8-2015.Still008.jpg 636w\" sizes=\"auto, (max-width: 300px) 100vw, 300px\" \/><\/a>\n\t\t\t<\/div><\/figure><figure class='gallery-item'>\n\t\t\t<div class='gallery-icon landscape'>\n\t\t\t\t<a href='https:\/\/archive.sana.sy\/tr\/wp-content\/uploads\/2015\/08\/\u0639\u0645\u0644\u064a\u0627\u062a-\u0627\u0644\u062c\u064a\u0634-\u0641\u064a-\u0627\u0644\u0632\u0628\u062f\u0627\u0646\u064a-\u062a\u0627\u0631\u064a\u062e-8-8-2015.Still010.jpg'><img loading=\"lazy\" decoding=\"async\" width=\"300\" height=\"185\" src=\"https:\/\/archive.sana.sy\/tr\/wp-content\/uploads\/2015\/08\/\u0639\u0645\u0644\u064a\u0627\u062a-\u0627\u0644\u062c\u064a\u0634-\u0641\u064a-\u0627\u0644\u0632\u0628\u062f\u0627\u0646\u064a-\u062a\u0627\u0631\u064a\u062e-8-8-2015.Still010-300x185.jpg\" class=\"attachment-medium size-medium\" alt=\"\" srcset=\"https:\/\/archive.sana.sy\/tr\/wp-content\/uploads\/2015\/08\/\u0639\u0645\u0644\u064a\u0627\u062a-\u0627\u0644\u062c\u064a\u0634-\u0641\u064a-\u0627\u0644\u0632\u0628\u062f\u0627\u0646\u064a-\u062a\u0627\u0631\u064a\u062e-8-8-2015.Still010-300x185.jpg 300w, https:\/\/archive.sana.sy\/tr\/wp-content\/uploads\/2015\/08\/\u0639\u0645\u0644\u064a\u0627\u062a-\u0627\u0644\u062c\u064a\u0634-\u0641\u064a-\u0627\u0644\u0632\u0628\u062f\u0627\u0646\u064a-\u062a\u0627\u0631\u064a\u062e-8-8-2015.Still010-150x92.jpg 150w, https:\/\/archive.sana.sy\/tr\/wp-content\/uploads\/2015\/08\/\u0639\u0645\u0644\u064a\u0627\u062a-\u0627\u0644\u062c\u064a\u0634-\u0641\u064a-\u0627\u0644\u0632\u0628\u062f\u0627\u0646\u064a-\u062a\u0627\u0631\u064a\u062e-8-8-2015.Still010.jpg 676w\" sizes=\"auto, (max-width: 300px) 100vw, 300px\" \/><\/a>\n\t\t\t<\/div><\/figure>\n\t\t<\/div>\n\n<p>M.M. &#8211; A.A.<\/p>\n","protected":false},"excerpt":{"rendered":"<p>\u0130LLER \u2013 Ter\u00f6rle m\u00fccadelede \u00fclkenin d\u00f6rt bir yan\u0131nda destanlar yazmaya devam eden kahraman ordu birliklerimiz bug\u00fcn de \u00e7ok say\u0131da ter\u00f6r yuvas\u0131n\u0131 ve toplanma merkezini yok ederek onlarca ter\u00f6risti bertaraf ettiler. DERA: Askeri kaynak SANA\u2019ya a\u00e7\u0131klamas\u0131nda ordu birliklerimizin Dera k\u0131rsal\u0131n\u0131n Busra el \u015eam kentinin C\u00fcheyra Meydan\u0131nda tekfirci ter\u00f6ristlerin bir toplanma yerini imha ettiklerini belirtti. Kaynak; ordu &hellip;<\/p>\n","protected":false},"author":1,"featured_media":43273,"comment_status":"closed","ping_status":"closed","sticky":false,"template":"","format":"standard","meta":{"footnotes":""},"categories":[575],"tags":[16181],"class_list":["post-43270","post","type-post","status-publish","format-standard","has-post-thumbnail","","category-olaylar-ve-gercekler","tag-terorle-mucadele-yeni-basarilarla-pekistiriliyor"],"_links":{"self":[{"href":"https:\/\/archive.sana.sy\/tr\/index.php?rest_route=\/wp\/v2\/posts\/43270","targetHints":{"allow":["GET"]}}],"collection":[{"href":"https:\/\/archive.sana.sy\/tr\/index.php?rest_route=\/wp\/v2\/posts"}],"about":[{"href":"https:\/\/archive.sana.sy\/tr\/index.php?rest_route=\/wp\/v2\/types\/post"}],"author":[{"embeddable":true,"href":"https:\/\/archive.sana.sy\/tr\/index.php?rest_route=\/wp\/v2\/users\/1"}],"replies":[{"embeddable":true,"href":"https:\/\/archive.sana.sy\/tr\/index.php?rest_route=%2Fwp%2Fv2%2Fcomments&post=43270"}],"version-history":[{"count":0,"href":"https:\/\/archive.sana.sy\/tr\/index.php?rest_route=\/wp\/v2\/posts\/43270\/revisions"}],"wp:featuredmedia":[{"embeddable":true,"href":"https:\/\/archive.sana.sy\/tr\/index.php?rest_route=\/wp\/v2\/media\/43273"}],"wp:attachment":[{"href":"https:\/\/archive.sana.sy\/tr\/index.php?rest_route=%2Fwp%2Fv2%2Fmedia&parent=43270"}],"wp:term":[{"taxonomy":"category","embeddable":true,"href":"https:\/\/archive.sana.sy\/tr\/index.php?rest_route=%2Fwp%2Fv2%2Fcategories&post=43270"},{"taxonomy":"post_tag","embeddable":true,"href":"https:\/\/archive.sana.sy\/tr\/index.php?rest_route=%2Fwp%2Fv2%2Ftags&post=43270"}],"curies":[{"name":"wp","href":"https:\/\/api.w.org\/{rel}","templated":true}]}}