{"id":4345,"date":"2014-07-01T16:08:49","date_gmt":"2014-07-01T13:08:49","guid":{"rendered":"http:\/\/www.sana.sy\/tr\/?p=4345"},"modified":"2014-07-01T16:10:27","modified_gmt":"2014-07-01T13:10:27","slug":"ligi-sampiyonasinin-son-masinda-vihda-da-oynayacak","status":"publish","type":"post","link":"https:\/\/archive.sana.sy\/tr\/?p=4345","title":{"rendered":"Lig \u015eampiyonas\u0131n\u0131n Son Ma\u00e7\u0131nda Vihda da Oynayacak"},"content":{"rendered":"<p>\u015eAM \u2013 Vihda bayan basketbol tak\u0131m\u0131 \u015eam\u2019daki Feyha Stadyumunda Selemiye tak\u0131m\u0131n\u0131 73 \u2013 62 yenmesiyle Lig \u015eampiyonlu\u011fu final ma\u00e7lar\u0131na kat\u0131lma hakk\u0131n\u0131 kazand\u0131.<\/p>\n<p>Vihda lig \u015fampiyonlu\u011funun son ma\u00e7\u0131nda Sevra ve Sahil ma\u00e7\u0131n\u0131 kazanacak tak\u0131mla oynayacak.<\/p>\n<p>Sevra ve Sahil ma\u00e7\u0131 ise ter\u00f6ristlerin Sevra Kul\u00fcb\u00fcne att\u0131klar\u0131 bir havan mermisinde kimi \u00e7ocuklar\u0131n \u015fehit ve yaral\u0131 d\u00fc\u015fmeleri nedeniyle Basketbol Birli\u011fi ma\u00e7\u0131 ileri bir tarihe erteledi.<\/p>\n","protected":false},"excerpt":{"rendered":"<p>\u015eAM \u2013 Vihda bayan basketbol tak\u0131m\u0131 \u015eam\u2019daki Feyha Stadyumunda Selemiye tak\u0131m\u0131n\u0131 73 \u2013 62 yenmesiyle Lig \u015eampiyonlu\u011fu final ma\u00e7lar\u0131na kat\u0131lma hakk\u0131n\u0131 kazand\u0131. Vihda lig \u015fampiyonlu\u011funun son ma\u00e7\u0131nda Sevra ve Sahil ma\u00e7\u0131n\u0131 kazanacak tak\u0131mla oynayacak. Sevra ve Sahil ma\u00e7\u0131 ise ter\u00f6ristlerin Sevra Kul\u00fcb\u00fcne att\u0131klar\u0131 bir havan mermisinde kimi \u00e7ocuklar\u0131n \u015fehit ve yaral\u0131 d\u00fc\u015fmeleri nedeniyle Basketbol Birli\u011fi &hellip;<\/p>\n","protected":false},"author":1,"featured_media":4346,"comment_status":"closed","ping_status":"closed","sticky":false,"template":"","format":"standard","meta":{"footnotes":""},"categories":[496,497],"tags":[941,940,939],"class_list":["post-4345","post","type-post","status-publish","format-standard","has-post-thumbnail","","category-spor","category-yerel-turnuvalar","tag-lig-sampiyonasinin-son-macinda-vihda-da-oynayacak","tag-lig-sampiyonasinin-son-masinda-vihda-da-oynayacak","tag-ligi-sampiyonasinin-son-masinda-vihda-da-oynayacak"],"_links":{"self":[{"href":"https:\/\/archive.sana.sy\/tr\/index.php?rest_route=\/wp\/v2\/posts\/4345","targetHints":{"allow":["GET"]}}],"collection":[{"href":"https:\/\/archive.sana.sy\/tr\/index.php?rest_route=\/wp\/v2\/posts"}],"about":[{"href":"https:\/\/archive.sana.sy\/tr\/index.php?rest_route=\/wp\/v2\/types\/post"}],"author":[{"embeddable":true,"href":"https:\/\/archive.sana.sy\/tr\/index.php?rest_route=\/wp\/v2\/users\/1"}],"replies":[{"embeddable":true,"href":"https:\/\/archive.sana.sy\/tr\/index.php?rest_route=%2Fwp%2Fv2%2Fcomments&post=4345"}],"version-history":[{"count":0,"href":"https:\/\/archive.sana.sy\/tr\/index.php?rest_route=\/wp\/v2\/posts\/4345\/revisions"}],"wp:featuredmedia":[{"embeddable":true,"href":"https:\/\/archive.sana.sy\/tr\/index.php?rest_route=\/wp\/v2\/media\/4346"}],"wp:attachment":[{"href":"https:\/\/archive.sana.sy\/tr\/index.php?rest_route=%2Fwp%2Fv2%2Fmedia&parent=4345"}],"wp:term":[{"taxonomy":"category","embeddable":true,"href":"https:\/\/archive.sana.sy\/tr\/index.php?rest_route=%2Fwp%2Fv2%2Fcategories&post=4345"},{"taxonomy":"post_tag","embeddable":true,"href":"https:\/\/archive.sana.sy\/tr\/index.php?rest_route=%2Fwp%2Fv2%2Ftags&post=4345"}],"curies":[{"name":"wp","href":"https:\/\/api.w.org\/{rel}","templated":true}]}}