{"id":4350,"date":"2014-07-02T11:35:39","date_gmt":"2014-07-02T08:35:39","guid":{"rendered":"http:\/\/www.sana.sy\/tr\/?p=4350"},"modified":"2014-07-02T14:40:06","modified_gmt":"2014-07-02T11:40:06","slug":"tekfircilik-ve-yobazlik-kahramanlarimizin-vatanseverligi-karsisinda-yok-oluyor","status":"publish","type":"post","link":"https:\/\/archive.sana.sy\/tr\/?p=4350","title":{"rendered":"Tekfircilik ve Yobazl\u0131k Kahramanlar\u0131m\u0131z\u0131n Vatanseverli\u011fi Kar\u015f\u0131s\u0131nda Yok Oluyor"},"content":{"rendered":"<p><span style=\"color: #800000\">\u0130LLER \u2013<\/span> Vatan topraklar\u0131na demokrasi ve \u00f6zg\u00fcrl\u00fck gibi kavramlarla s\u00fcsledikleri tekfirci, katliamc\u0131, ayr\u0131mc\u0131, gerici ve yobaz d\u00fc\u015f\u00fcncelerini vatan topraklar\u0131na ekmeye \u00e7al\u0131\u015fan silahl\u0131 ter\u00f6r gruplar\u0131 kahraman birliklerimizin vatanseverlik, fedakarl\u0131k ve adanm\u0131\u015fl\u0131klar\u0131 kar\u015f\u0131s\u0131nda b\u00fcy\u00fck hezimetlerle yok oluyorlar.<\/p>\n<p><span style=\"color: #0000ff\">Lazkiye\u2019nin Kuzey K\u0131rsal\u0131nda Onlarca Ter\u00f6rist \u00d6ld\u00fcr\u00fcld\u00fc<\/span><\/p>\n<p>Kahraman ordu birliklerimizin Lazkiye\u2019nin kuzey k\u0131rsal\u0131nda Nibi el Sam\u00fck, Ebu Riy\u015f Tar\u0131m Arazileri, el Nueyma ve el Kirt k\u00f6y ve b\u00f6lgelerinde bir\u00e7ok ter\u00f6r yuvas\u0131n\u0131n yok edildi\u011fine de\u011finen kaynak; buralarda meydana gelen \u00e7at\u0131\u015fmalarda onlarca ter\u00f6ristin \u00f6ld\u00fcr\u00fcld\u00fc\u011f\u00fcn\u00fc belirtti.<\/p>\n<p><span style=\"color: #0000ff\">Halep ve K\u0131rsal\u0131nda Ter\u00f6ristlere B\u00fcy\u00fck Kay\u0131plar Verdirildi<\/span><\/p>\n<p>Halep Kentinin Beni Zeyd, S\u00fckkari, Sahur, Cezmati ve Hanano semtlerinde d\u00fczenlenen nitelikli operasyonlar sonucu ter\u00f6ristlere ait b\u00fcy\u00fck miktarda silah ve m\u00fchimmat\u0131n imha edildi\u011fine dikkat \u00e7eken kaynak \u00e7ok say\u0131da ter\u00f6ristin eleba\u015flar\u0131yla birlikte \u00f6l\u00fc ve yaral\u0131 olarak ele ge\u00e7irildiklerini beyan etti.<\/p>\n<p>Halep K\u0131rsal\u0131nda da operasyonlar\u0131n h\u0131z kesmeden devam etti\u011fini dile getiren kaynak; Heriytan, el Melah Arazileri, Kefer Hamra, Sanayi B\u00f6lgesi, Tamura, el Atarib, Maraa, Kefer Sa\u011fir, Babnas, elMukbile, el Rahime, el Mabudiye, \u015eeyh H\u0131d\u0131r, Dahrat Abdrabboh, Henderat, Seyfat, Haydariye, \u015eeyh Said, el Mansura, Hattabat, Evram ve Darat Azza b\u00f6lgelerinde bir\u00e7ok ter\u00f6r yuvas\u0131n\u0131n yok edildi\u011fini belirtti.<\/p>\n<p>Eski Halep kentinden el Haserfiye Camisi y\u00f6n\u00fcnde s\u0131zmaya \u00e7al\u0131\u015fan silahl\u0131 bir ter\u00f6r grubu ile kahraman birliklerimiz aras\u0131nda \u00e7at\u0131\u015fma meydana geldi\u011fine i\u015faret eden kaynak; \u00e7at\u0131\u015fmada ter\u00f6ristlerin b\u00fcy\u00fck \u00e7o\u011funlu\u011funun \u00f6l\u00fc ve yaral\u0131 d\u00fc\u015f\u00fcr\u00fcld\u00fc\u011f\u00fcn\u00fcn alt\u0131n\u0131 \u00e7izdi.<\/p>\n<p><span style=\"color: #0000ff\">\u0130dlib K\u0131rsal\u0131nda \u2018Aksa T\u00fcmeni\u2019nin Karargahlar\u0131 Hedef Al\u0131nd\u0131<\/span><\/p>\n<p>Vatan koruyucular\u0131m\u0131z \u0130dlib k\u0131rsal\u0131n\u0131n Maarrat M\u0131sriyn Beldesi yak\u0131nlar\u0131nda \u2018Aksa T\u00fcmeni\u2019 adl\u0131 ter\u00f6r olu\u015fumunun k\u00fcmelenme yerleri ve karargahlar\u0131n\u0131 hedef ald\u0131.<\/p>\n<p>Askeri kaynak operasyonlarda s\u00f6z konusu ter\u00f6r olu\u015fumundan \u00e7ok say\u0131da ter\u00f6ristin \u00f6l\u00fc yaral\u0131 d\u00fc\u015f\u00fcr\u00fcld\u00fcklerini aktar\u0131rken, a\u011f\u0131r makineli silahlarla donat\u0131lm\u0131\u015f 4X4 \u00e7eker pikap tipi 8 ara\u00e7lar\u0131n\u0131n da imha edildi\u011fini belirtti.<\/p>\n<p>Kaynak ordu birliklerimizin yine \u0130dlib k\u0131rsal\u0131nda Ayn Savda, Mantar Fabrikas\u0131, Hac\u0131 Hammud \u00c7iftli\u011fi, Sermaniye, Cub el Ahmar, \u015eu\u011fur, Bekfalun, Benni\u015f ve Fiylon b\u00f6lgelerinde ter\u00f6r yuvalar\u0131 ve k\u00fcmelenme yerlerini hedef alarak aralar\u0131nda yabanc\u0131lar\u0131n bulundu\u011fu onlarca ter\u00f6risti su\u00e7 edatlar\u0131yla birlikte etkisiz hale getirdiklerini belirtti.<\/p>\n<p>Kaynak; \u0130dlib K\u0131rsal\u0131n\u0131n Ayn el Sevda, Kastun Tar\u0131m Arazileri, el Ma\u011fara, Kefer Necd, Kefer Calis, Muarat Tamsarin, Ebu Duhur, Mardin Tar\u0131m Arazileri, Korin k\u00f6y ve b\u00f6lgelerinin yan\u0131 s\u0131ra el Canudiye Bulvar\u0131nda d\u00fczenlenen operasyonlar sonucunda \u00e7ok say\u0131da ter\u00f6ristin \u00f6l\u00fc ve yaral\u0131 d\u00fc\u015f\u00fcr\u00fcld\u00fc\u011f\u00fcn\u00fc ifade etti.<\/p>\n<p>Operasyonlar kapsam\u0131nda ter\u00f6ristlere ait b\u00fcy\u00fck miktarda silah ve m\u00fchimmat\u0131n yan\u0131 s\u0131ra ter\u00f6ristlere ait a\u011f\u0131r makineli silahlarla donat\u0131lm\u0131\u015f ara\u00e7lar\u0131n imha edildi\u011fine dikkat \u00e7eken kaynak \u00f6l\u00fc ve yaral\u0131 d\u00fc\u015f\u00fcr\u00fclen ter\u00f6ristler aras\u0131nda az\u0131l\u0131 eleba\u015flar\u0131 da bulundu\u011funun alt\u0131n\u0131 \u00e7izdi.<\/p>\n<p><span style=\"color: #0000ff\">Homs K\u0131rsal\u0131nda Ara\u00e7lar\u0131 \u0130mha Edildi<\/span><\/p>\n<p>Ordu birliklerimiz Homs k\u0131rsal\u0131nda bir\u00e7ok ter\u00f6risti \u00f6l\u00fc yaral\u0131 d\u00fc\u015f\u00fcr\u00fcrken, bir\u00e7ok arac\u0131 da imha etti.<\/p>\n<p>Askeri bir kaynak SANA\u2019ya yapt\u0131\u011f\u0131 a\u00e7\u0131klamada; ordu birliklerimizin Homs k\u0131rsal\u0131n\u0131n \u015eindahiye, Ebu Creys, ve Ebu Traha, Mnuh, el Hal, Resten, ve Cabburin b\u00f6lgelerinde ter\u00f6r gruplar\u0131n\u0131 hedef ald\u0131\u011f\u0131n\u0131 belirtti. Kaynak operasyonlarda \u00e7ok say\u0131da ter\u00f6ristin su\u00e7 edatlar\u0131yla birlikte etkisiz hale getirildiklerini, bir\u00e7ok ara\u00e7lar\u0131n\u0131n da imha edildi\u011fini aktard\u0131.<\/p>\n<p>Ordu birliklerimiz Homs k\u0131rsal\u0131n\u0131n Um el \u015ear\u015fuh Beldesi kenarlar\u0131nda silahl\u0131 iki ter\u00f6r grubunu hedef alarak iki gruptaki ter\u00f6ristlerin b\u00fcy\u00fck \u00e7o\u011funlu\u011funu \u00f6l\u00fc yaral\u0131 d\u00fc\u015f\u00fcrd\u00fc.<\/p>\n","protected":false},"excerpt":{"rendered":"<p>\u0130LLER \u2013 Vatan topraklar\u0131na demokrasi ve \u00f6zg\u00fcrl\u00fck gibi kavramlarla s\u00fcsledikleri tekfirci, katliamc\u0131, ayr\u0131mc\u0131, gerici ve yobaz d\u00fc\u015f\u00fcncelerini vatan topraklar\u0131na ekmeye \u00e7al\u0131\u015fan silahl\u0131 ter\u00f6r gruplar\u0131 kahraman birliklerimizin vatanseverlik, fedakarl\u0131k ve adanm\u0131\u015fl\u0131klar\u0131 kar\u015f\u0131s\u0131nda b\u00fcy\u00fck hezimetlerle yok oluyorlar. Lazkiye\u2019nin Kuzey K\u0131rsal\u0131nda Onlarca Ter\u00f6rist \u00d6ld\u00fcr\u00fcld\u00fc Kahraman ordu birliklerimizin Lazkiye\u2019nin kuzey k\u0131rsal\u0131nda Nibi el Sam\u00fck, Ebu Riy\u015f Tar\u0131m Arazileri, el &hellip;<\/p>\n","protected":false},"author":1,"featured_media":4351,"comment_status":"closed","ping_status":"closed","sticky":false,"template":"","format":"standard","meta":{"footnotes":""},"categories":[575],"tags":[942],"class_list":["post-4350","post","type-post","status-publish","format-standard","has-post-thumbnail","","category-olaylar-ve-gercekler","tag-tekfircilik-ve-yobazlik-kahramanlarimizin-vatanseverligi-karsisinda-yok-oluyor"],"_links":{"self":[{"href":"https:\/\/archive.sana.sy\/tr\/index.php?rest_route=\/wp\/v2\/posts\/4350","targetHints":{"allow":["GET"]}}],"collection":[{"href":"https:\/\/archive.sana.sy\/tr\/index.php?rest_route=\/wp\/v2\/posts"}],"about":[{"href":"https:\/\/archive.sana.sy\/tr\/index.php?rest_route=\/wp\/v2\/types\/post"}],"author":[{"embeddable":true,"href":"https:\/\/archive.sana.sy\/tr\/index.php?rest_route=\/wp\/v2\/users\/1"}],"replies":[{"embeddable":true,"href":"https:\/\/archive.sana.sy\/tr\/index.php?rest_route=%2Fwp%2Fv2%2Fcomments&post=4350"}],"version-history":[{"count":0,"href":"https:\/\/archive.sana.sy\/tr\/index.php?rest_route=\/wp\/v2\/posts\/4350\/revisions"}],"wp:featuredmedia":[{"embeddable":true,"href":"https:\/\/archive.sana.sy\/tr\/index.php?rest_route=\/wp\/v2\/media\/4351"}],"wp:attachment":[{"href":"https:\/\/archive.sana.sy\/tr\/index.php?rest_route=%2Fwp%2Fv2%2Fmedia&parent=4350"}],"wp:term":[{"taxonomy":"category","embeddable":true,"href":"https:\/\/archive.sana.sy\/tr\/index.php?rest_route=%2Fwp%2Fv2%2Fcategories&post=4350"},{"taxonomy":"post_tag","embeddable":true,"href":"https:\/\/archive.sana.sy\/tr\/index.php?rest_route=%2Fwp%2Fv2%2Ftags&post=4350"}],"curies":[{"name":"wp","href":"https:\/\/api.w.org\/{rel}","templated":true}]}}