{"id":4355,"date":"2014-07-01T16:33:27","date_gmt":"2014-07-01T13:33:27","guid":{"rendered":"http:\/\/www.sana.sy\/tr\/?p=4355"},"modified":"2014-07-01T16:33:40","modified_gmt":"2014-07-01T13:33:40","slug":"ordu-birliklerimiz-homs-kirsalinin-um-el-sarsuh-beldesi-kenarlarinda-silahli-iki-teror-grubunu-hedef-alarak-iki-gruptaki-teroristlerin-buyuk-cogunlugunu-olu-yarali-dusurdu","status":"publish","type":"post","link":"https:\/\/archive.sana.sy\/tr\/?p=4355","title":{"rendered":"Ordu birliklerimiz Homs k\u0131rsal\u0131n\u0131n Um el \u015ear\u015fuh Beldesi kenarlar\u0131nda silahl\u0131 iki ter\u00f6r grubunu hedef alarak iki gruptaki ter\u00f6ristlerin b\u00fcy\u00fck \u00e7o\u011funlu\u011funu \u00f6l\u00fc yaral\u0131 d\u00fc\u015f\u00fcrd\u00fc."},"content":{"rendered":"<p>Ordu birliklerimiz Homs k\u0131rsal\u0131n\u0131n Um el \u015ear\u015fuh Beldesi kenarlar\u0131nda silahl\u0131 iki ter\u00f6r grubunu hedef alarak iki gruptaki ter\u00f6ristlerin b\u00fcy\u00fck \u00e7o\u011funlu\u011funu \u00f6l\u00fc yaral\u0131 d\u00fc\u015f\u00fcrd\u00fc.<\/p>\n","protected":false},"excerpt":{"rendered":"<p>Ordu birliklerimiz Homs k\u0131rsal\u0131n\u0131n Um el \u015ear\u015fuh Beldesi kenarlar\u0131nda silahl\u0131 iki ter\u00f6r grubunu hedef alarak iki gruptaki ter\u00f6ristlerin b\u00fcy\u00fck \u00e7o\u011funlu\u011funu \u00f6l\u00fc yaral\u0131 d\u00fc\u015f\u00fcrd\u00fc.<\/p>\n","protected":false},"author":1,"featured_media":0,"comment_status":"closed","ping_status":"closed","sticky":false,"template":"","format":"standard","meta":{"footnotes":""},"categories":[575],"tags":[943],"class_list":["post-4355","post","type-post","status-publish","format-standard","","category-olaylar-ve-gercekler","tag-ordu-birliklerimiz-homs-kirsalinin-um-el-sarsuh-beldesi-kenarlarinda-silahli-iki-teror-grubunu-hedef-alarak-iki-gruptaki-teroristlerin-buyuk-cogunlugunu-olu-yarali-dusurdu"],"_links":{"self":[{"href":"https:\/\/archive.sana.sy\/tr\/index.php?rest_route=\/wp\/v2\/posts\/4355","targetHints":{"allow":["GET"]}}],"collection":[{"href":"https:\/\/archive.sana.sy\/tr\/index.php?rest_route=\/wp\/v2\/posts"}],"about":[{"href":"https:\/\/archive.sana.sy\/tr\/index.php?rest_route=\/wp\/v2\/types\/post"}],"author":[{"embeddable":true,"href":"https:\/\/archive.sana.sy\/tr\/index.php?rest_route=\/wp\/v2\/users\/1"}],"replies":[{"embeddable":true,"href":"https:\/\/archive.sana.sy\/tr\/index.php?rest_route=%2Fwp%2Fv2%2Fcomments&post=4355"}],"version-history":[{"count":0,"href":"https:\/\/archive.sana.sy\/tr\/index.php?rest_route=\/wp\/v2\/posts\/4355\/revisions"}],"wp:attachment":[{"href":"https:\/\/archive.sana.sy\/tr\/index.php?rest_route=%2Fwp%2Fv2%2Fmedia&parent=4355"}],"wp:term":[{"taxonomy":"category","embeddable":true,"href":"https:\/\/archive.sana.sy\/tr\/index.php?rest_route=%2Fwp%2Fv2%2Fcategories&post=4355"},{"taxonomy":"post_tag","embeddable":true,"href":"https:\/\/archive.sana.sy\/tr\/index.php?rest_route=%2Fwp%2Fv2%2Ftags&post=4355"}],"curies":[{"name":"wp","href":"https:\/\/api.w.org\/{rel}","templated":true}]}}