{"id":43561,"date":"2015-08-11T10:36:24","date_gmt":"2015-08-11T07:36:24","guid":{"rendered":"http:\/\/sana.sy\/tr\/?p=43561"},"modified":"2015-08-11T10:36:24","modified_gmt":"2015-08-11T07:36:24","slug":"nazihin-siiri-yasantilari-bir-gecede-degisen-multecilerin-sikintilarina-isik-tutuyor","status":"publish","type":"post","link":"https:\/\/archive.sana.sy\/tr\/?p=43561","title":{"rendered":"Nazihin \u015eiiri Ya\u015fant\u0131lar\u0131 Bir Gecede De\u011fi\u015fen M\u00fcltecilerin S\u0131k\u0131nt\u0131lar\u0131na I\u015f\u0131k Tutuyor"},"content":{"rendered":"<p>\u015eAM \u2013 Suriyeli \u015eair Ali Cuma el Kaud, \u201cNazihin\u201d (Yerimizden Edilmi\u015fiz) \u015fiirinin yerlerinden yurtlar\u0131ndan g\u00f6\u00e7 etmek zorunda kalan m\u00fcltecilerin s\u0131k\u0131nt\u0131lar\u0131na \u0131\u015f\u0131k tuttu\u011funu dile getirdi.<\/p>\n<p>Bilinece\u011fi \u00fczere Kaud\u2019un Nazihin \u015fiiri, Filistinli \u015eair \u011eassan Kenafani an\u0131s\u0131na d\u00fczenlenen ve ge\u00e7ti\u011fimiz g\u00fcnlerde sonu\u00e7lar\u0131 a\u00e7\u0131klanan yar\u0131\u015fmada \u00fc\u00e7\u00fcnc\u00fcl\u00fc\u011f\u00fc kazand\u0131.<\/p>\n<p>Kaud SANA\u2019ya yapt\u0131\u011f\u0131 a\u00e7\u0131klamada Nazihin \u015fiirinin m\u00fcltecilerin ya\u015fant\u0131s\u0131n\u0131 bir\u00e7ok a\u00e7\u0131dan yans\u0131tt\u0131\u011f\u0131n\u0131 dile getirerek ya\u015fant\u0131lar\u0131 bir gecede de\u011fi\u015fen ve g\u00f6zlerini yersiz, yurtsuz ve \u00e7aresiz bir ya\u015fam\u0131n sabah\u0131nda a\u00e7an m\u00fcltecilerin g\u00fcn\u00fcm\u00fcz\u00fcn en \u00fcz\u00fcnt\u00fc verici ger\u00e7eklerinden biri haline geldiklerini belirtti.<\/p>\n<p>Kaud, Nazihin \u015fiirini \u201cinsan vicdan\u0131n\u0131n \u00e7\u0131\u011fl\u0131\u011f\u0131\u201d \u015feklinde nitelendirerek ya\u015famlar\u0131 bir eziyet haline gelmi\u015f olan m\u00fcltecilerin insan olmak d\u0131\u015f\u0131nda hi\u00e7bir su\u00e7lar\u0131 bulunmad\u0131\u011f\u0131n\u0131 dile getirdi.<\/p>\n<p>F.B. &#8211; R.H.<\/p>\n","protected":false},"excerpt":{"rendered":"<p>\u015eAM \u2013 Suriyeli \u015eair Ali Cuma el Kaud, \u201cNazihin\u201d (Yerimizden Edilmi\u015fiz) \u015fiirinin yerlerinden yurtlar\u0131ndan g\u00f6\u00e7 etmek zorunda kalan m\u00fcltecilerin s\u0131k\u0131nt\u0131lar\u0131na \u0131\u015f\u0131k tuttu\u011funu dile getirdi. Bilinece\u011fi \u00fczere Kaud\u2019un Nazihin \u015fiiri, Filistinli \u015eair \u011eassan Kenafani an\u0131s\u0131na d\u00fczenlenen ve ge\u00e7ti\u011fimiz g\u00fcnlerde sonu\u00e7lar\u0131 a\u00e7\u0131klanan yar\u0131\u015fmada \u00fc\u00e7\u00fcnc\u00fcl\u00fc\u011f\u00fc kazand\u0131. Kaud SANA\u2019ya yapt\u0131\u011f\u0131 a\u00e7\u0131klamada Nazihin \u015fiirinin m\u00fcltecilerin ya\u015fant\u0131s\u0131n\u0131 bir\u00e7ok a\u00e7\u0131dan yans\u0131tt\u0131\u011f\u0131n\u0131 dile &hellip;<\/p>\n","protected":false},"author":1,"featured_media":43562,"comment_status":"closed","ping_status":"closed","sticky":false,"template":"","format":"standard","meta":{"footnotes":""},"categories":[516,511],"tags":[16217,16216],"class_list":["post-43561","post","type-post","status-publish","format-standard","has-post-thumbnail","","category-haberler-kultur-ve-sanat","category-kultur-ve-sanat","tag-nazihin-yerimizden-edilmisiz-siirinin-yerlerinden-yurtlarindan-goc-etmek-zorunda-kalan-multecilerin-sikintilarina-isik-tuttugunu-dile-getirdi","tag-nazihin-siiri-yasantilari-bir-gecede-degisen-multecilerin-sikintilarina-isik-tutuyor-sam-suriyeli-sair-ali-cuma-el-kaud"],"_links":{"self":[{"href":"https:\/\/archive.sana.sy\/tr\/index.php?rest_route=\/wp\/v2\/posts\/43561","targetHints":{"allow":["GET"]}}],"collection":[{"href":"https:\/\/archive.sana.sy\/tr\/index.php?rest_route=\/wp\/v2\/posts"}],"about":[{"href":"https:\/\/archive.sana.sy\/tr\/index.php?rest_route=\/wp\/v2\/types\/post"}],"author":[{"embeddable":true,"href":"https:\/\/archive.sana.sy\/tr\/index.php?rest_route=\/wp\/v2\/users\/1"}],"replies":[{"embeddable":true,"href":"https:\/\/archive.sana.sy\/tr\/index.php?rest_route=%2Fwp%2Fv2%2Fcomments&post=43561"}],"version-history":[{"count":0,"href":"https:\/\/archive.sana.sy\/tr\/index.php?rest_route=\/wp\/v2\/posts\/43561\/revisions"}],"wp:featuredmedia":[{"embeddable":true,"href":"https:\/\/archive.sana.sy\/tr\/index.php?rest_route=\/wp\/v2\/media\/43562"}],"wp:attachment":[{"href":"https:\/\/archive.sana.sy\/tr\/index.php?rest_route=%2Fwp%2Fv2%2Fmedia&parent=43561"}],"wp:term":[{"taxonomy":"category","embeddable":true,"href":"https:\/\/archive.sana.sy\/tr\/index.php?rest_route=%2Fwp%2Fv2%2Fcategories&post=43561"},{"taxonomy":"post_tag","embeddable":true,"href":"https:\/\/archive.sana.sy\/tr\/index.php?rest_route=%2Fwp%2Fv2%2Ftags&post=43561"}],"curies":[{"name":"wp","href":"https:\/\/api.w.org\/{rel}","templated":true}]}}