{"id":4359,"date":"2014-07-01T17:00:29","date_gmt":"2014-07-01T14:00:29","guid":{"rendered":"http:\/\/www.sana.sy\/tr\/?p=4359"},"modified":"2014-07-02T15:23:04","modified_gmt":"2014-07-02T12:23:04","slug":"nakit-parada-artis-var","status":"publish","type":"post","link":"https:\/\/archive.sana.sy\/tr\/?p=4359","title":{"rendered":"Nakit Parada Art\u0131\u015f Var"},"content":{"rendered":"<p>\u015eAM \u2013 Halk Kredi Bankas\u0131 M\u00fcd\u00fcr\u00fc Muhammed \u0130brahim Hamra; bankadaki nakit paran\u0131n bu y\u0131l\u0131n ilk aylar\u0131nda %14 civar\u0131nda art\u0131\u015f sa\u011flad\u0131\u011f\u0131n\u0131 belirtti.<\/p>\n<p>SANA\u2019ya a\u00e7\u0131klama yapan Hamra; bankadaki nakit paran\u0131n bu y\u0131l\u0131n ba\u015flar\u0131nda %46.5 olmas\u0131yla 31-05-2014 tarihinde bu rakam\u0131n %60\u2019a y\u00fckseldi\u011fini s\u00f6ylerken, Nakit Kurulu taraf\u0131ndan bulundurulmas\u0131 gerekli olarak belirlenen rakam\u0131n iki kat\u0131n\u0131 a\u015ft\u0131\u011f\u0131na dikkat \u00e7ekti.<\/p>\n<p>Bankadaki mevduat para miktar\u0131n\u0131n ise y\u0131l\u0131n ba\u015flar\u0131nda 75.4 milyar lira olmas\u0131yla be\u015finci ay\u0131n ba\u015f\u0131nda 78.6 milyar liraya \u00e7\u0131kt\u0131\u011f\u0131n\u0131 a\u00e7\u0131klad\u0131.<\/p>\n","protected":false},"excerpt":{"rendered":"<p>\u015eAM \u2013 Halk Kredi Bankas\u0131 M\u00fcd\u00fcr\u00fc Muhammed \u0130brahim Hamra; bankadaki nakit paran\u0131n bu y\u0131l\u0131n ilk aylar\u0131nda %14 civar\u0131nda art\u0131\u015f sa\u011flad\u0131\u011f\u0131n\u0131 belirtti. SANA\u2019ya a\u00e7\u0131klama yapan Hamra; bankadaki nakit paran\u0131n bu y\u0131l\u0131n ba\u015flar\u0131nda %46.5 olmas\u0131yla 31-05-2014 tarihinde bu rakam\u0131n %60\u2019a y\u00fckseldi\u011fini s\u00f6ylerken, Nakit Kurulu taraf\u0131ndan bulundurulmas\u0131 gerekli olarak belirlenen rakam\u0131n iki kat\u0131n\u0131 a\u015ft\u0131\u011f\u0131na dikkat \u00e7ekti. Bankadaki mevduat &hellip;<\/p>\n","protected":false},"author":1,"featured_media":4360,"comment_status":"closed","ping_status":"closed","sticky":false,"template":"","format":"standard","meta":{"footnotes":""},"categories":[485,486],"tags":[944],"class_list":["post-4359","post","type-post","status-publish","format-standard","has-post-thumbnail","","category-is-ve-sermaye","category-haberler-is-ve-sermaye","tag-nakit-parada-artis-var"],"_links":{"self":[{"href":"https:\/\/archive.sana.sy\/tr\/index.php?rest_route=\/wp\/v2\/posts\/4359","targetHints":{"allow":["GET"]}}],"collection":[{"href":"https:\/\/archive.sana.sy\/tr\/index.php?rest_route=\/wp\/v2\/posts"}],"about":[{"href":"https:\/\/archive.sana.sy\/tr\/index.php?rest_route=\/wp\/v2\/types\/post"}],"author":[{"embeddable":true,"href":"https:\/\/archive.sana.sy\/tr\/index.php?rest_route=\/wp\/v2\/users\/1"}],"replies":[{"embeddable":true,"href":"https:\/\/archive.sana.sy\/tr\/index.php?rest_route=%2Fwp%2Fv2%2Fcomments&post=4359"}],"version-history":[{"count":0,"href":"https:\/\/archive.sana.sy\/tr\/index.php?rest_route=\/wp\/v2\/posts\/4359\/revisions"}],"wp:featuredmedia":[{"embeddable":true,"href":"https:\/\/archive.sana.sy\/tr\/index.php?rest_route=\/wp\/v2\/media\/4360"}],"wp:attachment":[{"href":"https:\/\/archive.sana.sy\/tr\/index.php?rest_route=%2Fwp%2Fv2%2Fmedia&parent=4359"}],"wp:term":[{"taxonomy":"category","embeddable":true,"href":"https:\/\/archive.sana.sy\/tr\/index.php?rest_route=%2Fwp%2Fv2%2Fcategories&post=4359"},{"taxonomy":"post_tag","embeddable":true,"href":"https:\/\/archive.sana.sy\/tr\/index.php?rest_route=%2Fwp%2Fv2%2Ftags&post=4359"}],"curies":[{"name":"wp","href":"https:\/\/api.w.org\/{rel}","templated":true}]}}