{"id":43619,"date":"2015-08-11T20:37:44","date_gmt":"2015-08-11T17:37:44","guid":{"rendered":"http:\/\/sana.sy\/tr\/?p=43619"},"modified":"2015-08-12T19:53:12","modified_gmt":"2015-08-12T16:53:12","slug":"sanli-vatan-topraklari-teror-ve-destekcileri-icin-mezar-oluyor-3","status":"publish","type":"post","link":"https:\/\/archive.sana.sy\/tr\/?p=43619","title":{"rendered":"\u015eanl\u0131 Vatan Topraklar\u0131 Ter\u00f6ristlerin Mezar\u0131 Oluyor"},"content":{"rendered":"<p>\u0130LLER \u2013 Vatan topraklar\u0131n\u0131n muhtelif b\u00f6lgelerinde \u015fan ve onur destanlar\u0131 yazmaya devam eden ordu birliklerimiz \u00e7ok say\u0131da ter\u00f6risti \u00f6l\u00fc yaral\u0131 olarak ele ge\u00e7irirken, \u00e7ok say\u0131da yuva ve kararg\u00e2hlar\u0131n\u0131n yan\u0131 s\u0131ra cephaneliklerini muhtevalar\u0131yla tahrip etti.<\/p>\n<p><span style=\"color: #0000ff\">\u015eAM KIRSALI:<\/span><\/p>\n<p>L\u00fcbnan ulusal direni\u015f g\u00fc\u00e7leriyle i\u015fbirli\u011fi i\u00e7inde \u015eam k\u0131rsal\u0131n\u0131n bat\u0131s\u0131 Zebadani Kentinde ter\u00f6ristlere kar\u015f\u0131 operasyonlar\u0131n\u0131 s\u00fcrd\u00fcren ordu birliklerimiz; kentin kuzeydo\u011fu y\u00f6n\u00fcnde 11 bina blo\u011funu \u00e7etelerden temizleyerek kontrol\u00fcne ald\u0131. Kent Merkezine do\u011fru ba\u015far\u0131yla ilerlemeye devam eden ordu birliklerimiz onlarca ter\u00f6risti \u00f6ld\u00fcrd\u00fc.<\/p>\n<p>https:\/\/www.youtube.com\/watch?v=qmhA3JNPxEg<\/p>\n<p><span style=\"color: #0000ff\">LAZK\u0130YE:<\/span><\/p>\n<p>Lazkiye k\u0131rsal\u0131nda Erdo\u011fan rejiminin y\u00f6nlendirip destekledi\u011fi ter\u00f6r \u00e7etelerine y\u00f6nelik operasyonlar\u0131 kapsam\u0131nda hava g\u00fc\u00e7lerimiz Rabia Nahiyesinde bu \u00e7etelere ait b\u00fcy\u00fck bir cephaneli\u011fin yan\u0131 s\u0131ra bomba d\u00fczeneklerinin imal edildi\u011fi bir at\u00f6lyelerini muhtevalar\u0131yla imha etti.<\/p>\n<p><span style=\"color: #0000ff\">\u0130DL\u0130B:<\/span><\/p>\n<p>\u0130dlib k\u0131rsal\u0131nda Erdo\u011fan rejiminin destek ve y\u00f6nlendirmeleriyle faaliyet g\u00f6steren ve \u2018Fetih Ordusu\u2019 ad\u0131 ad\u0131yla bilinen ter\u00f6rist \u00e7etelere kar\u015f\u0131 operasyonlar\u0131n\u0131 s\u00fcrd\u00fcren hava g\u00fc\u00e7lerimiz Tuum, Benni\u015f, Savva\u011fiye\u2019nin kuzeyi, Cisre\u015f\u015fu\u011fur ve Ebu el Zuhur b\u00f6lgelerinde bu \u00e7etelere ait bir\u00e7ok mevki ve \u00e7ok say\u0131da arac\u0131 muhtevalar\u0131yla imha etti.<\/p>\n<p>G\u00fcn\u00fcn ilerleyen saatlerinde a\u00e7\u0131klama yapan bir kaynak; hava g\u00fc\u00e7lerimizin \u0130dlib k\u0131rsal\u0131 Ebu Zuhur, H\u015feyr\u2019in kuzeyi, Um Crin, askeri havaliman\u0131n g\u00fcneyi ve Teraa b\u00f6lgelerinde ter\u00f6r \u00f6rg\u00fctlerin yuva ve k\u00fcmelenme yerlerini hedef ald\u0131klar\u0131n\u0131 ifade etti. Kaynak; operasyonlarda \u2018Fetih Ordusu\u2019ndan bir\u00e7ok ter\u00f6ristin \u00f6ld\u00fcr\u00fcl\u00fcp ara\u00e7, silah ve m\u00fchimmatlar\u0131n\u0131n imha edildi\u011fini s\u00f6zlerine ekledi.<\/p>\n<p>Kaynak; \u0130dlib k\u0131rsal\u0131n\u0131n kuzeyi Zradna, Muarret M\u0131srin, Ram Hamdan ve Kefar Yahmul b\u00f6lgelerinde de hava g\u00fc\u00e7lerimizin T\u00fcrkiye\u2019den destek hatlar\u0131 ve toplanma merkezlerini hedef alarak onlarca ter\u00f6risti \u00f6ld\u00fcrd\u00fcklerini s\u00f6yledi.<\/p>\n<p>Hava g\u00fc\u00e7lerimizin \u0130dlib k\u0131rsal\u0131n\u0131n g\u00fcneybat\u0131s\u0131 Cisre\u015f\u015fu\u011fur Kenti, Sifohen ve Habit k\u00f6ylerinde yine \u2018Fetih Ordusu\u2019na tabi ter\u00f6ristlerin mevkilerini ald\u0131klar\u0131n\u0131 belirten kaynak; buralarda da say\u0131 ve te\u00e7hizatlar\u0131nda b\u00fcy\u00fck kay\u0131plara u\u011fratt\u0131klar\u0131n\u0131 aktard\u0131.<\/p>\n<p>Kaynak; hava g\u00fc\u00e7lerimizin \u0130dlib k\u0131rsal\u0131n\u0131n kuzeyi Kefrayya ve Fua beldeleri civar\u0131nda ter\u00f6ristlere ait toplanma yerleri, havan rampalar\u0131 ve bir topu imha ederek \u00e7ok say\u0131da ter\u00f6risti \u00f6l\u00fc ve yaral\u0131 d\u00fc\u015f\u00fcrd\u00fcklerini s\u00f6yledi.<\/p>\n<p><span style=\"color: #0000ff\">HALEP:<\/span><\/p>\n<p>\u00d6te yandan ordu birliklerimiz Halep k\u0131rsal\u0131n\u0131n Bat\u0131 Kveyris, Erbid, Do\u011fu Kveyris ve Tadif b\u00f6lgelerinde ter\u00f6ristlerin toplanma yerleri ve mevkilerini hedef al\u0131rken \u00e7ok say\u0131da ter\u00f6risti \u00f6l\u00fc ve yaral\u0131 d\u00fc\u015f\u00fcrd\u00fc.<\/p>\n<p>Halep k\u0131rsal\u0131n\u0131n do\u011fusunda da Havac\u0131l\u0131k Akademisi civar\u0131, Do\u011fu Kveyris ve el Bab b\u00f6lgelerinde de hava g\u00fc\u00e7lerimizin I\u015e\u0130D\u2019in ara\u00e7lar\u0131 ve te\u00e7hizatlar\u0131n\u0131 hedef ald\u0131klar\u0131n\u0131 belirten kaynak; \u00e7ok say\u0131da ter\u00f6risti \u00f6l\u00fc ve yaral\u0131 d\u00fc\u015f\u00fcrd\u00fcklerini aktard\u0131.<\/p>\n<p><span style=\"color: #0000ff\">DERA:<\/span><\/p>\n<p>\u0130srail ve \u00dcrd\u00fcn rejimlerinin destekledikleri; \u00dcrd\u00fcn\u2019\u00fcn ba\u015fkenti Amman\u2019da yabanc\u0131 istihbarat cihazlar\u0131n\u0131n y\u00f6nettikleri Mok operasyon odas\u0131 taraf\u0131ndan y\u00f6nlendirilen ter\u00f6r \u00e7etelere kar\u015f\u0131 Dera ve k\u0131rsal\u0131nda operasyonlar\u0131n\u0131 s\u00fcrd\u00fcren ordu birliklerimiz; Dera Kentine bir\u00e7ok eksenden y\u00fcksek say\u0131larla sald\u0131ran tekfirci ve vatan hainlerine kar\u015f\u0131 koydu.<\/p>\n<p>Dera\u2019da askeri bir kaynak SANA\u2019ya a\u00e7\u0131klamas\u0131nda \u00e7at\u0131\u015fmalarda aralar\u0131nda yabanc\u0131 ve saha komutanlar\u0131n\u0131n bulundu\u011fu y\u00fczlerce ter\u00f6ristin \u00f6l\u00fc yaral\u0131 d\u00fc\u015f\u00fcr\u00fcld\u00fcklerini aktard\u0131. Kaynak ayn\u0131 zamanda bir k\u0131sm\u0131 a\u011f\u0131r silahlarla donat\u0131lm\u0131\u015f \u00e7ok say\u0131da ara\u00e7lar\u0131n\u0131n ta\u015f\u0131d\u0131klar\u0131 cephane ve ter\u00f6ristlerle birlikte imha edildiklerini s\u00f6zlerine ekledi.<\/p>\n<p>Ordu birliklerimiz Dera k\u0131rsal\u0131 Etman Beldesinin kuzeybat\u0131s\u0131nda bir ter\u00f6r grubunun eleba\u015f\u0131 ve t\u00fcm \u00fcyelerini tamamen etkisiz hale getirdi.<\/p>\n<p>Dera k\u0131rsal\u0131nda ise ordu birliklerimiz Yaduda, Nasib, Do\u011fu Gariye ve Bat\u0131 Gariye b\u00f6lgelerinde ter\u00f6ristlerin toplanma yerleri, cephanelikleri ve ara\u00e7lar\u0131n\u0131 muhtevalar\u0131yla imha ederlerken; aralar\u0131nda tehlikeli isimlerin bulundu\u011fu onlarca ter\u00f6risti \u00f6l\u00fc yaral\u0131 d\u00fc\u015f\u00fcrd\u00fc.<\/p>\n<p>Dera k\u0131rsal\u0131n\u0131n Nuayme Beldesinde \u00e7ete eleba\u015flar\u0131n\u0131n \u00f6nemli bir karargahlar\u0131na nitelikli operasyon d\u00fczenleyen ordu birliklerimiz; b\u00f6lgede en tehlikeli ter\u00f6r eleba\u015flar\u0131ndan say\u0131lan ve s\u00f6zde Yerm\u00fck Ordusu lideri olarak bilinen Be\u015f\u015far el Zoubi\u2019nin yan\u0131 s\u0131ra \u2018Mutasam Billah T\u00fcmeni\u2019 ter\u00f6r \u00e7etelerinin lideri Ahmet el Nuayme\u2019yi beraberlerindeki 50\u2019den fazla ter\u00f6ristle birlikte \u00f6ld\u00fcrd\u00fc.<\/p>\n<p>Ter\u00f6ristlerin b\u00f6lgedeki ma\u011fara ve sarp kayal\u0131klardan siper ald\u0131klar\u0131 ve S\u00fcveyda il s\u0131n\u0131rlar\u0131na yak\u0131n d\u00fc\u015fen Lucat B\u00f6lgesinden ordu birliklerimiz ter\u00f6ristlere ait bir\u00e7ok yuva ve ara\u00e7lar\u0131 imha edip y\u00fcksek say\u0131da ter\u00f6risti \u00f6l\u00fc ve yaral\u0131 d\u00fc\u015f\u00fcrd\u00fc.<\/p>\n<p><span style=\"color: #0000ff\">HOMS:<\/span><\/p>\n<p>SANA\u2019ya a\u00e7\u0131klama yapan askeri kaynak hava g\u00fc\u00e7lerimizin Homs k\u0131rsal\u0131n\u0131n do\u011fusu Tedmur B\u00f6lgesinde Kuzey Mekla\u2019n\u0131n kuzeydo\u011fusunda I\u015e\u0130D\u2019in bir toplanma yerini muhtevalar\u0131yla imha ettiklerini aktard\u0131.<\/p>\n<p><span style=\"color: #0000ff\">S\u00dcVEYDA:<\/span><\/p>\n<p>S\u00fcveyda k\u0131rsal\u0131n\u0131n kuzeydo\u011fu k\u0131rsal\u0131 B\u00fcseyna Platformuna sald\u0131r\u0131 giri\u015fiminde bulunan ter\u00f6ristlere kar\u015f\u0131 koyan ordu birliklerimiz; sald\u0131rganlar\u0131 a\u011f\u0131r kay\u0131plara u\u011fratarak sald\u0131r\u0131y\u0131 \u00e7\u00f6kertti.<\/p>\n<p><span style=\"color: #0000ff\">HAMA:<\/span><\/p>\n<p>Askeri kaynak; hava g\u00fc\u00e7lerimizin Hama k\u0131rsal\u0131n\u0131n kuzeybat\u0131s\u0131nda \u0130dlib il idari s\u0131n\u0131rlar\u0131na yak\u0131n d\u00fc\u015fen Kamb el Alman, Foru, Safsafe, Cub el Ahmar b\u00f6lgelerinde ter\u00f6r \u00f6rg\u00fctlerinden onlarca ter\u00f6risti \u00f6l\u00fc ve yaral\u0131 d\u00fc\u015f\u00fcr\u00fcp ara\u00e7lar\u0131n\u0131 da imha ettiklerini s\u00f6yledi.<\/p>\n<p>Kaynak; Hama k\u0131rsal\u0131 Ziyara Beldesinin \u00e7evresine d\u00fc\u015fen Dveyr el Akrad ve K\u0131rsal Kalk\u0131nma b\u00f6lgelerinde de hava g\u00fc\u00e7lerimizin Nusra Cephesinin mevkilerini hedef alarak buralarda da \u00e7ok say\u0131da ter\u00f6risti \u00f6l\u00fc ve yaral\u0131 d\u00fc\u015f\u00fcr\u00fcp havzalar\u0131ndaki silah ve m\u00fchimmatlar\u0131n\u0131 imha ettiklerine dikkat \u00e7ekti.<\/p>\n<p>Hava g\u00fc\u00e7lerimizin Hama k\u0131rsal\u0131 Hurbet el Nakos, Mansura Tah\u0131l Silolar\u0131, Me\u015fbak, Unkavi, Muarkaba ve Lahaya b\u00f6lgelerinde ter\u00f6ristlerin siper ve karargahlar\u0131n\u0131 imha ettiklerini aktaran kaynak; \u00e7ok say\u0131da ter\u00f6risti \u00f6l\u00fc ve yaral\u0131 d\u00fc\u015f\u00fcrd\u00fcklerini s\u00f6yledi.<\/p>\n<p>Bu arada saha kaynaklar\u0131 SANA muhabirine a\u00e7\u0131klamalar\u0131nda Hama k\u0131rsal\u0131n\u0131n Sahl el \u011eab B\u00f6lgesine d\u00fc\u015fen Vasit Tepesinde bir ter\u00f6r grubunu hedef almalar\u0131 sonucunda aralar\u0131nda \u2018Ebu el Lays el Muhacir\u2019 kod ad\u0131yla bilenen ter\u00f6r komutan\u0131n bulundu\u011fu 10 ter\u00f6risti \u00f6ld\u00fcr\u00fcld\u00fcklerini ifade etti.<\/p>\n<p>Ter\u00f6r \u00e7eteleri medya ara\u00e7lar\u0131nda aralar\u0131nda tehlikeli isimlerinin bulundu\u011fu 15 ter\u00f6ristin \u00f6ld\u00fcr\u00fcld\u00fc\u011f\u00fcn\u00fc itiraf etti.<\/p>\n<p>G\u00fcn\u00fcn ilerleyen saatlerinde a\u00e7\u0131klama yapan bir kaynak; hava g\u00fc\u00e7lerimizin Hama k\u0131rsal\u0131 Huveyce, Mozra, Ziyara ve Mansura b\u00f6lgelerinde onlarca ter\u00f6risti ara\u00e7lar\u0131yla birlikte imha ettiklerini belirtti.<\/p>\n<p style=\"text-align: center\"><span style=\"color: #0000ff\"><strong>ZEBADAN\u0130<\/strong><\/span><\/p>\n<div id='gallery-1' class='gallery galleryid-43619 gallery-columns-2 gallery-size-medium'><figure class='gallery-item'>\n\t\t\t<div class='gallery-icon landscape'>\n\t\t\t\t<a href='https:\/\/archive.sana.sy\/tr\/wp-content\/uploads\/2015\/08\/Sequence-05.Still001.jpg'><img loading=\"lazy\" decoding=\"async\" width=\"300\" height=\"200\" src=\"https:\/\/archive.sana.sy\/tr\/wp-content\/uploads\/2015\/08\/Sequence-05.Still001-300x200.jpg\" class=\"attachment-medium size-medium\" alt=\"\" srcset=\"https:\/\/archive.sana.sy\/tr\/wp-content\/uploads\/2015\/08\/Sequence-05.Still001-300x200.jpg 300w, https:\/\/archive.sana.sy\/tr\/wp-content\/uploads\/2015\/08\/Sequence-05.Still001-150x100.jpg 150w, https:\/\/archive.sana.sy\/tr\/wp-content\/uploads\/2015\/08\/Sequence-05.Still001.jpg 720w\" sizes=\"auto, (max-width: 300px) 100vw, 300px\" \/><\/a>\n\t\t\t<\/div><\/figure><figure class='gallery-item'>\n\t\t\t<div class='gallery-icon landscape'>\n\t\t\t\t<a href='https:\/\/archive.sana.sy\/tr\/wp-content\/uploads\/2015\/08\/Sequence-05.Still005.jpg'><img loading=\"lazy\" decoding=\"async\" width=\"300\" height=\"200\" src=\"https:\/\/archive.sana.sy\/tr\/wp-content\/uploads\/2015\/08\/Sequence-05.Still005-300x200.jpg\" class=\"attachment-medium size-medium\" alt=\"\" srcset=\"https:\/\/archive.sana.sy\/tr\/wp-content\/uploads\/2015\/08\/Sequence-05.Still005-300x200.jpg 300w, https:\/\/archive.sana.sy\/tr\/wp-content\/uploads\/2015\/08\/Sequence-05.Still005-150x100.jpg 150w, https:\/\/archive.sana.sy\/tr\/wp-content\/uploads\/2015\/08\/Sequence-05.Still005.jpg 720w\" sizes=\"auto, (max-width: 300px) 100vw, 300px\" \/><\/a>\n\t\t\t<\/div><\/figure><figure class='gallery-item'>\n\t\t\t<div class='gallery-icon landscape'>\n\t\t\t\t<a href='https:\/\/archive.sana.sy\/tr\/wp-content\/uploads\/2015\/08\/Sequence-05.Still009.jpg'><img loading=\"lazy\" decoding=\"async\" width=\"300\" height=\"200\" src=\"https:\/\/archive.sana.sy\/tr\/wp-content\/uploads\/2015\/08\/Sequence-05.Still009-300x200.jpg\" class=\"attachment-medium size-medium\" alt=\"\" srcset=\"https:\/\/archive.sana.sy\/tr\/wp-content\/uploads\/2015\/08\/Sequence-05.Still009-300x200.jpg 300w, https:\/\/archive.sana.sy\/tr\/wp-content\/uploads\/2015\/08\/Sequence-05.Still009-150x100.jpg 150w, https:\/\/archive.sana.sy\/tr\/wp-content\/uploads\/2015\/08\/Sequence-05.Still009.jpg 720w\" sizes=\"auto, (max-width: 300px) 100vw, 300px\" \/><\/a>\n\t\t\t<\/div><\/figure><figure class='gallery-item'>\n\t\t\t<div class='gallery-icon landscape'>\n\t\t\t\t<a href='https:\/\/archive.sana.sy\/tr\/wp-content\/uploads\/2015\/08\/Sequence-05.Still013.jpg'><img loading=\"lazy\" decoding=\"async\" width=\"300\" height=\"200\" src=\"https:\/\/archive.sana.sy\/tr\/wp-content\/uploads\/2015\/08\/Sequence-05.Still013-300x200.jpg\" class=\"attachment-medium size-medium\" alt=\"\" srcset=\"https:\/\/archive.sana.sy\/tr\/wp-content\/uploads\/2015\/08\/Sequence-05.Still013-300x200.jpg 300w, https:\/\/archive.sana.sy\/tr\/wp-content\/uploads\/2015\/08\/Sequence-05.Still013-150x100.jpg 150w, https:\/\/archive.sana.sy\/tr\/wp-content\/uploads\/2015\/08\/Sequence-05.Still013.jpg 720w\" sizes=\"auto, (max-width: 300px) 100vw, 300px\" \/><\/a>\n\t\t\t<\/div><\/figure><figure class='gallery-item'>\n\t\t\t<div class='gallery-icon landscape'>\n\t\t\t\t<a href='https:\/\/archive.sana.sy\/tr\/wp-content\/uploads\/2015\/08\/Sequence-05.Still015.jpg'><img loading=\"lazy\" decoding=\"async\" width=\"300\" height=\"200\" src=\"https:\/\/archive.sana.sy\/tr\/wp-content\/uploads\/2015\/08\/Sequence-05.Still015-300x200.jpg\" class=\"attachment-medium size-medium\" alt=\"\" srcset=\"https:\/\/archive.sana.sy\/tr\/wp-content\/uploads\/2015\/08\/Sequence-05.Still015-300x200.jpg 300w, https:\/\/archive.sana.sy\/tr\/wp-content\/uploads\/2015\/08\/Sequence-05.Still015-150x100.jpg 150w, https:\/\/archive.sana.sy\/tr\/wp-content\/uploads\/2015\/08\/Sequence-05.Still015.jpg 720w\" sizes=\"auto, (max-width: 300px) 100vw, 300px\" \/><\/a>\n\t\t\t<\/div><\/figure><figure class='gallery-item'>\n\t\t\t<div class='gallery-icon landscape'>\n\t\t\t\t<a href='https:\/\/archive.sana.sy\/tr\/wp-content\/uploads\/2015\/08\/Sequence-05.Still018.jpg'><img loading=\"lazy\" decoding=\"async\" width=\"300\" height=\"200\" src=\"https:\/\/archive.sana.sy\/tr\/wp-content\/uploads\/2015\/08\/Sequence-05.Still018-300x200.jpg\" class=\"attachment-medium size-medium\" alt=\"\" srcset=\"https:\/\/archive.sana.sy\/tr\/wp-content\/uploads\/2015\/08\/Sequence-05.Still018-300x200.jpg 300w, https:\/\/archive.sana.sy\/tr\/wp-content\/uploads\/2015\/08\/Sequence-05.Still018-150x100.jpg 150w, https:\/\/archive.sana.sy\/tr\/wp-content\/uploads\/2015\/08\/Sequence-05.Still018.jpg 720w\" sizes=\"auto, (max-width: 300px) 100vw, 300px\" \/><\/a>\n\t\t\t<\/div><\/figure><figure class='gallery-item'>\n\t\t\t<div class='gallery-icon landscape'>\n\t\t\t\t<a href='https:\/\/archive.sana.sy\/tr\/wp-content\/uploads\/2015\/08\/Sequence-05.Still022.jpg'><img loading=\"lazy\" decoding=\"async\" width=\"300\" height=\"200\" src=\"https:\/\/archive.sana.sy\/tr\/wp-content\/uploads\/2015\/08\/Sequence-05.Still022-300x200.jpg\" class=\"attachment-medium size-medium\" alt=\"\" srcset=\"https:\/\/archive.sana.sy\/tr\/wp-content\/uploads\/2015\/08\/Sequence-05.Still022-300x200.jpg 300w, https:\/\/archive.sana.sy\/tr\/wp-content\/uploads\/2015\/08\/Sequence-05.Still022-150x100.jpg 150w, https:\/\/archive.sana.sy\/tr\/wp-content\/uploads\/2015\/08\/Sequence-05.Still022.jpg 720w\" sizes=\"auto, (max-width: 300px) 100vw, 300px\" \/><\/a>\n\t\t\t<\/div><\/figure><figure class='gallery-item'>\n\t\t\t<div class='gallery-icon landscape'>\n\t\t\t\t<a href='https:\/\/archive.sana.sy\/tr\/wp-content\/uploads\/2015\/08\/Sequence-05.Still023.jpg'><img loading=\"lazy\" decoding=\"async\" width=\"300\" height=\"200\" src=\"https:\/\/archive.sana.sy\/tr\/wp-content\/uploads\/2015\/08\/Sequence-05.Still023-300x200.jpg\" class=\"attachment-medium size-medium\" alt=\"\" srcset=\"https:\/\/archive.sana.sy\/tr\/wp-content\/uploads\/2015\/08\/Sequence-05.Still023-300x200.jpg 300w, https:\/\/archive.sana.sy\/tr\/wp-content\/uploads\/2015\/08\/Sequence-05.Still023-150x100.jpg 150w, https:\/\/archive.sana.sy\/tr\/wp-content\/uploads\/2015\/08\/Sequence-05.Still023.jpg 720w\" sizes=\"auto, (max-width: 300px) 100vw, 300px\" \/><\/a>\n\t\t\t<\/div><\/figure><figure class='gallery-item'>\n\t\t\t<div class='gallery-icon landscape'>\n\t\t\t\t<a href='https:\/\/archive.sana.sy\/tr\/wp-content\/uploads\/2015\/08\/Sequence-05.Still024.jpg'><img loading=\"lazy\" decoding=\"async\" width=\"300\" height=\"200\" src=\"https:\/\/archive.sana.sy\/tr\/wp-content\/uploads\/2015\/08\/Sequence-05.Still024-300x200.jpg\" class=\"attachment-medium size-medium\" alt=\"\" srcset=\"https:\/\/archive.sana.sy\/tr\/wp-content\/uploads\/2015\/08\/Sequence-05.Still024-300x200.jpg 300w, https:\/\/archive.sana.sy\/tr\/wp-content\/uploads\/2015\/08\/Sequence-05.Still024-150x100.jpg 150w, https:\/\/archive.sana.sy\/tr\/wp-content\/uploads\/2015\/08\/Sequence-05.Still024.jpg 720w\" sizes=\"auto, (max-width: 300px) 100vw, 300px\" \/><\/a>\n\t\t\t<\/div><\/figure><figure class='gallery-item'>\n\t\t\t<div class='gallery-icon landscape'>\n\t\t\t\t<a href='https:\/\/archive.sana.sy\/tr\/wp-content\/uploads\/2015\/08\/Sequence-05.Still025.jpg'><img loading=\"lazy\" decoding=\"async\" width=\"300\" height=\"200\" src=\"https:\/\/archive.sana.sy\/tr\/wp-content\/uploads\/2015\/08\/Sequence-05.Still025-300x200.jpg\" class=\"attachment-medium size-medium\" alt=\"\" srcset=\"https:\/\/archive.sana.sy\/tr\/wp-content\/uploads\/2015\/08\/Sequence-05.Still025-300x200.jpg 300w, https:\/\/archive.sana.sy\/tr\/wp-content\/uploads\/2015\/08\/Sequence-05.Still025-150x100.jpg 150w, https:\/\/archive.sana.sy\/tr\/wp-content\/uploads\/2015\/08\/Sequence-05.Still025.jpg 720w\" sizes=\"auto, (max-width: 300px) 100vw, 300px\" \/><\/a>\n\t\t\t<\/div><\/figure>\n\t\t<\/div>\n\n<p>A.A. &#8211; M.M. R.H.<\/p>\n","protected":false},"excerpt":{"rendered":"<p>\u0130LLER \u2013 Vatan topraklar\u0131n\u0131n muhtelif b\u00f6lgelerinde \u015fan ve onur destanlar\u0131 yazmaya devam eden ordu birliklerimiz \u00e7ok say\u0131da ter\u00f6risti \u00f6l\u00fc yaral\u0131 olarak ele ge\u00e7irirken, \u00e7ok say\u0131da yuva ve kararg\u00e2hlar\u0131n\u0131n yan\u0131 s\u0131ra cephaneliklerini muhtevalar\u0131yla tahrip etti. \u015eAM KIRSALI: L\u00fcbnan ulusal direni\u015f g\u00fc\u00e7leriyle i\u015fbirli\u011fi i\u00e7inde \u015eam k\u0131rsal\u0131n\u0131n bat\u0131s\u0131 Zebadani Kentinde ter\u00f6ristlere kar\u015f\u0131 operasyonlar\u0131n\u0131 s\u00fcrd\u00fcren ordu birliklerimiz; kentin kuzeydo\u011fu &hellip;<\/p>\n","protected":false},"author":1,"featured_media":43621,"comment_status":"closed","ping_status":"closed","sticky":false,"template":"","format":"standard","meta":{"footnotes":""},"categories":[575],"tags":[16228],"class_list":["post-43619","post","type-post","status-publish","format-standard","has-post-thumbnail","","category-olaylar-ve-gercekler","tag-sanli-vatan-topraklari-teroristlerin-mezari-oluyor"],"_links":{"self":[{"href":"https:\/\/archive.sana.sy\/tr\/index.php?rest_route=\/wp\/v2\/posts\/43619","targetHints":{"allow":["GET"]}}],"collection":[{"href":"https:\/\/archive.sana.sy\/tr\/index.php?rest_route=\/wp\/v2\/posts"}],"about":[{"href":"https:\/\/archive.sana.sy\/tr\/index.php?rest_route=\/wp\/v2\/types\/post"}],"author":[{"embeddable":true,"href":"https:\/\/archive.sana.sy\/tr\/index.php?rest_route=\/wp\/v2\/users\/1"}],"replies":[{"embeddable":true,"href":"https:\/\/archive.sana.sy\/tr\/index.php?rest_route=%2Fwp%2Fv2%2Fcomments&post=43619"}],"version-history":[{"count":0,"href":"https:\/\/archive.sana.sy\/tr\/index.php?rest_route=\/wp\/v2\/posts\/43619\/revisions"}],"wp:featuredmedia":[{"embeddable":true,"href":"https:\/\/archive.sana.sy\/tr\/index.php?rest_route=\/wp\/v2\/media\/43621"}],"wp:attachment":[{"href":"https:\/\/archive.sana.sy\/tr\/index.php?rest_route=%2Fwp%2Fv2%2Fmedia&parent=43619"}],"wp:term":[{"taxonomy":"category","embeddable":true,"href":"https:\/\/archive.sana.sy\/tr\/index.php?rest_route=%2Fwp%2Fv2%2Fcategories&post=43619"},{"taxonomy":"post_tag","embeddable":true,"href":"https:\/\/archive.sana.sy\/tr\/index.php?rest_route=%2Fwp%2Fv2%2Ftags&post=43619"}],"curies":[{"name":"wp","href":"https:\/\/api.w.org\/{rel}","templated":true}]}}