{"id":43623,"date":"2015-08-11T16:02:40","date_gmt":"2015-08-11T13:02:40","guid":{"rendered":"http:\/\/sana.sy\/tr\/?p=43623"},"modified":"2015-08-11T16:46:54","modified_gmt":"2015-08-11T13:46:54","slug":"lavrov-bu-hafta-ya-da-onumuzdeki-hafta-muhaliflerle-gorusecek","status":"publish","type":"post","link":"https:\/\/archive.sana.sy\/tr\/?p=43623","title":{"rendered":"Lavrov Bu hafta Ya da \u00d6n\u00fcm\u00fczdeki Hafta \u2018Muhaliflerle\u2019 G\u00f6r\u00fc\u015fecek"},"content":{"rendered":"<p>MOSKOVA \u2013 Rusya Ba\u015fkan\u0131n\u0131n Ortado\u011fu \u00d6zel Temsilcisi ve D\u0131\u015fi\u015fleri Bakan\u0131 Yard\u0131mc\u0131s\u0131 Mikhail Bogdanov; Rusya&#8217;n\u0131n Suriye&#8217;deki krize siyasi \u00e7\u00f6z\u00fcm sa\u011flama \u00e7abalar\u0131 \u00e7er\u00e7evesinde Suriyeli muhtelif muhalefet ak\u0131mlar\u0131n\u0131 kapsayacak geni\u015f bir toplant\u0131 haz\u0131rl\u0131\u011f\u0131 yapt\u0131\u011f\u0131n\u0131 belirtti.<\/p>\n<p>Moskova&#8217;da bug\u00fcn gazetecilere a\u00e7\u0131klama yapan Bogdanov; Rusya&#8217;n\u0131n s\u00f6z konusu bulu\u015fmaya kat\u0131lacaklara ili\u015fkin bir liste haz\u0131rlad\u0131\u011f\u0131n\u0131 ve bu listenin birer n\u00fcshas\u0131n\u0131 ABD\u2019nin yan\u0131 s\u0131ra Suudi Arabistan\u2019a teslim etme niyetin odlu\u011funu a\u00e7\u0131klad\u0131. Bogdanov Rusya&#8217;n\u0131n gerekmesi durumunda gerek Moskova&#8217;da, gerek \u015eam\u2019da ya da ba\u015fka herhangi bir yerde daha fazla temaslarda bulunmaya da haz\u0131r odlu\u011funa i\u015faret etti.<\/p>\n<p>\u2018Muhalefet koalisyonunun\u2019 D\u0131\u015fi\u015fleri Bakan\u0131 Sergey Lavrov ile toplant\u0131 iste\u011finde bulundu\u011funu s\u00f6yleyen Bogdanov; toplant\u0131 tarihinin bug\u00fcn yada yar\u0131n belirlenece\u011fini ifade ederken Lavrov\u2019un muhaliflerle temaslar\u0131n\u0131n bu hafta yada \u00f6n\u00fcm\u00fczdeki hafta olabilece\u011fine i\u015faret etti.<\/p>\n<p>Rusya ba\u015fkan\u0131n\u0131n \u00f6zel temsilcisi ve d\u0131\u015fi\u015fleri bakan\u0131 yard\u0131mc\u0131s\u0131 Bogdanov Moskova\u2019y\u0131 ziyaret edecek Suriyeli muhaliflerin kendi aralar\u0131yla de\u011fil de, Rus yetkililerle temaslarda bulunacaklar\u0131n\u0131 s\u00f6zlerine ekledi. Bogdanov bu temaslar\u0131n ise \u015fayet istemeleri halinde muhtelif muhalif ak\u0131mlar ile ile Suriye h\u00fck\u00fcmeti aras\u0131nda yap\u0131lacak bir bulu\u015fmaya haz\u0131rl\u0131k niteli\u011finde olaca\u011f\u0131n\u0131 ifade etti.<\/p>\n<p>A.A. &#8211; M.M.<\/p>\n","protected":false},"excerpt":{"rendered":"<p>MOSKOVA \u2013 Rusya Ba\u015fkan\u0131n\u0131n Ortado\u011fu \u00d6zel Temsilcisi ve D\u0131\u015fi\u015fleri Bakan\u0131 Yard\u0131mc\u0131s\u0131 Mikhail Bogdanov; Rusya&#8217;n\u0131n Suriye&#8217;deki krize siyasi \u00e7\u00f6z\u00fcm sa\u011flama \u00e7abalar\u0131 \u00e7er\u00e7evesinde Suriyeli muhtelif muhalefet ak\u0131mlar\u0131n\u0131 kapsayacak geni\u015f bir toplant\u0131 haz\u0131rl\u0131\u011f\u0131 yapt\u0131\u011f\u0131n\u0131 belirtti. Moskova&#8217;da bug\u00fcn gazetecilere a\u00e7\u0131klama yapan Bogdanov; Rusya&#8217;n\u0131n s\u00f6z konusu bulu\u015fmaya kat\u0131lacaklara ili\u015fkin bir liste haz\u0131rlad\u0131\u011f\u0131n\u0131 ve bu listenin birer n\u00fcshas\u0131n\u0131 ABD\u2019nin yan\u0131 s\u0131ra &hellip;<\/p>\n","protected":false},"author":1,"featured_media":29908,"comment_status":"closed","ping_status":"closed","sticky":false,"template":"","format":"standard","meta":{"footnotes":""},"categories":[458,459,447],"tags":[16225],"class_list":["post-43623","post","type-post","status-publish","format-standard","has-post-thumbnail","","category-dunya1","category-haberler-arap-uluslararasi-politika","category-politika","tag-lavrov-bu-hafta-ya-da-onumuzdeki-hafta-muhaliflerle-gorusecek"],"_links":{"self":[{"href":"https:\/\/archive.sana.sy\/tr\/index.php?rest_route=\/wp\/v2\/posts\/43623","targetHints":{"allow":["GET"]}}],"collection":[{"href":"https:\/\/archive.sana.sy\/tr\/index.php?rest_route=\/wp\/v2\/posts"}],"about":[{"href":"https:\/\/archive.sana.sy\/tr\/index.php?rest_route=\/wp\/v2\/types\/post"}],"author":[{"embeddable":true,"href":"https:\/\/archive.sana.sy\/tr\/index.php?rest_route=\/wp\/v2\/users\/1"}],"replies":[{"embeddable":true,"href":"https:\/\/archive.sana.sy\/tr\/index.php?rest_route=%2Fwp%2Fv2%2Fcomments&post=43623"}],"version-history":[{"count":0,"href":"https:\/\/archive.sana.sy\/tr\/index.php?rest_route=\/wp\/v2\/posts\/43623\/revisions"}],"wp:featuredmedia":[{"embeddable":true,"href":"https:\/\/archive.sana.sy\/tr\/index.php?rest_route=\/wp\/v2\/media\/29908"}],"wp:attachment":[{"href":"https:\/\/archive.sana.sy\/tr\/index.php?rest_route=%2Fwp%2Fv2%2Fmedia&parent=43623"}],"wp:term":[{"taxonomy":"category","embeddable":true,"href":"https:\/\/archive.sana.sy\/tr\/index.php?rest_route=%2Fwp%2Fv2%2Fcategories&post=43623"},{"taxonomy":"post_tag","embeddable":true,"href":"https:\/\/archive.sana.sy\/tr\/index.php?rest_route=%2Fwp%2Fv2%2Ftags&post=43623"}],"curies":[{"name":"wp","href":"https:\/\/api.w.org\/{rel}","templated":true}]}}