{"id":43630,"date":"2015-08-11T16:18:55","date_gmt":"2015-08-11T13:18:55","guid":{"rendered":"http:\/\/sana.sy\/tr\/?p=43630"},"modified":"2015-08-11T16:18:55","modified_gmt":"2015-08-11T13:18:55","slug":"uzlasma-komitesi-uyesinin-aracindaki-bomba-etkisizlestirildi","status":"publish","type":"post","link":"https:\/\/archive.sana.sy\/tr\/?p=43630","title":{"rendered":"Uzla\u015fma Komitesi \u00dcyesinin Arac\u0131ndaki Bomba Etkisizle\u015ftirildi"},"content":{"rendered":"<p>HAMA \u2013 Ordu birliklerimize tabi bomba imha ekipleri bug\u00fcn Hama Kentinin sivil yerle\u015fim alanlar\u0131ndan birinde Ulusal Uzla\u015fma Komitelerinin bir \u00fcyesinin arac\u0131na yerle\u015ftirilen bomba d\u00fczene\u011fini etkisiz hale getirdi.<\/p>\n<p>Hama Valili\u011finde bir kaynak SANA\u2019ya a\u00e7\u0131klamas\u0131nda; Hama Kentinin merkezi Haz\u0131r Yoku\u015fu ba\u015flar\u0131nda park edilmi\u015f olan ve ulusal uzla\u015fma komitesi \u00fcyesi Eyman Seyyadi\u2019ye ait olan Kia Cerato marka ara\u00e7ta bir bomba d\u00fczene\u011finin bulundu\u011funu s\u00f6yledi. Kaynak arac\u0131n alt taraf\u0131na yerle\u015ftirilen bomba d\u00fczene\u011finin bomba imha ekipleri taraf\u0131ndan ba\u015far\u0131yla etkisizle\u015ftirildi\u011fini ifade etti.<\/p>\n<p>A.A. &#8211; M.M.<\/p>\n","protected":false},"excerpt":{"rendered":"<p>HAMA \u2013 Ordu birliklerimize tabi bomba imha ekipleri bug\u00fcn Hama Kentinin sivil yerle\u015fim alanlar\u0131ndan birinde Ulusal Uzla\u015fma Komitelerinin bir \u00fcyesinin arac\u0131na yerle\u015ftirilen bomba d\u00fczene\u011fini etkisiz hale getirdi. Hama Valili\u011finde bir kaynak SANA\u2019ya a\u00e7\u0131klamas\u0131nda; Hama Kentinin merkezi Haz\u0131r Yoku\u015fu ba\u015flar\u0131nda park edilmi\u015f olan ve ulusal uzla\u015fma komitesi \u00fcyesi Eyman Seyyadi\u2019ye ait olan Kia Cerato marka ara\u00e7ta &hellip;<\/p>\n","protected":false},"author":1,"featured_media":43631,"comment_status":"closed","ping_status":"closed","sticky":false,"template":"","format":"standard","meta":{"footnotes":""},"categories":[479,575,478],"tags":[16227],"class_list":["post-43630","post","type-post","status-publish","format-standard","has-post-thumbnail","","category-haberler-yerel","category-olaylar-ve-gercekler","category-yerel","tag-uzlasma-komitesi-uyesinin-aracindaki-bomba-etkisizlestirildi"],"_links":{"self":[{"href":"https:\/\/archive.sana.sy\/tr\/index.php?rest_route=\/wp\/v2\/posts\/43630","targetHints":{"allow":["GET"]}}],"collection":[{"href":"https:\/\/archive.sana.sy\/tr\/index.php?rest_route=\/wp\/v2\/posts"}],"about":[{"href":"https:\/\/archive.sana.sy\/tr\/index.php?rest_route=\/wp\/v2\/types\/post"}],"author":[{"embeddable":true,"href":"https:\/\/archive.sana.sy\/tr\/index.php?rest_route=\/wp\/v2\/users\/1"}],"replies":[{"embeddable":true,"href":"https:\/\/archive.sana.sy\/tr\/index.php?rest_route=%2Fwp%2Fv2%2Fcomments&post=43630"}],"version-history":[{"count":0,"href":"https:\/\/archive.sana.sy\/tr\/index.php?rest_route=\/wp\/v2\/posts\/43630\/revisions"}],"wp:featuredmedia":[{"embeddable":true,"href":"https:\/\/archive.sana.sy\/tr\/index.php?rest_route=\/wp\/v2\/media\/43631"}],"wp:attachment":[{"href":"https:\/\/archive.sana.sy\/tr\/index.php?rest_route=%2Fwp%2Fv2%2Fmedia&parent=43630"}],"wp:term":[{"taxonomy":"category","embeddable":true,"href":"https:\/\/archive.sana.sy\/tr\/index.php?rest_route=%2Fwp%2Fv2%2Fcategories&post=43630"},{"taxonomy":"post_tag","embeddable":true,"href":"https:\/\/archive.sana.sy\/tr\/index.php?rest_route=%2Fwp%2Fv2%2Ftags&post=43630"}],"curies":[{"name":"wp","href":"https:\/\/api.w.org\/{rel}","templated":true}]}}