{"id":43634,"date":"2015-08-11T16:51:20","date_gmt":"2015-08-11T13:51:20","guid":{"rendered":"http:\/\/sana.sy\/tr\/?p=43634"},"modified":"2015-08-11T16:51:20","modified_gmt":"2015-08-11T13:51:20","slug":"guvenligin-saglanmasiyla-yaz-okulu-kulupleri-hizmete-aciliyor","status":"publish","type":"post","link":"https:\/\/archive.sana.sy\/tr\/?p=43634","title":{"rendered":"G\u00fcvenli\u011fin Sa\u011flanmas\u0131yla Yaz Okulu Kul\u00fcpleri Hizmete A\u00e7\u0131l\u0131yor"},"content":{"rendered":"<p>HASEKE \u2013 Vatan koruyucular\u0131m\u0131z\u0131n Haseke Kentinin g\u00fcney semtlerini ter\u00f6rden temizleyip g\u00fcvenlik ve istikrar\u0131 sa\u011flamalar\u0131 ard\u0131ndan \u0130l E\u011fitim M\u00fcd\u00fcrl\u00fc\u011f\u00fc 32 yaz e\u011fitim kul\u00fcb\u00fcn\u00fc yeniden hizmete a\u00e7t\u0131.<\/p>\n<p>\u0130l E\u011fitim M\u00fcd\u00fcrl\u00fc\u011f\u00fcnde Planlama ve \u0130statistik Dairesi Ba\u015fkan\u0131 Dahham el Fayyad okul kul\u00fcplerine kat\u0131lan \u00f6\u011frenci say\u0131s\u0131n\u0131n 9 bini a\u015ft\u0131\u011f\u0131n\u0131 a\u00e7\u0131klad\u0131.<\/p>\n<p>Fayyad ge\u00e7en ay\u0131n ba\u015flar\u0131ndan beri Haseke Kentinin yan\u0131 s\u0131ra Kam\u0131\u015fl\u0131, Dirbasiye, Malikiye, Kahtaniye, Yarubiye, Cevadiye, Tel Brek, Tel Hmeys, Ras el Ayn ve Ebu Raseyn b\u00f6lgelerinde BM \u00e7ocuk esirgeme kurumu UNICEF ile i\u015fbirli\u011fi i\u00e7inde a\u00e7\u0131lan 28 yaz okulu kul\u00fcb\u00fcne 11 binden fazla k\u0131z ve erkek \u00f6\u011frencinin kat\u0131ld\u0131\u011f\u0131n\u0131 belirtti. Okul kul\u00fcplerinde g\u00fc\u00e7lendirici ders programlar\u0131na ilaveten muhtelif t\u00fcr sanatsal ve spor faaliyetlerinin d\u00fczenlendi\u011fini belirten Fayyad; bu \u00e7al\u0131\u015fmalar\u0131n \u00f6\u011frencilerin ter\u00f6r eylemleri nedeniyle ders eksikliklerini gidermekle birlikte yaz tatillerini uygun bir \u015fekilde ge\u00e7irmelerini sa\u011flama amac\u0131 ta\u015f\u0131d\u0131\u011f\u0131n\u0131n alt\u0131n\u0131 \u00e7izdi.<\/p>\n<p>A.A. &#8211; M.M.<\/p>\n","protected":false},"excerpt":{"rendered":"<p>HASEKE \u2013 Vatan koruyucular\u0131m\u0131z\u0131n Haseke Kentinin g\u00fcney semtlerini ter\u00f6rden temizleyip g\u00fcvenlik ve istikrar\u0131 sa\u011flamalar\u0131 ard\u0131ndan \u0130l E\u011fitim M\u00fcd\u00fcrl\u00fc\u011f\u00fc 32 yaz e\u011fitim kul\u00fcb\u00fcn\u00fc yeniden hizmete a\u00e7t\u0131. \u0130l E\u011fitim M\u00fcd\u00fcrl\u00fc\u011f\u00fcnde Planlama ve \u0130statistik Dairesi Ba\u015fkan\u0131 Dahham el Fayyad okul kul\u00fcplerine kat\u0131lan \u00f6\u011frenci say\u0131s\u0131n\u0131n 9 bini a\u015ft\u0131\u011f\u0131n\u0131 a\u00e7\u0131klad\u0131. Fayyad ge\u00e7en ay\u0131n ba\u015flar\u0131ndan beri Haseke Kentinin yan\u0131 s\u0131ra Kam\u0131\u015fl\u0131, &hellip;<\/p>\n","protected":false},"author":1,"featured_media":43635,"comment_status":"closed","ping_status":"closed","sticky":false,"template":"","format":"standard","meta":{"footnotes":""},"categories":[479,478],"tags":[16229],"class_list":["post-43634","post","type-post","status-publish","format-standard","has-post-thumbnail","","category-haberler-yerel","category-yerel","tag-guvenligin-saglanmasiyla-yaz-okulu-kulupleri-hizmete-aciliyor"],"_links":{"self":[{"href":"https:\/\/archive.sana.sy\/tr\/index.php?rest_route=\/wp\/v2\/posts\/43634","targetHints":{"allow":["GET"]}}],"collection":[{"href":"https:\/\/archive.sana.sy\/tr\/index.php?rest_route=\/wp\/v2\/posts"}],"about":[{"href":"https:\/\/archive.sana.sy\/tr\/index.php?rest_route=\/wp\/v2\/types\/post"}],"author":[{"embeddable":true,"href":"https:\/\/archive.sana.sy\/tr\/index.php?rest_route=\/wp\/v2\/users\/1"}],"replies":[{"embeddable":true,"href":"https:\/\/archive.sana.sy\/tr\/index.php?rest_route=%2Fwp%2Fv2%2Fcomments&post=43634"}],"version-history":[{"count":0,"href":"https:\/\/archive.sana.sy\/tr\/index.php?rest_route=\/wp\/v2\/posts\/43634\/revisions"}],"wp:featuredmedia":[{"embeddable":true,"href":"https:\/\/archive.sana.sy\/tr\/index.php?rest_route=\/wp\/v2\/media\/43635"}],"wp:attachment":[{"href":"https:\/\/archive.sana.sy\/tr\/index.php?rest_route=%2Fwp%2Fv2%2Fmedia&parent=43634"}],"wp:term":[{"taxonomy":"category","embeddable":true,"href":"https:\/\/archive.sana.sy\/tr\/index.php?rest_route=%2Fwp%2Fv2%2Fcategories&post=43634"},{"taxonomy":"post_tag","embeddable":true,"href":"https:\/\/archive.sana.sy\/tr\/index.php?rest_route=%2Fwp%2Fv2%2Ftags&post=43634"}],"curies":[{"name":"wp","href":"https:\/\/api.w.org\/{rel}","templated":true}]}}