{"id":43637,"date":"2015-08-11T17:00:56","date_gmt":"2015-08-11T14:00:56","guid":{"rendered":"http:\/\/sana.sy\/tr\/?p=43637"},"modified":"2015-08-11T17:00:56","modified_gmt":"2015-08-11T14:00:56","slug":"suriye-hukumeti-ile-muhalefet-arasinda-diyalogun-surmesi-icin-gerekli-adimlari-atmaya-anlastik","status":"publish","type":"post","link":"https:\/\/archive.sana.sy\/tr\/?p=43637","title":{"rendered":"Suriye H\u00fck\u00fcmeti ile Muhalefet Aras\u0131nda Diyalogun S\u00fcrmesi \u0130\u00e7in Gerekli Ad\u0131mlar\u0131 Atmaya Anla\u015ft\u0131k"},"content":{"rendered":"<p>MOSKOVA \u2013 Rusya D\u0131\u015fi\u015fleri bakan\u0131 Sergey Lavrov Suriye&#8217;deki krizin \u00e7\u00f6z\u00fcm\u00fc konusunda Cenevre 1 deklarasyonu bentlerinin hayata ge\u00e7irilmesiyle ilgili Rusya ve Suudi Arabistan aras\u0131nda anla\u015fmazl\u0131klar\u0131n bulundu\u011funu belirtti.<\/p>\n<p>Moskova&#8217;da Suudi Arabistan D\u0131\u015fi\u015fleri Bakan\u0131 Adil el Cbeyr ile ortak bas\u0131n toplant\u0131s\u0131ndan Lavrov; deklarasyon bentlerinin hayata ge\u00e7irilmesinde Rusya ile Suudi Arabistan aras\u0131nda anla\u015fmazl\u0131\u011f\u0131n bulunmas\u0131na ra\u011fmen iki \u00fclke tutumlar\u0131n\u0131n genelinin yak\u0131n oldu\u011funu s\u00f6yledi.<\/p>\n<p>Lavrov Rusya Ba\u015fkan\u0131 Vladimir Putin\u2019in; I\u015e\u0130D\u2019e kar\u015f\u0131 sava\u015f i\u00e7in b\u00f6lgesel bir ittifak\u0131n te\u015fkil edilmesi konusunda Rusya ile Suudi Arabistan aras\u0131ndaki tart\u0131\u015fma ve temaslar\u0131n s\u00fcrece\u011fini belirtti.<\/p>\n<p>Suriye h\u00fck\u00fcmeti ile muhalefet aras\u0131nda diyalogun yeninden ba\u015flat\u0131lmas\u0131na uygun zemin haz\u0131rlama y\u00f6n\u00fcnde gerekli ad\u0131mlar\u0131n nas\u0131l at\u0131laca\u011f\u0131n\u0131 d\u00fc\u015f\u00fcnmeye anla\u015ft\u0131klar\u0131n\u0131 belirten Lavrov; Suriye muhalefetinin t\u00fcm ak\u0131mlar\u0131n\u0131n temsil olaca\u011f\u0131 bu g\u00f6r\u00fc\u015fmelerin de BM Suriye \u00f6zel temsilcisi Staffan de Mistura\u2019n\u0131n g\u00f6zetimde olaca\u011f\u0131n\u0131 s\u00f6yledi.<\/p>\n<p>Katar\u2019da ABD ve Suudi mevkida\u015flar\u0131yla bulundu\u011fu 3\u2019l\u00fc temalara i\u015faret eden Lavrov; Moskova\u2019da bug\u00fcn Cbeyr ile temaslar\u0131n\u0131n var\u0131lan yerden devam etmeyi ama\u00e7lad\u0131\u011f\u0131n\u0131 s\u00f6yledi.<\/p>\n<p>Lavrov I\u015e\u0130D ve daha ba\u015fka ter\u00f6r \u00f6rg\u00fctlere kar\u015f\u0131 sava\u015fta \u00e7abalar\u0131n yo\u011funla\u015ft\u0131r\u0131l\u0131p birle\u015ftirilmesi gere\u011finde Rusya ve Suudi Arabistan&#8217;\u0131n g\u00f6r\u00fc\u015f birli\u011fi kaydettiklerini ifade etti.<\/p>\n<p>A.A. &#8211; M.M.<\/p>\n","protected":false},"excerpt":{"rendered":"<p>MOSKOVA \u2013 Rusya D\u0131\u015fi\u015fleri bakan\u0131 Sergey Lavrov Suriye&#8217;deki krizin \u00e7\u00f6z\u00fcm\u00fc konusunda Cenevre 1 deklarasyonu bentlerinin hayata ge\u00e7irilmesiyle ilgili Rusya ve Suudi Arabistan aras\u0131nda anla\u015fmazl\u0131klar\u0131n bulundu\u011funu belirtti. Moskova&#8217;da Suudi Arabistan D\u0131\u015fi\u015fleri Bakan\u0131 Adil el Cbeyr ile ortak bas\u0131n toplant\u0131s\u0131ndan Lavrov; deklarasyon bentlerinin hayata ge\u00e7irilmesinde Rusya ile Suudi Arabistan aras\u0131nda anla\u015fmazl\u0131\u011f\u0131n bulunmas\u0131na ra\u011fmen iki \u00fclke tutumlar\u0131n\u0131n genelinin &hellip;<\/p>\n","protected":false},"author":1,"featured_media":43624,"comment_status":"closed","ping_status":"closed","sticky":false,"template":"","format":"standard","meta":{"footnotes":""},"categories":[458,459,447],"tags":[16230],"class_list":["post-43637","post","type-post","status-publish","format-standard","has-post-thumbnail","","category-dunya1","category-haberler-arap-uluslararasi-politika","category-politika","tag-suriye-hukumeti-ile-muhalefet-arasinda-diyalogun-surmesi-icin-gerekli-adimlari-atmaya-anlastik"],"_links":{"self":[{"href":"https:\/\/archive.sana.sy\/tr\/index.php?rest_route=\/wp\/v2\/posts\/43637","targetHints":{"allow":["GET"]}}],"collection":[{"href":"https:\/\/archive.sana.sy\/tr\/index.php?rest_route=\/wp\/v2\/posts"}],"about":[{"href":"https:\/\/archive.sana.sy\/tr\/index.php?rest_route=\/wp\/v2\/types\/post"}],"author":[{"embeddable":true,"href":"https:\/\/archive.sana.sy\/tr\/index.php?rest_route=\/wp\/v2\/users\/1"}],"replies":[{"embeddable":true,"href":"https:\/\/archive.sana.sy\/tr\/index.php?rest_route=%2Fwp%2Fv2%2Fcomments&post=43637"}],"version-history":[{"count":0,"href":"https:\/\/archive.sana.sy\/tr\/index.php?rest_route=\/wp\/v2\/posts\/43637\/revisions"}],"wp:featuredmedia":[{"embeddable":true,"href":"https:\/\/archive.sana.sy\/tr\/index.php?rest_route=\/wp\/v2\/media\/43624"}],"wp:attachment":[{"href":"https:\/\/archive.sana.sy\/tr\/index.php?rest_route=%2Fwp%2Fv2%2Fmedia&parent=43637"}],"wp:term":[{"taxonomy":"category","embeddable":true,"href":"https:\/\/archive.sana.sy\/tr\/index.php?rest_route=%2Fwp%2Fv2%2Fcategories&post=43637"},{"taxonomy":"post_tag","embeddable":true,"href":"https:\/\/archive.sana.sy\/tr\/index.php?rest_route=%2Fwp%2Fv2%2Ftags&post=43637"}],"curies":[{"name":"wp","href":"https:\/\/api.w.org\/{rel}","templated":true}]}}