{"id":43642,"date":"2015-08-11T17:30:09","date_gmt":"2015-08-11T14:30:09","guid":{"rendered":"http:\/\/sana.sy\/tr\/?p=43642"},"modified":"2015-08-11T17:30:09","modified_gmt":"2015-08-11T14:30:09","slug":"diplomatik-iliskilerin-baslamasinin-50-yildonumunde","status":"publish","type":"post","link":"https:\/\/archive.sana.sy\/tr\/?p=43642","title":{"rendered":"Diplomatik \u0130li\u015fkilerin Ba\u015flamas\u0131n\u0131n 50. Y\u0131ld\u00f6n\u00fcm\u00fcnde"},"content":{"rendered":"<p>\u015eAM \u2013 Suriye ve K\u00fcba aras\u0131nda diplomatik ili\u015fkilerin ba\u015flamas\u0131n\u0131n 50. Y\u0131ld\u00f6n\u00fcm\u00fc m\u00fcnasebetiyle Ba\u015fbakan Yard\u0131mc\u0131s\u0131 D\u0131\u015fi\u015fleri ve Gurbet\u00e7iler Bakan\u0131 Velid Muallim bug\u00fcn K\u00fcba D\u0131\u015fi\u015fleri Bakan\u0131 Bruno Rodriguez\u2019den bir mektup teslim ald\u0131.<\/p>\n<p>Rodriguez mektubunda Suriye lideri ve halk\u0131na en g\u00fczel temennilerini ifade ederken; iki \u00fclke aras\u0131ndaki ili\u015fkiler ve dostlu\u011fun varm\u0131\u015f oldu\u011fu y\u00fcksek d\u00fczeyden memnuniyetini dile getirdi.<\/p>\n<p>Suriye&#8217;nin maruz kald\u0131\u011f\u0131 ter\u00f6re kar\u015f\u0131 \u00fclkesinin tutumlar\u0131n\u0131 bir kez daha ifade eden Rodriguez; Suriye&#8217;nin egemenli\u011fi, toprak b\u00fct\u00fcnl\u00fc\u011f\u00fc ve g\u00fcvenli\u011fi hedef alan sald\u0131r\u0131lar kar\u015f\u0131s\u0131nda K\u00fcba\u2019n\u0131n devlet ve halk olarak Suriye&#8217;nin yan\u0131nda oldu\u011funu kaydetti.<\/p>\n<p>Ba\u015fbakan Yard\u0131mc\u0131s\u0131 D\u0131\u015fi\u015fleri ve Gurbet\u00e7iler Bakan\u0131 Muallim ise Rodriguez\u2019e g\u00f6nderdi\u011fi benzer bir mektupta iki dost \u00fclke aras\u0131ndaki ili\u015fkilerin sa\u011flam temellere dayal\u0131 olmas\u0131yla tan\u0131k oldu\u011fu geli\u015fmelerin takdire \u015fayan oldu\u011funu ifade etti.<\/p>\n<p>\u0130ki \u00fclkenin iki dost halklar\u0131n \u00e7\u0131karlar\u0131 ve ulusal egemenlikleri \u00e7er\u00e7evesinde bir birlerinin hakl\u0131 davalar\u0131n\u0131 desteklediklerini ifade eden Muallim; iki \u00fclkenin hegemonya ve s\u00f6m\u00fcr\u00fc planlar\u0131na kar\u015f\u0131 devlet ve halk olarak onurlu bir m\u00fccadele verdiklerini belirtti.<\/p>\n<p>Muallim K\u00fcba\u2019n\u0131n zalim abluka ve yapt\u0131r\u0131mlara kar\u015f\u0131 kazand\u0131\u011f\u0131 zaferin; kalk\u0131nma s\u00fcrecini daha g\u00fc\u00e7l\u00fc ve h\u0131zl\u0131 bir \u015fekilde s\u00fcrd\u00fcrmesine katk\u0131 sa\u011flayaca\u011f\u0131n\u0131 belirtti.<\/p>\n<p>A.A. &#8211; M.M.<\/p>\n","protected":false},"excerpt":{"rendered":"<p>\u015eAM \u2013 Suriye ve K\u00fcba aras\u0131nda diplomatik ili\u015fkilerin ba\u015flamas\u0131n\u0131n 50. Y\u0131ld\u00f6n\u00fcm\u00fc m\u00fcnasebetiyle Ba\u015fbakan Yard\u0131mc\u0131s\u0131 D\u0131\u015fi\u015fleri ve Gurbet\u00e7iler Bakan\u0131 Velid Muallim bug\u00fcn K\u00fcba D\u0131\u015fi\u015fleri Bakan\u0131 Bruno Rodriguez\u2019den bir mektup teslim ald\u0131. Rodriguez mektubunda Suriye lideri ve halk\u0131na en g\u00fczel temennilerini ifade ederken; iki \u00fclke aras\u0131ndaki ili\u015fkiler ve dostlu\u011fun varm\u0131\u015f oldu\u011fu y\u00fcksek d\u00fczeyden memnuniyetini dile getirdi. Suriye&#8217;nin &hellip;<\/p>\n","protected":false},"author":1,"featured_media":43643,"comment_status":"closed","ping_status":"closed","sticky":false,"template":"","format":"standard","meta":{"footnotes":""},"categories":[479,447,478],"tags":[16231],"class_list":["post-43642","post","type-post","status-publish","format-standard","has-post-thumbnail","","category-haberler-yerel","category-politika","category-yerel","tag-diplomatik-iliskilerin-baslamasinin-50-yildonumunde"],"_links":{"self":[{"href":"https:\/\/archive.sana.sy\/tr\/index.php?rest_route=\/wp\/v2\/posts\/43642","targetHints":{"allow":["GET"]}}],"collection":[{"href":"https:\/\/archive.sana.sy\/tr\/index.php?rest_route=\/wp\/v2\/posts"}],"about":[{"href":"https:\/\/archive.sana.sy\/tr\/index.php?rest_route=\/wp\/v2\/types\/post"}],"author":[{"embeddable":true,"href":"https:\/\/archive.sana.sy\/tr\/index.php?rest_route=\/wp\/v2\/users\/1"}],"replies":[{"embeddable":true,"href":"https:\/\/archive.sana.sy\/tr\/index.php?rest_route=%2Fwp%2Fv2%2Fcomments&post=43642"}],"version-history":[{"count":0,"href":"https:\/\/archive.sana.sy\/tr\/index.php?rest_route=\/wp\/v2\/posts\/43642\/revisions"}],"wp:featuredmedia":[{"embeddable":true,"href":"https:\/\/archive.sana.sy\/tr\/index.php?rest_route=\/wp\/v2\/media\/43643"}],"wp:attachment":[{"href":"https:\/\/archive.sana.sy\/tr\/index.php?rest_route=%2Fwp%2Fv2%2Fmedia&parent=43642"}],"wp:term":[{"taxonomy":"category","embeddable":true,"href":"https:\/\/archive.sana.sy\/tr\/index.php?rest_route=%2Fwp%2Fv2%2Fcategories&post=43642"},{"taxonomy":"post_tag","embeddable":true,"href":"https:\/\/archive.sana.sy\/tr\/index.php?rest_route=%2Fwp%2Fv2%2Ftags&post=43642"}],"curies":[{"name":"wp","href":"https:\/\/api.w.org\/{rel}","templated":true}]}}