{"id":43646,"date":"2015-08-11T17:44:32","date_gmt":"2015-08-11T14:44:32","guid":{"rendered":"http:\/\/sana.sy\/tr\/?p=43646"},"modified":"2015-08-11T17:44:32","modified_gmt":"2015-08-11T14:44:32","slug":"teroristlerin-bolgedeki-magara-ve-sarp-kayaliklardan-siper-aldiklari-ve-suveyda-il-sinirlarina-yakin-dusen-lucat-bolgesinden-ordu-birliklerimiz-teroristlere-ait-bircok-yuva-ve-araclari-imha-edip-yukse","status":"publish","type":"post","link":"https:\/\/archive.sana.sy\/tr\/?p=43646","title":{"rendered":"Ter\u00f6ristlerin b\u00f6lgedeki ma\u011fara ve sarp kayal\u0131klardan siper ald\u0131klar\u0131 ve S\u00fcveyda il s\u0131n\u0131rlar\u0131na yak\u0131n d\u00fc\u015fen Lucat B\u00f6lgesinden ordu birliklerimiz ter\u00f6ristlere ait bir\u00e7ok yuva ve ara\u00e7lar\u0131 imha edip y\u00fcksek say\u0131da ter\u00f6risti \u00f6l\u00fc ve yaral\u0131 d\u00fc\u015f\u00fcrd\u00fc."},"content":{"rendered":"<p>Ter\u00f6ristlerin b\u00f6lgedeki ma\u011fara ve sarp kayal\u0131klardan siper ald\u0131klar\u0131 ve S\u00fcveyda il s\u0131n\u0131rlar\u0131na yak\u0131n d\u00fc\u015fen Lucat B\u00f6lgesinden ordu birliklerimiz ter\u00f6ristlere ait bir\u00e7ok yuva ve ara\u00e7lar\u0131 imha edip y\u00fcksek say\u0131da ter\u00f6risti \u00f6l\u00fc ve yaral\u0131 d\u00fc\u015f\u00fcrd\u00fc.<\/p>\n","protected":false},"excerpt":{"rendered":"<p>Ter\u00f6ristlerin b\u00f6lgedeki ma\u011fara ve sarp kayal\u0131klardan siper ald\u0131klar\u0131 ve S\u00fcveyda il s\u0131n\u0131rlar\u0131na yak\u0131n d\u00fc\u015fen Lucat B\u00f6lgesinden ordu birliklerimiz ter\u00f6ristlere ait bir\u00e7ok yuva ve ara\u00e7lar\u0131 imha edip y\u00fcksek say\u0131da ter\u00f6risti \u00f6l\u00fc ve yaral\u0131 d\u00fc\u015f\u00fcrd\u00fc.<\/p>\n","protected":false},"author":1,"featured_media":0,"comment_status":"closed","ping_status":"closed","sticky":false,"template":"","format":"standard","meta":{"footnotes":""},"categories":[1],"tags":[],"class_list":["post-43646","post","type-post","status-publish","format-standard","","category-news-not-sorted"],"_links":{"self":[{"href":"https:\/\/archive.sana.sy\/tr\/index.php?rest_route=\/wp\/v2\/posts\/43646","targetHints":{"allow":["GET"]}}],"collection":[{"href":"https:\/\/archive.sana.sy\/tr\/index.php?rest_route=\/wp\/v2\/posts"}],"about":[{"href":"https:\/\/archive.sana.sy\/tr\/index.php?rest_route=\/wp\/v2\/types\/post"}],"author":[{"embeddable":true,"href":"https:\/\/archive.sana.sy\/tr\/index.php?rest_route=\/wp\/v2\/users\/1"}],"replies":[{"embeddable":true,"href":"https:\/\/archive.sana.sy\/tr\/index.php?rest_route=%2Fwp%2Fv2%2Fcomments&post=43646"}],"version-history":[{"count":0,"href":"https:\/\/archive.sana.sy\/tr\/index.php?rest_route=\/wp\/v2\/posts\/43646\/revisions"}],"wp:attachment":[{"href":"https:\/\/archive.sana.sy\/tr\/index.php?rest_route=%2Fwp%2Fv2%2Fmedia&parent=43646"}],"wp:term":[{"taxonomy":"category","embeddable":true,"href":"https:\/\/archive.sana.sy\/tr\/index.php?rest_route=%2Fwp%2Fv2%2Fcategories&post=43646"},{"taxonomy":"post_tag","embeddable":true,"href":"https:\/\/archive.sana.sy\/tr\/index.php?rest_route=%2Fwp%2Fv2%2Ftags&post=43646"}],"curies":[{"name":"wp","href":"https:\/\/api.w.org\/{rel}","templated":true}]}}