{"id":43649,"date":"2015-08-11T20:25:42","date_gmt":"2015-08-11T17:25:42","guid":{"rendered":"http:\/\/sana.sy\/tr\/?p=43649"},"modified":"2015-08-12T19:53:29","modified_gmt":"2015-08-12T16:53:29","slug":"ortacaglardan-kacan-vahhabi-rejimin-mesruluktan-soz-etme-hakki-yoktur","status":"publish","type":"post","link":"https:\/\/archive.sana.sy\/tr\/?p=43649","title":{"rendered":"Orta\u00e7a\u011flardan Ka\u00e7an Vahhabi Rejimin Me\u015fruluktan S\u00f6z Etme Hakk\u0131 Yoktur"},"content":{"rendered":"<p>\u015eAM \u2013 D\u0131\u015fi\u015fleri ve Gurbet\u00e7iler Bakanl\u0131\u011f\u0131nda yetkili bir kaynak; Suriye Arap Cumhuriyetinin, Suudi krall\u0131k rejimi d\u0131\u015fi\u015fleri bakan\u0131n\u0131n sergiledi\u011fi tutumlar\u0131 keskin bir dille k\u0131nad\u0131\u011f\u0131n\u0131 belirtti.<\/p>\n<p>SANA\u2019ya yapt\u0131\u011f\u0131 a\u00e7\u0131klamada kaynak; Suudi krall\u0131k rejimi d\u0131\u015fi\u015fleri bakan\u0131n\u0131n bu tutumlar\u0131n\u0131n, karanl\u0131k tekfirci ideolojiyi temel alan Vahhabi krall\u0131\u011f\u0131n\u0131n Suriye&#8217;ye y\u00f6nelik y\u0131k\u0131m ve \u00f6l\u00fcm sald\u0131r\u0131lar\u0131ndaki rol\u00fcn\u00fc tamamen izole etti\u011fine dikkat \u00e7ekti.<\/p>\n<p>Orta \u00e7a\u011flardan ka\u00e7an ve herhangi bir yasal me\u015frulu\u011fa dayanmayan Suudi rejiminin Suriye ve Yemen halklar\u0131n\u0131n kanlar\u0131yla elini k\u00f6k\u00fcne kadar bulam\u0131\u015f oldu\u011funa dikkat \u00e7eken kaynak; bu rejimin me\u015fruluk ve \u015feriattan s\u00f6z etme hakk\u0131na sahip olmad\u0131\u011f\u0131na vurgu yapt\u0131. Kaynak bir \u015feye sahip olmayan bir kimsenin o \u015feyi ba\u015fkas\u0131na vermesinin m\u00fcmk\u00fcn olmad\u0131\u011f\u0131n\u0131 ifade ederken, me\u015frulu\u011fu olmayan bu rejimin ba\u015fkalar\u0131n\u0131n me\u015frulu\u011fundan s\u00f6z etmesinin m\u00fcmk\u00fcn olmad\u0131\u011f\u0131n\u0131 kaydetti.<\/p>\n<p>Kaynak t\u00fcm d\u00fcnya ve halklar\u0131 i\u00e7in ciddi bir tehlike te\u015fkil eden I\u015e\u0130D ter\u00f6r \u00f6rg\u00fct\u00fcn\u00fcn ideolojik ve uygulama olarak tamamen Suudi Arabistan\u2019daki Vahhabi rejiminin rahminden do\u011fdu\u011funun herkes taraf\u0131ndan bilindi\u011fine dikkat \u00e7ekti. \u0130kisinin de \u0130slam dinini \u00e7arp\u0131t\u0131p \u0130slam iddialar\u0131 alt\u0131nda kafa ve el kol kestiklerini ya da insanlar\u0131 k\u0131rba\u00e7lad\u0131klar\u0131n\u0131 belirten kaynak; sevgi ve ho\u015fg\u00f6r\u00fc dini \u0130slam\u2019\u0131n bu as\u0131ls\u0131z \u00e7arp\u0131tmalar ve uygulamalardan masum oldu\u011funu ifade etti.<\/p>\n<p>Kaynak Suudi rejimin Suriye&#8217;de adlar\u0131nda farkl\u0131 \u00f6zlerinde ayn\u0131 olan ter\u00f6r \u00f6rg\u00fctlere takdim etti\u011fi s\u0131n\u0131rs\u0131z deste\u011fin iki taraf aras\u0131ndaki organik ba\u011flant\u0131lar\u0131 yans\u0131tt\u0131\u011f\u0131n\u0131 belirtti. Bu deste\u011fin b\u00f6lge ve t\u00fcm d\u00fcnya g\u00fcvenlik istikrar\u0131na ciddi bir tehlike te\u015fkil etti\u011fine vurgu yapan kaynak; Suudi rejiminin bu y\u0131k\u0131c\u0131 tutumlar\u0131na s\u0131n\u0131r koyman\u0131n zorunlulu\u011funu dayatt\u0131\u011f\u0131na vurgu yapt\u0131.<\/p>\n<p>Kaynak Suudi rejiminin t\u00fcm Arap ve \u0130slam aleminin i\u00e7inde bulundu\u011fu zor durumlar ve b\u00f6l\u00fcnmelerin artmas\u0131nda temel bir rol oynad\u0131\u011f\u0131n\u0131 s\u00f6ylemenin kesinlikle abart\u0131l\u0131 olmayaca\u011f\u0131n\u0131 s\u00f6yledi.<\/p>\n<p>Be\u015f y\u0131la yak\u0131n s\u00fcredir tekfirci ve hain ter\u00f6re kar\u015f\u0131 onurlu bir m\u00fccadele veren Suriye halk\u0131 ve ordusunun bug\u00fcn vatan\u0131 hedef alacak her \u015feye kar\u015f\u0131 m\u00fccadele etmede daha azimli ve kararl\u0131 oldu\u011funu belirten kaynak; Suriye&#8217;nin onurlu ve \u015fanl\u0131 m\u00fccadelesini s\u00fcrd\u00fcrece\u011fini, halk\u0131n\u0131n \u00e7\u0131karlar\u0131n\u0131 da savunmaya devam edece\u011finin alt\u0131n\u0131 \u00e7izdi.<\/p>\n<p>A.A. &#8211; M.M.<\/p>\n","protected":false},"excerpt":{"rendered":"<p>\u015eAM \u2013 D\u0131\u015fi\u015fleri ve Gurbet\u00e7iler Bakanl\u0131\u011f\u0131nda yetkili bir kaynak; Suriye Arap Cumhuriyetinin, Suudi krall\u0131k rejimi d\u0131\u015fi\u015fleri bakan\u0131n\u0131n sergiledi\u011fi tutumlar\u0131 keskin bir dille k\u0131nad\u0131\u011f\u0131n\u0131 belirtti. SANA\u2019ya yapt\u0131\u011f\u0131 a\u00e7\u0131klamada kaynak; Suudi krall\u0131k rejimi d\u0131\u015fi\u015fleri bakan\u0131n\u0131n bu tutumlar\u0131n\u0131n, karanl\u0131k tekfirci ideolojiyi temel alan Vahhabi krall\u0131\u011f\u0131n\u0131n Suriye&#8217;ye y\u00f6nelik y\u0131k\u0131m ve \u00f6l\u00fcm sald\u0131r\u0131lar\u0131ndaki rol\u00fcn\u00fc tamamen izole etti\u011fine dikkat \u00e7ekti. Orta &hellip;<\/p>\n","protected":false},"author":1,"featured_media":35220,"comment_status":"closed","ping_status":"closed","sticky":false,"template":"","format":"standard","meta":{"footnotes":""},"categories":[479,478],"tags":[16232],"class_list":["post-43649","post","type-post","status-publish","format-standard","has-post-thumbnail","","category-haberler-yerel","category-yerel","tag-ortacaglardan-kacan-vahhabi-rejimin-mesruluktan-soz-etme-hakki-yoktur"],"_links":{"self":[{"href":"https:\/\/archive.sana.sy\/tr\/index.php?rest_route=\/wp\/v2\/posts\/43649","targetHints":{"allow":["GET"]}}],"collection":[{"href":"https:\/\/archive.sana.sy\/tr\/index.php?rest_route=\/wp\/v2\/posts"}],"about":[{"href":"https:\/\/archive.sana.sy\/tr\/index.php?rest_route=\/wp\/v2\/types\/post"}],"author":[{"embeddable":true,"href":"https:\/\/archive.sana.sy\/tr\/index.php?rest_route=\/wp\/v2\/users\/1"}],"replies":[{"embeddable":true,"href":"https:\/\/archive.sana.sy\/tr\/index.php?rest_route=%2Fwp%2Fv2%2Fcomments&post=43649"}],"version-history":[{"count":0,"href":"https:\/\/archive.sana.sy\/tr\/index.php?rest_route=\/wp\/v2\/posts\/43649\/revisions"}],"wp:featuredmedia":[{"embeddable":true,"href":"https:\/\/archive.sana.sy\/tr\/index.php?rest_route=\/wp\/v2\/media\/35220"}],"wp:attachment":[{"href":"https:\/\/archive.sana.sy\/tr\/index.php?rest_route=%2Fwp%2Fv2%2Fmedia&parent=43649"}],"wp:term":[{"taxonomy":"category","embeddable":true,"href":"https:\/\/archive.sana.sy\/tr\/index.php?rest_route=%2Fwp%2Fv2%2Fcategories&post=43649"},{"taxonomy":"post_tag","embeddable":true,"href":"https:\/\/archive.sana.sy\/tr\/index.php?rest_route=%2Fwp%2Fv2%2Ftags&post=43649"}],"curies":[{"name":"wp","href":"https:\/\/api.w.org\/{rel}","templated":true}]}}