{"id":43668,"date":"2015-08-12T10:11:13","date_gmt":"2015-08-12T07:11:13","guid":{"rendered":"http:\/\/sana.sy\/tr\/?p=43668"},"modified":"2015-08-12T10:11:13","modified_gmt":"2015-08-12T07:11:13","slug":"halaki-hukumet-devlet-otoritesi-ve-kanunlarin-uygulanmasina-onem-veriyor","status":"publish","type":"post","link":"https:\/\/archive.sana.sy\/tr\/?p=43668","title":{"rendered":"Halaki: H\u00fck\u00fcmet Devlet Otoritesi ve Kanunlar\u0131n Uygulanmas\u0131na \u00d6nem Veriyor"},"content":{"rendered":"<p>\u015eAM \u2013 Bakanlar Kurulu d\u00fcn Ba\u015fbakan Vail el Halaki ba\u015fkanl\u0131\u011f\u0131nda d\u00fczenledi\u011fi haftal\u0131k ola\u011fan toplant\u0131s\u0131nda yat\u0131r\u0131m projelerin uygulanma d\u00fczeyini y\u00fckseltme, istikrar kazanan illerde kurumsalla\u015fma ve hizmet durumlar\u0131n\u0131n iyile\u015ftirilmesi y\u00f6ntemlerini inceledi.<\/p>\n<p>Toplant\u0131n\u0131n ba\u015flang\u0131c\u0131nda bir konu\u015fma yapan Ba\u015fbakan Halaki; h\u00fck\u00fcmetin ter\u00f6rle m\u00fccadeleye paralel olarak devlet otoritesinin sa\u011flanmas\u0131 ve kanunlar\u0131n uygulanmas\u0131na b\u00fcy\u00fck bir \u00f6nem verdi\u011fini dile getirerek sosyal adaletin sa\u011flanmas\u0131 i\u00e7in kanunlar\u0131n herkese e\u015fit olarak uygulanaca\u011f\u0131n\u0131 ve hi\u00e7 kimsenin kanunlardan muaf olamayaca\u011f\u0131n\u0131 vurgulad\u0131.<\/p>\n<p><a href=\"http:\/\/sana.sy\/tr\/?attachment_id=43670\" rel=\"attachment wp-att-43670\"><img loading=\"lazy\" decoding=\"async\" class=\" size-medium wp-image-43670 alignright\" src=\"http:\/\/sana.sy\/tr\/wp-content\/uploads\/2015\/08\/halaki-2-300x160.jpg\" alt=\"halaki 2\" width=\"300\" height=\"160\" srcset=\"https:\/\/archive.sana.sy\/tr\/wp-content\/uploads\/2015\/08\/halaki-2-300x160.jpg 300w, https:\/\/archive.sana.sy\/tr\/wp-content\/uploads\/2015\/08\/halaki-2-150x80.jpg 150w, https:\/\/archive.sana.sy\/tr\/wp-content\/uploads\/2015\/08\/halaki-2.jpg 620w\" sizes=\"auto, (max-width: 300px) 100vw, 300px\" \/><\/a>Di\u011fer taraftan Ba\u015fbakan Yard\u0131mc\u0131s\u0131 ve D\u0131\u015fi\u015fleri ve Gurbet\u00e7iler Bakan\u0131 Velit el Muallim ge\u00e7ti\u011fimiz g\u00fcnlerde d\u00fczenledi\u011fi Tahran ziyareti ile ilgili bir anlat\u0131m sunarak ziyaret s\u00fcresince yapt\u0131\u011f\u0131 g\u00f6r\u00fc\u015fmeleri ba\u015far\u0131l\u0131 olarak nitelendirdi ve iki \u00fclke aras\u0131nda koordinasyon ve g\u00f6r\u00fc\u015fmelerin s\u00fcrd\u00fc\u011f\u00fcn\u00fc belirtti.<\/p>\n<p>Tahran\u2019da ger\u00e7ekle\u015ftirdi\u011fi g\u00f6r\u00fc\u015fmelerin iki \u00fclke aras\u0131ndaki i\u015fbirli\u011fi ufkunu geni\u015fletmeye hizmet etti\u011fini dile getiren Muallim, bu g\u00f6r\u00fc\u015fmelerin iki \u00fclke aras\u0131nda siyasi ve ekonomi alanlar\u0131nda i\u015fbirli\u011finin yan\u0131 s\u0131ra Suriye&#8217;nin ter\u00f6re kar\u015f\u0131 direni\u015fini g\u00fc\u00e7lendirmeye olumlu olarak yans\u0131yaca\u011f\u0131n\u0131 ibraz etti.<\/p>\n<p>Tahran\u2019dan \u00f6nce d\u00fczenledi\u011fi Umman ziyaretine de de\u011finen Muallim, Umman\u2019da ger\u00e7ekle\u015ftirdi\u011fi g\u00f6r\u00fc\u015fmelerde \u00fclkede ya\u015fanmakta olan olaylara ili\u015fkin ayr\u0131nt\u0131l\u0131 anlat\u0131mlar sundu\u011funu ifade ederek ya\u015fanmakta olan krizin temel sebebinin b\u00f6lgesel ve uluslararas\u0131 boyutta g\u00f6r\u00fclen d\u0131\u015f m\u00fcdahaleler oldu\u011funun alt\u0131n\u0131 \u00e7izdi\u011fini aktard\u0131.<\/p>\n<p>F.B. &#8211; R.H.<\/p>\n","protected":false},"excerpt":{"rendered":"<p>\u015eAM \u2013 Bakanlar Kurulu d\u00fcn Ba\u015fbakan Vail el Halaki ba\u015fkanl\u0131\u011f\u0131nda d\u00fczenledi\u011fi haftal\u0131k ola\u011fan toplant\u0131s\u0131nda yat\u0131r\u0131m projelerin uygulanma d\u00fczeyini y\u00fckseltme, istikrar kazanan illerde kurumsalla\u015fma ve hizmet durumlar\u0131n\u0131n iyile\u015ftirilmesi y\u00f6ntemlerini inceledi. Toplant\u0131n\u0131n ba\u015flang\u0131c\u0131nda bir konu\u015fma yapan Ba\u015fbakan Halaki; h\u00fck\u00fcmetin ter\u00f6rle m\u00fccadeleye paralel olarak devlet otoritesinin sa\u011flanmas\u0131 ve kanunlar\u0131n uygulanmas\u0131na b\u00fcy\u00fck bir \u00f6nem verdi\u011fini dile getirerek sosyal adaletin &hellip;<\/p>\n","protected":false},"author":1,"featured_media":43669,"comment_status":"closed","ping_status":"closed","sticky":false,"template":"","format":"standard","meta":{"footnotes":""},"categories":[479,478],"tags":[],"class_list":["post-43668","post","type-post","status-publish","format-standard","has-post-thumbnail","","category-haberler-yerel","category-yerel"],"_links":{"self":[{"href":"https:\/\/archive.sana.sy\/tr\/index.php?rest_route=\/wp\/v2\/posts\/43668","targetHints":{"allow":["GET"]}}],"collection":[{"href":"https:\/\/archive.sana.sy\/tr\/index.php?rest_route=\/wp\/v2\/posts"}],"about":[{"href":"https:\/\/archive.sana.sy\/tr\/index.php?rest_route=\/wp\/v2\/types\/post"}],"author":[{"embeddable":true,"href":"https:\/\/archive.sana.sy\/tr\/index.php?rest_route=\/wp\/v2\/users\/1"}],"replies":[{"embeddable":true,"href":"https:\/\/archive.sana.sy\/tr\/index.php?rest_route=%2Fwp%2Fv2%2Fcomments&post=43668"}],"version-history":[{"count":0,"href":"https:\/\/archive.sana.sy\/tr\/index.php?rest_route=\/wp\/v2\/posts\/43668\/revisions"}],"wp:featuredmedia":[{"embeddable":true,"href":"https:\/\/archive.sana.sy\/tr\/index.php?rest_route=\/wp\/v2\/media\/43669"}],"wp:attachment":[{"href":"https:\/\/archive.sana.sy\/tr\/index.php?rest_route=%2Fwp%2Fv2%2Fmedia&parent=43668"}],"wp:term":[{"taxonomy":"category","embeddable":true,"href":"https:\/\/archive.sana.sy\/tr\/index.php?rest_route=%2Fwp%2Fv2%2Fcategories&post=43668"},{"taxonomy":"post_tag","embeddable":true,"href":"https:\/\/archive.sana.sy\/tr\/index.php?rest_route=%2Fwp%2Fv2%2Ftags&post=43668"}],"curies":[{"name":"wp","href":"https:\/\/api.w.org\/{rel}","templated":true}]}}