{"id":43703,"date":"2015-08-12T14:24:20","date_gmt":"2015-08-12T11:24:20","guid":{"rendered":"http:\/\/www.sana.sy\/tr\/?p=43703"},"modified":"2015-08-13T17:06:08","modified_gmt":"2015-08-13T14:06:08","slug":"sivilleri-hedef-alan-saldirilarin-bilancosu-yukseldi","status":"publish","type":"post","link":"https:\/\/archive.sana.sy\/tr\/?p=43703","title":{"rendered":"Sivilleri Hedef Alan Sald\u0131r\u0131lar\u0131n Bilan\u00e7osu Y\u00fckseldi"},"content":{"rendered":"<p>\u015eAM \u2013 Suriye&#8217;de me\u015fruluk, halklar\u0131n haklar\u0131 ve \u015fiddetin durdurulmas\u0131 gere\u011fine timsah g\u00f6zya\u015flar\u0131 d\u00f6ken kimi rejimlerin muhtelif adland\u0131rmalar alt\u0131nda destekledikleri ter\u00f6r \u00e7etelerinin sivil yerle\u015fim alanlar\u0131na gaddar sald\u0131r\u0131lar\u0131nda kurban giden vatanda\u015flar\u0131n say\u0131s\u0131 artarken, genelinin \u00e7ocuk ve kad\u0131nlardan olu\u015ftuklar\u0131 bildirildi.<\/p>\n<p>\u015eam Emniyet M\u00fcd\u00fcrl\u00fc\u011f\u00fcnde bir kaynak SANA\u2019ya a\u00e7\u0131klamas\u0131nda ba\u015fkentin sivil yerle\u015fim alanlar\u0131n\u0131 hedef alan hain sald\u0131r\u0131larda aralar\u0131nda 1 kad\u0131n\u0131n bulundu\u011fu 5 vatanda\u015f\u0131n \u015fehit d\u00fc\u015ft\u00fcklerini belirtti. Sald\u0131r\u0131larda 55 vatanda\u015f\u0131n da yaraland\u0131klar\u0131n\u0131 belirten kaynak; b\u00fcy\u00fck \u00e7o\u011funlu\u011funun kad\u0131n ve \u00e7ocuklardan olu\u015ftu\u011funa dikkat \u00e7ekti.<\/p>\n<div id='gallery-1' class='gallery galleryid-43703 gallery-columns-2 gallery-size-medium'><figure class='gallery-item'>\n\t\t\t<div class='gallery-icon landscape'>\n\t\t\t\t<a href='https:\/\/archive.sana.sy\/tr\/wp-content\/uploads\/2015\/08\/havan-\u015eAM-1.jpg'><img loading=\"lazy\" decoding=\"async\" width=\"300\" height=\"206\" src=\"https:\/\/archive.sana.sy\/tr\/wp-content\/uploads\/2015\/08\/havan-\u015eAM-1-300x206.jpg\" class=\"attachment-medium size-medium\" alt=\"\" srcset=\"https:\/\/archive.sana.sy\/tr\/wp-content\/uploads\/2015\/08\/havan-\u015eAM-1-300x206.jpg 300w, https:\/\/archive.sana.sy\/tr\/wp-content\/uploads\/2015\/08\/havan-\u015eAM-1-150x103.jpg 150w, https:\/\/archive.sana.sy\/tr\/wp-content\/uploads\/2015\/08\/havan-\u015eAM-1-1024x703.jpg 1024w\" sizes=\"auto, (max-width: 300px) 100vw, 300px\" \/><\/a>\n\t\t\t<\/div><\/figure><figure class='gallery-item'>\n\t\t\t<div class='gallery-icon landscape'>\n\t\t\t\t<a href='https:\/\/archive.sana.sy\/tr\/wp-content\/uploads\/2015\/08\/havan-\u015eAM-2.jpg'><img loading=\"lazy\" decoding=\"async\" width=\"300\" height=\"203\" src=\"https:\/\/archive.sana.sy\/tr\/wp-content\/uploads\/2015\/08\/havan-\u015eAM-2-300x203.jpg\" class=\"attachment-medium size-medium\" alt=\"\" srcset=\"https:\/\/archive.sana.sy\/tr\/wp-content\/uploads\/2015\/08\/havan-\u015eAM-2-300x203.jpg 300w, https:\/\/archive.sana.sy\/tr\/wp-content\/uploads\/2015\/08\/havan-\u015eAM-2-150x102.jpg 150w, https:\/\/archive.sana.sy\/tr\/wp-content\/uploads\/2015\/08\/havan-\u015eAM-2-1024x694.jpg 1024w\" sizes=\"auto, (max-width: 300px) 100vw, 300px\" \/><\/a>\n\t\t\t<\/div><\/figure>\n\t\t<\/div>\n\n<p><span style=\"color: #0000ff\">HALEP:<\/span><\/p>\n<p>\u00d6te yandan Halep Emniyet M\u00fcd\u00fcrl\u00fc\u011f\u00fcnde bir kaynak; ter\u00f6ristlerin f\u0131rlatt\u0131\u011f\u0131 f\u00fczelerin Halep Kentindeki Aziziye Semti ve Corc Lahdo Bulvar\u0131na d\u00fc\u015fmesi sonucunda 4 vatanda\u015f\u0131n \u015fehit d\u00fc\u015ft\u00fc\u011f\u00fcn\u00fc, 3 vatanda\u015f\u0131n da yaraland\u0131\u011f\u0131n\u0131 ifade etti.<\/p>\n<p>A.A. &#8211; M.M.<\/p>\n","protected":false},"excerpt":{"rendered":"<p>\u015eAM \u2013 Suriye&#8217;de me\u015fruluk, halklar\u0131n haklar\u0131 ve \u015fiddetin durdurulmas\u0131 gere\u011fine timsah g\u00f6zya\u015flar\u0131 d\u00f6ken kimi rejimlerin muhtelif adland\u0131rmalar alt\u0131nda destekledikleri ter\u00f6r \u00e7etelerinin sivil yerle\u015fim alanlar\u0131na gaddar sald\u0131r\u0131lar\u0131nda kurban giden vatanda\u015flar\u0131n say\u0131s\u0131 artarken, genelinin \u00e7ocuk ve kad\u0131nlardan olu\u015ftuklar\u0131 bildirildi. \u015eam Emniyet M\u00fcd\u00fcrl\u00fc\u011f\u00fcnde bir kaynak SANA\u2019ya a\u00e7\u0131klamas\u0131nda ba\u015fkentin sivil yerle\u015fim alanlar\u0131n\u0131 hedef alan hain sald\u0131r\u0131larda aralar\u0131nda 1 kad\u0131n\u0131n &hellip;<\/p>\n","protected":false},"author":1,"featured_media":43736,"comment_status":"closed","ping_status":"closed","sticky":false,"template":"","format":"standard","meta":{"footnotes":""},"categories":[479,575,478],"tags":[16238],"class_list":["post-43703","post","type-post","status-publish","format-standard","has-post-thumbnail","","category-haberler-yerel","category-olaylar-ve-gercekler","category-yerel","tag-sivilleri-hedef-alan-saldirilarin-bilancosu-yukseldi"],"_links":{"self":[{"href":"https:\/\/archive.sana.sy\/tr\/index.php?rest_route=\/wp\/v2\/posts\/43703","targetHints":{"allow":["GET"]}}],"collection":[{"href":"https:\/\/archive.sana.sy\/tr\/index.php?rest_route=\/wp\/v2\/posts"}],"about":[{"href":"https:\/\/archive.sana.sy\/tr\/index.php?rest_route=\/wp\/v2\/types\/post"}],"author":[{"embeddable":true,"href":"https:\/\/archive.sana.sy\/tr\/index.php?rest_route=\/wp\/v2\/users\/1"}],"replies":[{"embeddable":true,"href":"https:\/\/archive.sana.sy\/tr\/index.php?rest_route=%2Fwp%2Fv2%2Fcomments&post=43703"}],"version-history":[{"count":0,"href":"https:\/\/archive.sana.sy\/tr\/index.php?rest_route=\/wp\/v2\/posts\/43703\/revisions"}],"wp:featuredmedia":[{"embeddable":true,"href":"https:\/\/archive.sana.sy\/tr\/index.php?rest_route=\/wp\/v2\/media\/43736"}],"wp:attachment":[{"href":"https:\/\/archive.sana.sy\/tr\/index.php?rest_route=%2Fwp%2Fv2%2Fmedia&parent=43703"}],"wp:term":[{"taxonomy":"category","embeddable":true,"href":"https:\/\/archive.sana.sy\/tr\/index.php?rest_route=%2Fwp%2Fv2%2Fcategories&post=43703"},{"taxonomy":"post_tag","embeddable":true,"href":"https:\/\/archive.sana.sy\/tr\/index.php?rest_route=%2Fwp%2Fv2%2Ftags&post=43703"}],"curies":[{"name":"wp","href":"https:\/\/api.w.org\/{rel}","templated":true}]}}