{"id":43708,"date":"2015-08-12T14:34:52","date_gmt":"2015-08-12T11:34:52","guid":{"rendered":"http:\/\/www.sana.sy\/tr\/?p=43708"},"modified":"2015-08-12T14:38:58","modified_gmt":"2015-08-12T11:38:58","slug":"43708","status":"publish","type":"post","link":"https:\/\/archive.sana.sy\/tr\/?p=43708","title":{"rendered":"Fua ve Kefrayya Beldelerini Hedef Alan Erdo\u011fan \u00c7etelerinin Havan ve Top Rampalar\u0131 \u0130mha Edildi"},"content":{"rendered":"<p>HAMA \u2013 Hava g\u00fc\u00e7lerimiz Hama k\u0131rsal\u0131 Fua ve Kefrayya beldelerinde masum sivil vatanda\u015flar\u0131 ve m\u00fclklerini haince hedef alan ve Erdo\u011fan rejiminin destek ve y\u00f6nlendirmeleriyle faaliyet g\u00f6steren tekfirci ter\u00f6r \u00e7eteleri top ve f\u00fcze rampalar\u0131yla imha etti.<\/p>\n<p>Saha kaynaklar\u0131 hava operasyonlar\u0131nda \u00e7ok say\u0131da ter\u00f6ristin \u00f6l\u00fc yaral\u0131 d\u00fc\u015f\u00fcr\u00fcld\u00fc\u011f\u00fcn\u00fc bildirdi.<\/p>\n<p>T\u00fcrkiye&#8217;deki rejimin deste\u011fi ile muhtelif devletlerden gelip \u2018Fetih Ordusu\u2019 ad\u0131 alt\u0131ndaki tekfirci \u00e7etelerin saflar\u0131na kat\u0131lan ter\u00f6ristler Fua ve Kefrayya beldelerini 1500\u2019den fazla roket ve f\u00fczeyle hedef alarak \u00e7ok say\u0131da masum insan\u0131n \u015fehit ve yaral\u0131 d\u00fc\u015fmelerine yol a\u00e7m\u0131\u015flard\u0131.<\/p>\n<div id='gallery-1' class='gallery galleryid-43708 gallery-columns-2 gallery-size-thumbnail'><figure class='gallery-item'>\n\t\t\t<div class='gallery-icon landscape'>\n\t\t\t\t<a href='https:\/\/archive.sana.sy\/tr\/wp-content\/uploads\/2015\/08\/Hama-k\u0131rsal\u0131-1.jpg'><img loading=\"lazy\" decoding=\"async\" width=\"150\" height=\"89\" src=\"https:\/\/archive.sana.sy\/tr\/wp-content\/uploads\/2015\/08\/Hama-k\u0131rsal\u0131-1-150x89.jpg\" class=\"attachment-thumbnail size-thumbnail\" alt=\"\" srcset=\"https:\/\/archive.sana.sy\/tr\/wp-content\/uploads\/2015\/08\/Hama-k\u0131rsal\u0131-1-150x89.jpg 150w, https:\/\/archive.sana.sy\/tr\/wp-content\/uploads\/2015\/08\/Hama-k\u0131rsal\u0131-1-300x178.jpg 300w, https:\/\/archive.sana.sy\/tr\/wp-content\/uploads\/2015\/08\/Hama-k\u0131rsal\u0131-1.jpg 625w\" sizes=\"auto, (max-width: 150px) 100vw, 150px\" \/><\/a>\n\t\t\t<\/div><\/figure><figure class='gallery-item'>\n\t\t\t<div class='gallery-icon landscape'>\n\t\t\t\t<a href='https:\/\/archive.sana.sy\/tr\/wp-content\/uploads\/2015\/08\/Hama-k\u0131rsal\u0131-2.jpg'><img loading=\"lazy\" decoding=\"async\" width=\"150\" height=\"84\" src=\"https:\/\/archive.sana.sy\/tr\/wp-content\/uploads\/2015\/08\/Hama-k\u0131rsal\u0131-2-150x84.jpg\" class=\"attachment-thumbnail size-thumbnail\" alt=\"\" srcset=\"https:\/\/archive.sana.sy\/tr\/wp-content\/uploads\/2015\/08\/Hama-k\u0131rsal\u0131-2-150x84.jpg 150w, https:\/\/archive.sana.sy\/tr\/wp-content\/uploads\/2015\/08\/Hama-k\u0131rsal\u0131-2-300x167.jpg 300w, https:\/\/archive.sana.sy\/tr\/wp-content\/uploads\/2015\/08\/Hama-k\u0131rsal\u0131-2.jpg 656w\" sizes=\"auto, (max-width: 150px) 100vw, 150px\" \/><\/a>\n\t\t\t<\/div><\/figure><figure class='gallery-item'>\n\t\t\t<div class='gallery-icon landscape'>\n\t\t\t\t<a href='https:\/\/archive.sana.sy\/tr\/wp-content\/uploads\/2015\/08\/Hama-k\u0131rsal\u0131-3.jpg'><img loading=\"lazy\" decoding=\"async\" width=\"150\" height=\"86\" src=\"https:\/\/archive.sana.sy\/tr\/wp-content\/uploads\/2015\/08\/Hama-k\u0131rsal\u0131-3-150x86.jpg\" class=\"attachment-thumbnail size-thumbnail\" alt=\"\" srcset=\"https:\/\/archive.sana.sy\/tr\/wp-content\/uploads\/2015\/08\/Hama-k\u0131rsal\u0131-3-150x86.jpg 150w, https:\/\/archive.sana.sy\/tr\/wp-content\/uploads\/2015\/08\/Hama-k\u0131rsal\u0131-3-300x173.jpg 300w, https:\/\/archive.sana.sy\/tr\/wp-content\/uploads\/2015\/08\/Hama-k\u0131rsal\u0131-3.jpg 636w\" sizes=\"auto, (max-width: 150px) 100vw, 150px\" \/><\/a>\n\t\t\t<\/div><\/figure><figure class='gallery-item'>\n\t\t\t<div class='gallery-icon landscape'>\n\t\t\t\t<a href='https:\/\/archive.sana.sy\/tr\/wp-content\/uploads\/2015\/08\/Hama-k\u0131rsal\u0131-4.jpg'><img loading=\"lazy\" decoding=\"async\" width=\"150\" height=\"89\" src=\"https:\/\/archive.sana.sy\/tr\/wp-content\/uploads\/2015\/08\/Hama-k\u0131rsal\u0131-4-150x89.jpg\" class=\"attachment-thumbnail size-thumbnail\" alt=\"\" srcset=\"https:\/\/archive.sana.sy\/tr\/wp-content\/uploads\/2015\/08\/Hama-k\u0131rsal\u0131-4-150x89.jpg 150w, https:\/\/archive.sana.sy\/tr\/wp-content\/uploads\/2015\/08\/Hama-k\u0131rsal\u0131-4-300x179.jpg 300w, https:\/\/archive.sana.sy\/tr\/wp-content\/uploads\/2015\/08\/Hama-k\u0131rsal\u0131-4.jpg 621w\" sizes=\"auto, (max-width: 150px) 100vw, 150px\" \/><\/a>\n\t\t\t<\/div><\/figure><figure class='gallery-item'>\n\t\t\t<div class='gallery-icon landscape'>\n\t\t\t\t<a href='https:\/\/archive.sana.sy\/tr\/wp-content\/uploads\/2015\/08\/Hama-k\u0131rsal\u0131-5.jpg'><img loading=\"lazy\" decoding=\"async\" width=\"150\" height=\"87\" src=\"https:\/\/archive.sana.sy\/tr\/wp-content\/uploads\/2015\/08\/Hama-k\u0131rsal\u0131-5-150x87.jpg\" class=\"attachment-thumbnail size-thumbnail\" alt=\"\" srcset=\"https:\/\/archive.sana.sy\/tr\/wp-content\/uploads\/2015\/08\/Hama-k\u0131rsal\u0131-5-150x87.jpg 150w, https:\/\/archive.sana.sy\/tr\/wp-content\/uploads\/2015\/08\/Hama-k\u0131rsal\u0131-5-300x174.jpg 300w, https:\/\/archive.sana.sy\/tr\/wp-content\/uploads\/2015\/08\/Hama-k\u0131rsal\u0131-5.jpg 634w\" sizes=\"auto, (max-width: 150px) 100vw, 150px\" \/><\/a>\n\t\t\t<\/div><\/figure><figure class='gallery-item'>\n\t\t\t<div class='gallery-icon landscape'>\n\t\t\t\t<a href='https:\/\/archive.sana.sy\/tr\/wp-content\/uploads\/2015\/08\/Hama-k\u0131rsal\u0131-6.jpg'><img loading=\"lazy\" decoding=\"async\" width=\"150\" height=\"86\" src=\"https:\/\/archive.sana.sy\/tr\/wp-content\/uploads\/2015\/08\/Hama-k\u0131rsal\u0131-6-150x86.jpg\" class=\"attachment-thumbnail size-thumbnail\" alt=\"\" srcset=\"https:\/\/archive.sana.sy\/tr\/wp-content\/uploads\/2015\/08\/Hama-k\u0131rsal\u0131-6-150x86.jpg 150w, https:\/\/archive.sana.sy\/tr\/wp-content\/uploads\/2015\/08\/Hama-k\u0131rsal\u0131-6-300x172.jpg 300w, https:\/\/archive.sana.sy\/tr\/wp-content\/uploads\/2015\/08\/Hama-k\u0131rsal\u0131-6.jpg 647w\" sizes=\"auto, (max-width: 150px) 100vw, 150px\" \/><\/a>\n\t\t\t<\/div><\/figure><figure class='gallery-item'>\n\t\t\t<div class='gallery-icon landscape'>\n\t\t\t\t<a href='https:\/\/archive.sana.sy\/tr\/wp-content\/uploads\/2015\/08\/Hama-k\u0131rsal\u0131-7.jpg'><img loading=\"lazy\" decoding=\"async\" width=\"150\" height=\"84\" src=\"https:\/\/archive.sana.sy\/tr\/wp-content\/uploads\/2015\/08\/Hama-k\u0131rsal\u0131-7-150x84.jpg\" class=\"attachment-thumbnail size-thumbnail\" alt=\"\" srcset=\"https:\/\/archive.sana.sy\/tr\/wp-content\/uploads\/2015\/08\/Hama-k\u0131rsal\u0131-7-150x84.jpg 150w, https:\/\/archive.sana.sy\/tr\/wp-content\/uploads\/2015\/08\/Hama-k\u0131rsal\u0131-7-300x168.jpg 300w, https:\/\/archive.sana.sy\/tr\/wp-content\/uploads\/2015\/08\/Hama-k\u0131rsal\u0131-7.jpg 654w\" sizes=\"auto, (max-width: 150px) 100vw, 150px\" \/><\/a>\n\t\t\t<\/div><\/figure><figure class='gallery-item'>\n\t\t\t<div class='gallery-icon landscape'>\n\t\t\t\t<a href='https:\/\/archive.sana.sy\/tr\/wp-content\/uploads\/2015\/08\/Hama-k\u0131rsal\u0131-8.jpg'><img loading=\"lazy\" decoding=\"async\" width=\"150\" height=\"88\" src=\"https:\/\/archive.sana.sy\/tr\/wp-content\/uploads\/2015\/08\/Hama-k\u0131rsal\u0131-8-150x88.jpg\" class=\"attachment-thumbnail size-thumbnail\" alt=\"\" srcset=\"https:\/\/archive.sana.sy\/tr\/wp-content\/uploads\/2015\/08\/Hama-k\u0131rsal\u0131-8-150x88.jpg 150w, https:\/\/archive.sana.sy\/tr\/wp-content\/uploads\/2015\/08\/Hama-k\u0131rsal\u0131-8-300x177.jpg 300w, https:\/\/archive.sana.sy\/tr\/wp-content\/uploads\/2015\/08\/Hama-k\u0131rsal\u0131-8.jpg 617w\" sizes=\"auto, (max-width: 150px) 100vw, 150px\" \/><\/a>\n\t\t\t<\/div><\/figure>\n\t\t<\/div>\n\n<p>https:\/\/www.youtube.com\/watch?v=qmhA3JNPxEg<\/p>\n","protected":false},"excerpt":{"rendered":"<p>HAMA \u2013 Hava g\u00fc\u00e7lerimiz Hama k\u0131rsal\u0131 Fua ve Kefrayya beldelerinde masum sivil vatanda\u015flar\u0131 ve m\u00fclklerini haince hedef alan ve Erdo\u011fan rejiminin destek ve y\u00f6nlendirmeleriyle faaliyet g\u00f6steren tekfirci ter\u00f6r \u00e7eteleri top ve f\u00fcze rampalar\u0131yla imha etti. Saha kaynaklar\u0131 hava operasyonlar\u0131nda \u00e7ok say\u0131da ter\u00f6ristin \u00f6l\u00fc yaral\u0131 d\u00fc\u015f\u00fcr\u00fcld\u00fc\u011f\u00fcn\u00fc bildirdi. T\u00fcrkiye&#8217;deki rejimin deste\u011fi ile muhtelif devletlerden gelip \u2018Fetih Ordusu\u2019 &hellip;<\/p>\n","protected":false},"author":1,"featured_media":43717,"comment_status":"closed","ping_status":"closed","sticky":false,"template":"","format":"standard","meta":{"footnotes":""},"categories":[596,479,575,478],"tags":[16239],"class_list":["post-43708","post","type-post","status-publish","format-standard","has-post-thumbnail","","category-fotografli-raporlar","category-haberler-yerel","category-olaylar-ve-gercekler","category-yerel","tag-fua-ve-kefrayya-beldelerini-hedef-alan-erdogan-cetelerinin-havan-ve-top-rampalari-imha-edildi"],"_links":{"self":[{"href":"https:\/\/archive.sana.sy\/tr\/index.php?rest_route=\/wp\/v2\/posts\/43708","targetHints":{"allow":["GET"]}}],"collection":[{"href":"https:\/\/archive.sana.sy\/tr\/index.php?rest_route=\/wp\/v2\/posts"}],"about":[{"href":"https:\/\/archive.sana.sy\/tr\/index.php?rest_route=\/wp\/v2\/types\/post"}],"author":[{"embeddable":true,"href":"https:\/\/archive.sana.sy\/tr\/index.php?rest_route=\/wp\/v2\/users\/1"}],"replies":[{"embeddable":true,"href":"https:\/\/archive.sana.sy\/tr\/index.php?rest_route=%2Fwp%2Fv2%2Fcomments&post=43708"}],"version-history":[{"count":0,"href":"https:\/\/archive.sana.sy\/tr\/index.php?rest_route=\/wp\/v2\/posts\/43708\/revisions"}],"wp:featuredmedia":[{"embeddable":true,"href":"https:\/\/archive.sana.sy\/tr\/index.php?rest_route=\/wp\/v2\/media\/43717"}],"wp:attachment":[{"href":"https:\/\/archive.sana.sy\/tr\/index.php?rest_route=%2Fwp%2Fv2%2Fmedia&parent=43708"}],"wp:term":[{"taxonomy":"category","embeddable":true,"href":"https:\/\/archive.sana.sy\/tr\/index.php?rest_route=%2Fwp%2Fv2%2Fcategories&post=43708"},{"taxonomy":"post_tag","embeddable":true,"href":"https:\/\/archive.sana.sy\/tr\/index.php?rest_route=%2Fwp%2Fv2%2Ftags&post=43708"}],"curies":[{"name":"wp","href":"https:\/\/api.w.org\/{rel}","templated":true}]}}