{"id":43722,"date":"2015-08-12T15:33:22","date_gmt":"2015-08-12T12:33:22","guid":{"rendered":"http:\/\/www.sana.sy\/tr\/?p=43722"},"modified":"2015-08-12T15:33:22","modified_gmt":"2015-08-12T12:33:22","slug":"teror-magduru-ve-ihtiyac-sahibi-30-bin-cocuga-giyim-dagitildi","status":"publish","type":"post","link":"https:\/\/archive.sana.sy\/tr\/?p=43722","title":{"rendered":"Ter\u00f6r Ma\u011fduru ve \u0130htiya\u00e7 Sahibi 30 Bin \u00c7ocu\u011fa Giyim Da\u011f\u0131t\u0131ld\u0131"},"content":{"rendered":"<p>HASEKE \u2013 Haseke \u0130l Sosyal \u0130\u015fler M\u00fcd\u00fcrl\u00fc\u011f\u00fcne tabi komiteler bug\u00fcn Haseke iline yay\u0131lan ge\u00e7ici ikamet merkezlerinde ikamet eden ter\u00f6r ma\u011fduru \u00e7ocuklar\u0131n yan\u0131 s\u0131ra bu merkezlerin haricinde ya\u015fayan yetim ve ihtiya\u00e7 sahibi \u00e7ocuklara 30 bin giyim paketi da\u011f\u0131tma \u00e7al\u0131\u015fmalar\u0131na ba\u015flad\u0131.<\/p>\n<p>\u0130l Sosyal \u0130\u015fler M\u00fcd\u00fcr\u00fc \u0130sam el H\u00fcseyin SANA muhabirine yapt\u0131\u011f\u0131 a\u00e7\u0131klamada; BM \u00c7ocuk Esirgeme Kurumu UNICEF\u2019ten takdim edilen giyim yard\u0131mlar\u0131 paketlerinin her birinin \u00e7ocuklar i\u00e7in muhtelif t\u00fcr tam giyim i\u00e7erdi\u011fini a\u00e7\u0131klad\u0131.<\/p>\n<p>H\u00fcseyin Haseke Valili\u011finin \u00e7ocuklara da\u011f\u0131t\u0131lmak \u00fczere ayn\u0131 zamanda D\u00fcnya G\u0131da Program\u0131ndan takdim edilecek 20 bin f\u0131st\u0131k ya\u011f\u0131 kolisinin teslimini bekledi\u011fini kaydetti.<\/p>\n<p>Haseke Kentinin g\u00fcneyinde ter\u00f6r eylemleri nedeniyle vatanda\u015flar\u0131n m\u00fclklerinde meydana gelen hasar miktar\u0131n\u0131n tespiti i\u00e7in m\u00fcd\u00fcrl\u00fc\u011f\u00fcn Haseke\u2019de bulunan uluslar aras\u0131 \u00f6rg\u00fct ve kurumlar\u0131n i\u015fbirli\u011fi ile saha ekibinin kurulmas\u0131 \u00e7al\u0131\u015fmalar\u0131 ba\u015flatt\u0131\u011f\u0131n\u0131 belirten H\u00fcseyin; m\u00fclkleri hasar g\u00f6ren ailelere tazminat\u0131n \u00f6denece\u011fine i\u015faret etti.<\/p>\n<p>A.A.<\/p>\n","protected":false},"excerpt":{"rendered":"<p>HASEKE \u2013 Haseke \u0130l Sosyal \u0130\u015fler M\u00fcd\u00fcrl\u00fc\u011f\u00fcne tabi komiteler bug\u00fcn Haseke iline yay\u0131lan ge\u00e7ici ikamet merkezlerinde ikamet eden ter\u00f6r ma\u011fduru \u00e7ocuklar\u0131n yan\u0131 s\u0131ra bu merkezlerin haricinde ya\u015fayan yetim ve ihtiya\u00e7 sahibi \u00e7ocuklara 30 bin giyim paketi da\u011f\u0131tma \u00e7al\u0131\u015fmalar\u0131na ba\u015flad\u0131. \u0130l Sosyal \u0130\u015fler M\u00fcd\u00fcr\u00fc \u0130sam el H\u00fcseyin SANA muhabirine yapt\u0131\u011f\u0131 a\u00e7\u0131klamada; BM \u00c7ocuk Esirgeme Kurumu UNICEF\u2019ten &hellip;<\/p>\n","protected":false},"author":1,"featured_media":43723,"comment_status":"closed","ping_status":"closed","sticky":false,"template":"","format":"standard","meta":{"footnotes":""},"categories":[526,479,525,478],"tags":[],"class_list":["post-43722","post","type-post","status-publish","format-standard","has-post-thumbnail","","category-haber-ve-raporlar","category-haberler-yerel","category-toplum","category-yerel"],"_links":{"self":[{"href":"https:\/\/archive.sana.sy\/tr\/index.php?rest_route=\/wp\/v2\/posts\/43722","targetHints":{"allow":["GET"]}}],"collection":[{"href":"https:\/\/archive.sana.sy\/tr\/index.php?rest_route=\/wp\/v2\/posts"}],"about":[{"href":"https:\/\/archive.sana.sy\/tr\/index.php?rest_route=\/wp\/v2\/types\/post"}],"author":[{"embeddable":true,"href":"https:\/\/archive.sana.sy\/tr\/index.php?rest_route=\/wp\/v2\/users\/1"}],"replies":[{"embeddable":true,"href":"https:\/\/archive.sana.sy\/tr\/index.php?rest_route=%2Fwp%2Fv2%2Fcomments&post=43722"}],"version-history":[{"count":0,"href":"https:\/\/archive.sana.sy\/tr\/index.php?rest_route=\/wp\/v2\/posts\/43722\/revisions"}],"wp:featuredmedia":[{"embeddable":true,"href":"https:\/\/archive.sana.sy\/tr\/index.php?rest_route=\/wp\/v2\/media\/43723"}],"wp:attachment":[{"href":"https:\/\/archive.sana.sy\/tr\/index.php?rest_route=%2Fwp%2Fv2%2Fmedia&parent=43722"}],"wp:term":[{"taxonomy":"category","embeddable":true,"href":"https:\/\/archive.sana.sy\/tr\/index.php?rest_route=%2Fwp%2Fv2%2Fcategories&post=43722"},{"taxonomy":"post_tag","embeddable":true,"href":"https:\/\/archive.sana.sy\/tr\/index.php?rest_route=%2Fwp%2Fv2%2Ftags&post=43722"}],"curies":[{"name":"wp","href":"https:\/\/api.w.org\/{rel}","templated":true}]}}