{"id":43725,"date":"2015-08-12T15:53:08","date_gmt":"2015-08-12T12:53:08","guid":{"rendered":"http:\/\/sana.sy\/tr\/?p=43725"},"modified":"2015-08-13T17:06:13","modified_gmt":"2015-08-13T14:06:13","slug":"meclisteki-bos-sandalyeler-icin-secim-yapilacak","status":"publish","type":"post","link":"https:\/\/archive.sana.sy\/tr\/?p=43725","title":{"rendered":"Meclisteki Bo\u015f Sandalyeler \u0130\u00e7in Se\u00e7im Yap\u0131lacak"},"content":{"rendered":"<p>\u015eAM \u2013 Cumhurba\u015fkan\u0131 Be\u015f\u015far el Esad bug\u00fcn; Halk Meclisinde muhtelif illerden bo\u015f sandalyeler i\u00e7in se\u00e7imlerin yap\u0131lmas\u0131n\u0131 \u00f6ng\u00f6ren 2015\/214 say\u0131l\u0131 kararnameyi onaylad\u0131.<\/p>\n<p>24-03-2014 tarihli 5 say\u0131l\u0131 genel se\u00e7im kanunu kapsam\u0131nda onaylanan kararname gere\u011fince Halk Meclisindeki bo\u015f sandalyelerin doldurulmas\u0131 i\u00e7in \u015eam\u2019da 2, \u015eam k\u0131rsal\u0131nda 1, Homs\u2019ta 1, Halep\u2019te 2, Rakka\u2019da 1, Haseke\u2019de 1, Dera\u2019da 1 ve Kunaytra\u2019da 1 olmak \u00fczere toplam 10 se\u00e7im dairesinde 19 Eyl\u00fcl 2015 Cumartesi g\u00fcn\u00fc se\u00e7im yap\u0131lacak.<\/p>\n<p>A.A. &#8211; M.M.<\/p>\n","protected":false},"excerpt":{"rendered":"<p>\u015eAM \u2013 Cumhurba\u015fkan\u0131 Be\u015f\u015far el Esad bug\u00fcn; Halk Meclisinde muhtelif illerden bo\u015f sandalyeler i\u00e7in se\u00e7imlerin yap\u0131lmas\u0131n\u0131 \u00f6ng\u00f6ren 2015\/214 say\u0131l\u0131 kararnameyi onaylad\u0131. 24-03-2014 tarihli 5 say\u0131l\u0131 genel se\u00e7im kanunu kapsam\u0131nda onaylanan kararname gere\u011fince Halk Meclisindeki bo\u015f sandalyelerin doldurulmas\u0131 i\u00e7in \u015eam\u2019da 2, \u015eam k\u0131rsal\u0131nda 1, Homs\u2019ta 1, Halep\u2019te 2, Rakka\u2019da 1, Haseke\u2019de 1, Dera\u2019da 1 ve Kunaytra\u2019da &hellip;<\/p>\n","protected":false},"author":1,"featured_media":43726,"comment_status":"closed","ping_status":"closed","sticky":false,"template":"","format":"standard","meta":{"footnotes":""},"categories":[479,605,612,599,478],"tags":[16240],"class_list":["post-43725","post","type-post","status-publish","format-standard","has-post-thumbnail","","category-haberler-yerel","category-sayin-cumhurbaskani","category-yasama-kararnameler","category-yasama-ve-kanunlar","category-yerel","tag-meclisteki-bos-sandalyeler-icin-secim-yapilacak"],"_links":{"self":[{"href":"https:\/\/archive.sana.sy\/tr\/index.php?rest_route=\/wp\/v2\/posts\/43725","targetHints":{"allow":["GET"]}}],"collection":[{"href":"https:\/\/archive.sana.sy\/tr\/index.php?rest_route=\/wp\/v2\/posts"}],"about":[{"href":"https:\/\/archive.sana.sy\/tr\/index.php?rest_route=\/wp\/v2\/types\/post"}],"author":[{"embeddable":true,"href":"https:\/\/archive.sana.sy\/tr\/index.php?rest_route=\/wp\/v2\/users\/1"}],"replies":[{"embeddable":true,"href":"https:\/\/archive.sana.sy\/tr\/index.php?rest_route=%2Fwp%2Fv2%2Fcomments&post=43725"}],"version-history":[{"count":0,"href":"https:\/\/archive.sana.sy\/tr\/index.php?rest_route=\/wp\/v2\/posts\/43725\/revisions"}],"wp:featuredmedia":[{"embeddable":true,"href":"https:\/\/archive.sana.sy\/tr\/index.php?rest_route=\/wp\/v2\/media\/43726"}],"wp:attachment":[{"href":"https:\/\/archive.sana.sy\/tr\/index.php?rest_route=%2Fwp%2Fv2%2Fmedia&parent=43725"}],"wp:term":[{"taxonomy":"category","embeddable":true,"href":"https:\/\/archive.sana.sy\/tr\/index.php?rest_route=%2Fwp%2Fv2%2Fcategories&post=43725"},{"taxonomy":"post_tag","embeddable":true,"href":"https:\/\/archive.sana.sy\/tr\/index.php?rest_route=%2Fwp%2Fv2%2Ftags&post=43725"}],"curies":[{"name":"wp","href":"https:\/\/api.w.org\/{rel}","templated":true}]}}