{"id":43728,"date":"2015-08-12T15:58:49","date_gmt":"2015-08-12T12:58:49","guid":{"rendered":"http:\/\/sana.sy\/tr\/?p=43728"},"modified":"2015-08-12T15:58:49","modified_gmt":"2015-08-12T12:58:49","slug":"kacak-elektrik-cezalarini-belirleyen-yasama-kanunu-onaylandi","status":"publish","type":"post","link":"https:\/\/archive.sana.sy\/tr\/?p=43728","title":{"rendered":"Ka\u00e7ak Elektrik Cezalar\u0131n\u0131 Belirleyen Yasama Kanunu Onayland\u0131"},"content":{"rendered":"<p>\u015eAM \u2013 Cumhurba\u015fkan\u0131 Be\u015f\u015far el Esad bug\u00fcn ka\u00e7ak elektrik kullan\u0131m\u0131n\u0131n cezalar\u0131n\u0131 belirleyen 2015\/35 say\u0131l\u0131 yasama karar\u0131n\u0131 onaylad\u0131.<\/p>\n<p>Yasama kanununda yerle\u015fim yada i\u015f yeri veya sanayi kurumuna g\u00f6re cezalar belirlenirken, emlak sahibi yada kirac\u0131n\u0131n da para ve hapis cezalar\u0131 belirleniyor.<\/p>\n<p>A.A. &#8211; M.M.<\/p>\n","protected":false},"excerpt":{"rendered":"<p>\u015eAM \u2013 Cumhurba\u015fkan\u0131 Be\u015f\u015far el Esad bug\u00fcn ka\u00e7ak elektrik kullan\u0131m\u0131n\u0131n cezalar\u0131n\u0131 belirleyen 2015\/35 say\u0131l\u0131 yasama karar\u0131n\u0131 onaylad\u0131. Yasama kanununda yerle\u015fim yada i\u015f yeri veya sanayi kurumuna g\u00f6re cezalar belirlenirken, emlak sahibi yada kirac\u0131n\u0131n da para ve hapis cezalar\u0131 belirleniyor. A.A. &#8211; M.M.<\/p>\n","protected":false},"author":1,"featured_media":43729,"comment_status":"closed","ping_status":"closed","sticky":false,"template":"","format":"standard","meta":{"footnotes":""},"categories":[479,605,612,599,478],"tags":[16241],"class_list":["post-43728","post","type-post","status-publish","format-standard","has-post-thumbnail","","category-haberler-yerel","category-sayin-cumhurbaskani","category-yasama-kararnameler","category-yasama-ve-kanunlar","category-yerel","tag-kacak-elektrik-cezalarini-belirleyen-yasama-kanunu-onaylandi"],"_links":{"self":[{"href":"https:\/\/archive.sana.sy\/tr\/index.php?rest_route=\/wp\/v2\/posts\/43728","targetHints":{"allow":["GET"]}}],"collection":[{"href":"https:\/\/archive.sana.sy\/tr\/index.php?rest_route=\/wp\/v2\/posts"}],"about":[{"href":"https:\/\/archive.sana.sy\/tr\/index.php?rest_route=\/wp\/v2\/types\/post"}],"author":[{"embeddable":true,"href":"https:\/\/archive.sana.sy\/tr\/index.php?rest_route=\/wp\/v2\/users\/1"}],"replies":[{"embeddable":true,"href":"https:\/\/archive.sana.sy\/tr\/index.php?rest_route=%2Fwp%2Fv2%2Fcomments&post=43728"}],"version-history":[{"count":0,"href":"https:\/\/archive.sana.sy\/tr\/index.php?rest_route=\/wp\/v2\/posts\/43728\/revisions"}],"wp:featuredmedia":[{"embeddable":true,"href":"https:\/\/archive.sana.sy\/tr\/index.php?rest_route=\/wp\/v2\/media\/43729"}],"wp:attachment":[{"href":"https:\/\/archive.sana.sy\/tr\/index.php?rest_route=%2Fwp%2Fv2%2Fmedia&parent=43728"}],"wp:term":[{"taxonomy":"category","embeddable":true,"href":"https:\/\/archive.sana.sy\/tr\/index.php?rest_route=%2Fwp%2Fv2%2Fcategories&post=43728"},{"taxonomy":"post_tag","embeddable":true,"href":"https:\/\/archive.sana.sy\/tr\/index.php?rest_route=%2Fwp%2Fv2%2Ftags&post=43728"}],"curies":[{"name":"wp","href":"https:\/\/api.w.org\/{rel}","templated":true}]}}