{"id":43733,"date":"2015-08-12T21:07:21","date_gmt":"2015-08-12T18:07:21","guid":{"rendered":"http:\/\/sana.sy\/tr\/?p=43733"},"modified":"2015-08-13T17:07:44","modified_gmt":"2015-08-13T14:07:44","slug":"esad-ve-muallim-zarifle-gorustu","status":"publish","type":"post","link":"https:\/\/archive.sana.sy\/tr\/?p=43733","title":{"rendered":"Esad ve Muallim Zarif\u2019le G\u00f6r\u00fc\u015ft\u00fc"},"content":{"rendered":"<p>\u015eAM \u2013 Cumhurba\u015fkan\u0131 Be\u015f\u015far el Esad bug\u00fcn Suriye&#8217;ye resmi ziyarette bulunan \u0130ran D\u0131\u015fi\u015fleri Bakan\u0131 Muhammed Cevat Zarif ve ona e\u015flik eden heyeti kabul etti.<\/p>\n<p><a href=\"http:\/\/sana.sy\/tr\/wp-content\/uploads\/2015\/08\/ESAD-1.jpg\"><img loading=\"lazy\" decoding=\"async\" class=\"alignright wp-image-43746 size-medium\" src=\"http:\/\/sana.sy\/tr\/wp-content\/uploads\/2015\/08\/ESAD-1-300x135.jpg\" alt=\"ESAD 1\" width=\"300\" height=\"135\" srcset=\"https:\/\/archive.sana.sy\/tr\/wp-content\/uploads\/2015\/08\/ESAD-1-300x135.jpg 300w, https:\/\/archive.sana.sy\/tr\/wp-content\/uploads\/2015\/08\/ESAD-1-150x68.jpg 150w, https:\/\/archive.sana.sy\/tr\/wp-content\/uploads\/2015\/08\/ESAD-1-1024x462.jpg 1024w\" sizes=\"auto, (max-width: 300px) 100vw, 300px\" \/><\/a>G\u00f6r\u00fc\u015fmenin ba\u015f\u0131nda \u0130ran ile 5+1 grubu \u00fclkeleri aras\u0131nda imzalanan n\u00fckleer anla\u015fmadan dolay\u0131 \u0130ran ve halk\u0131n\u0131 bir kez daha kutlayan el Esad; bu ba\u015far\u0131n\u0131n \u0130ran halk\u0131n\u0131n m\u00fccadelesi ve \u00fclkesinin ba\u011f\u0131ms\u0131z karar\u0131na s\u0131ms\u0131k\u0131 tutunmas\u0131 sayesinde sa\u011fland\u0131\u011f\u0131n\u0131 ifade etti. El Esad bunun da halk iradesinin g\u00fc\u00e7l\u00fc\u011f\u00fcn\u00fc yans\u0131tt\u0131\u011f\u0131n\u0131, bu irade ve sebat\u0131n da halklar\u0131n \u00e7\u0131karlar\u0131n\u0131 koruman\u0131n en do\u011fru yolu oldu\u011funa kan\u0131t te\u015fkil etti\u011fini s\u00f6yledi.<\/p>\n<p>G\u00f6r\u00fc\u015fmede Suriye ve halk\u0131n\u0131n maruz kald\u0131klar\u0131 sava\u015fa bar\u0131\u015f\u00e7\u0131l \u00e7\u00f6z\u00fcm sa\u011flaman\u0131n en iyi yollar\u0131n\u0131n ele al\u0131nd\u0131\u011f\u0131 g\u00f6r\u00fc\u015fmede Zarif; bu y\u00f6nde ortaya konulacak herhangi bir d\u00fc\u015f\u00fcnce ya da \u00f6nerinin temel pusulas\u0131n\u0131n, Suriye halk\u0131n\u0131n iradesi olmas\u0131 gerekti\u011fini belirtti. Zarif bu y\u00f6nde at\u0131lacak herhangi bir ad\u0131m\u0131n herhangi bir d\u0131\u015f m\u00fcdahaleden uzak olmas\u0131, Suriye&#8217;nin toprak b\u00fct\u00fcnl\u00fc\u011f\u00fcn\u00fcn yan\u0131 s\u0131ra ba\u011f\u0131ms\u0131z karar\u0131n\u0131n korunmas\u0131 gere\u011fini temel almas\u0131 \u00f6neminin alt\u0131n\u0131 \u00e7izdi.<\/p>\n<p><a href=\"http:\/\/sana.sy\/tr\/wp-content\/uploads\/2015\/08\/ESAD-.jpg\"><img loading=\"lazy\" decoding=\"async\" class=\"alignright wp-image-43748 size-medium\" src=\"http:\/\/sana.sy\/tr\/wp-content\/uploads\/2015\/08\/ESAD--300x160.jpg\" alt=\"ESAD +\" width=\"300\" height=\"160\" srcset=\"https:\/\/archive.sana.sy\/tr\/wp-content\/uploads\/2015\/08\/ESAD--300x160.jpg 300w, https:\/\/archive.sana.sy\/tr\/wp-content\/uploads\/2015\/08\/ESAD--150x80.jpg 150w, https:\/\/archive.sana.sy\/tr\/wp-content\/uploads\/2015\/08\/ESAD--1024x544.jpg 1024w, https:\/\/archive.sana.sy\/tr\/wp-content\/uploads\/2015\/08\/ESAD--620x330.jpg 620w\" sizes=\"auto, (max-width: 300px) 100vw, 300px\" \/><\/a>\u0130ran\u2019\u0131n Suriye ve halk\u0131n\u0131n m\u00fccadelesini peki\u015ftirecek, Suriyelilerin ac\u0131lar\u0131n\u0131 hafifletecek her t\u00fcrl\u00fc yard\u0131m\u0131 takdim etmeye devam edece\u011fine vurgu yapan Zarif; ter\u00f6r \u00f6rg\u00fctlerinin kudurmu\u015f sava\u015f\u0131na kar\u015f\u0131 koymada Suriye&#8217;nin yan\u0131nda kalaca\u011f\u0131n\u0131 ifade etti.<\/p>\n<p>\u0130ki taraf b\u00f6lge ve b\u00f6lge haricindeki t\u00fcm devletlerin ter\u00f6r kanserinin yay\u0131lmas\u0131 g\u00f6lgesinde kendisinin ve halklar\u0131n\u0131n geleceklerinin kesinlikle tehlikede oldu\u011funu idrak etmeleri gerekti\u011fini belirtti. T\u00fcm herkesin ter\u00f6r ve tehlikesine kar\u015f\u0131 ciddi ve d\u00fcr\u00fcst \u00e7abalar harcamalar\u0131 gere\u011finin alt\u0131 \u00e7izildi\u011fi g\u00f6r\u00fc\u015fmede, \u00e7abalar\u0131n koordine edilmesi, ger\u00e7eklere ve daha geni\u015f ufuklara dayal\u0131 politikalar izlenilmesi \u00f6nemine vurgu yap\u0131ld\u0131. El Esad ve Zarif ayr\u0131ca ter\u00f6re her t\u00fcrl\u00fc destekle birlikte siyasi \u00f6rt\u00fc teminine de son verilmesi \u00f6nemine dikkat \u00e7ekti.<\/p>\n<p>Ba\u015fbakan Yard\u0131mc\u0131s\u0131 D\u0131\u015fi\u015fleri ve Gurbet\u00e7iler Bakan\u0131 Velid el Muallim de Zarif ve ona e\u015flik eden heyet ile bir araya gelerek ortak \u00f6nem ta\u015f\u0131yan meseleleri masaya yat\u0131rd\u0131.<\/p>\n<p>A.A. &#8211; M.M.<\/p>\n","protected":false},"excerpt":{"rendered":"<p>\u015eAM \u2013 Cumhurba\u015fkan\u0131 Be\u015f\u015far el Esad bug\u00fcn Suriye&#8217;ye resmi ziyarette bulunan \u0130ran D\u0131\u015fi\u015fleri Bakan\u0131 Muhammed Cevat Zarif ve ona e\u015flik eden heyeti kabul etti. G\u00f6r\u00fc\u015fmenin ba\u015f\u0131nda \u0130ran ile 5+1 grubu \u00fclkeleri aras\u0131nda imzalanan n\u00fckleer anla\u015fmadan dolay\u0131 \u0130ran ve halk\u0131n\u0131 bir kez daha kutlayan el Esad; bu ba\u015far\u0131n\u0131n \u0130ran halk\u0131n\u0131n m\u00fccadelesi ve \u00fclkesinin ba\u011f\u0131ms\u0131z karar\u0131na s\u0131ms\u0131k\u0131 &hellip;<\/p>\n","protected":false},"author":1,"featured_media":43734,"comment_status":"closed","ping_status":"closed","sticky":false,"template":"","format":"standard","meta":{"footnotes":""},"categories":[608,479,605,478],"tags":[16242],"class_list":["post-43733","post","type-post","status-publish","format-standard","has-post-thumbnail","","category-etkinlikler","category-haberler-yerel","category-sayin-cumhurbaskani","category-yerel","tag-esad-ve-muallim-zarifle-gorustu"],"_links":{"self":[{"href":"https:\/\/archive.sana.sy\/tr\/index.php?rest_route=\/wp\/v2\/posts\/43733","targetHints":{"allow":["GET"]}}],"collection":[{"href":"https:\/\/archive.sana.sy\/tr\/index.php?rest_route=\/wp\/v2\/posts"}],"about":[{"href":"https:\/\/archive.sana.sy\/tr\/index.php?rest_route=\/wp\/v2\/types\/post"}],"author":[{"embeddable":true,"href":"https:\/\/archive.sana.sy\/tr\/index.php?rest_route=\/wp\/v2\/users\/1"}],"replies":[{"embeddable":true,"href":"https:\/\/archive.sana.sy\/tr\/index.php?rest_route=%2Fwp%2Fv2%2Fcomments&post=43733"}],"version-history":[{"count":0,"href":"https:\/\/archive.sana.sy\/tr\/index.php?rest_route=\/wp\/v2\/posts\/43733\/revisions"}],"wp:featuredmedia":[{"embeddable":true,"href":"https:\/\/archive.sana.sy\/tr\/index.php?rest_route=\/wp\/v2\/media\/43734"}],"wp:attachment":[{"href":"https:\/\/archive.sana.sy\/tr\/index.php?rest_route=%2Fwp%2Fv2%2Fmedia&parent=43733"}],"wp:term":[{"taxonomy":"category","embeddable":true,"href":"https:\/\/archive.sana.sy\/tr\/index.php?rest_route=%2Fwp%2Fv2%2Fcategories&post=43733"},{"taxonomy":"post_tag","embeddable":true,"href":"https:\/\/archive.sana.sy\/tr\/index.php?rest_route=%2Fwp%2Fv2%2Ftags&post=43733"}],"curies":[{"name":"wp","href":"https:\/\/api.w.org\/{rel}","templated":true}]}}