{"id":43741,"date":"2015-08-12T21:06:24","date_gmt":"2015-08-12T18:06:24","guid":{"rendered":"http:\/\/sana.sy\/tr\/?p=43741"},"modified":"2015-08-13T17:54:17","modified_gmt":"2015-08-13T14:54:17","slug":"cokuluslu-teror-gruplarin-agir-kayiplari-suruyor-2","status":"publish","type":"post","link":"https:\/\/archive.sana.sy\/tr\/?p=43741","title":{"rendered":"\u00c7okuluslu Ter\u00f6r Gruplar\u0131n A\u011f\u0131r Kay\u0131plar\u0131 S\u00fcr\u00fcyor"},"content":{"rendered":"<p>\u0130LLER \u2013 D\u0131\u015f mihraklar\u0131n g\u00f6nderdi\u011fi silah dolu kamyonlar, en geli\u015fmi\u015f ileti\u015fim cihazlar\u0131 ve milyon dolarlarla ifade edilen finans deste\u011fine ra\u011fmen kiral\u0131k tekfirci ter\u00f6ristler, kahraman birliklerimizin nitelikli operasyonlar\u0131 sonucunda bertaraf olmaktan kurtulam\u0131yorlar.<\/p>\n<p><span style=\"color: #0000ff\">DERA:<\/span><\/p>\n<p>Askeri kaynak; ordu birliklerimizin Dera k\u0131rsal\u0131nda Nusra Cephesinin yuva ve k\u00fcmelenme yerlerini hedef alarak Do\u011fu \u011eariye Beldesinin meydan\u0131nda iki havan rampas\u0131n\u0131 imha etmelerine e\u015f zamanl\u0131 olarak Kahil Beldesi ve Cbeyb K\u00f6y\u00fcnde \u00e7ok say\u0131da ter\u00f6risti \u00f6l\u00fc ve yaral\u0131 d\u00fc\u015f\u00fcrd\u00fcklerini ifade etti.<\/p>\n<p>Kaynak; ordu birliklerimizin Dera k\u0131rsal\u0131n\u0131n kuzeybat\u0131s\u0131 Makas el Hacar, Tel Zatar ve Yaduda b\u00f6lgelerinde ter\u00f6ristlerin toplanma yerleri ve harekelenmelerine kar\u015f\u0131 nitelikli operasyonlar\u0131n\u0131 s\u00fcrd\u00fcrd\u00fcklerini belirtti. Operasyonlarda ter\u00f6ristlere ait yuvalara ilaveten aralar\u0131nda a\u011f\u0131r silahla donat\u0131lm\u0131\u015f bir arac\u0131n bulundu\u011fu bir\u00e7ok arac\u0131n imha edildi\u011fini belirten kaynak; y\u00fcksek say\u0131da ter\u00f6ristin \u00f6l\u00fc ve yaral\u0131 d\u00fc\u015f\u00fcr\u00fcld\u00fc\u011f\u00fcne dikkat \u00e7ekti.<\/p>\n<p>Ordu birliklerimizin Dera Mahatta\u2019n\u0131n muhtelif b\u00f6lgelerinde Nusra Cephesi ve di\u011fer \u00f6rg\u00fctlerinin mevkilerini hedef ald\u0131klar\u0131n\u0131 s\u00f6yleyen kaynak; burada da \u00e7ok say\u0131da ter\u00f6risti \u00f6l\u00fc ve yaral\u0131 d\u00fc\u015f\u00fcrd\u00fcklerini aktard\u0131.<\/p>\n<p>Kaynak; Dera Beled\u2019te de ordu birliklerimizin ter\u00f6r \u00f6rg\u00fctlere ait ara\u00e7lar, bir a\u011f\u0131r top ve bir rasathaneyi imha ederken \u00e7ok say\u0131da ter\u00f6risti \u00f6l\u00fc ve yaral\u0131 d\u00fc\u015f\u00fcrd\u00fcklerini s\u00f6yledi.<\/p>\n<p><span style=\"color: #0000ff\">HOMS:<\/span><\/p>\n<p>Bu arada ordu birliklerimiz halk savunma g\u00fc\u00e7leriyle i\u015fbirli\u011fi i\u00e7inde Homs k\u0131rsal\u0131n\u0131n do\u011fusunda I\u015e\u0130D\u2019in siper ve toplanma yerlerine y\u00f6nelik askeri operasyonlar\u0131n\u0131 s\u00fcrd\u00fcrd\u00fc.<\/p>\n<p>Askeri kaynak; Homs Kentinin 160 km do\u011fusuna d\u00fc\u015fen Tedmur\u2019un g\u00fcneybat\u0131s\u0131nda I\u015e\u0130D\u2019in siper ve karargahlar\u0131n\u0131 hedef alan ordu birliklerimizin bir\u00e7ok ter\u00f6risti \u00f6ld\u00fcr\u00fcp havzalar\u0131nda bulunan silah ve m\u00fchimmat\u0131 da imha ettiklerini s\u00f6yledi.<br \/>\nOrdu birliklerimizin Homs Kentinin 73 km do\u011fusuna d\u00fc\u015fen Cub el Cerrah Beldesinde I\u015e\u0130D\u2019lilerin mevkileri ve hareket eksenlerini hedef ald\u0131klar\u0131n\u0131 aktaran kaynak; tekfircilerin saflar\u0131nda a\u011f\u0131r kay\u0131plara yol a\u00e7t\u0131klar\u0131n\u0131 s\u00f6zlerine ekledi.<\/p>\n<p>\u00d6te yandan kaynak; Homs k\u0131rsal\u0131n\u0131n do\u011fusu Tedmur Kenti, Ta\u015f Fabrikas\u0131, Masik Vadisi, Do\u011fu Sellam ve Sultaniye b\u00f6lgelerinde de hava g\u00fc\u00e7lerimizin I\u015e\u0130D\u2019ten \u00e7ok say\u0131da ter\u00f6risti te\u00e7hizatlar\u0131yla birlikte imha ettiklerini aktard\u0131.<\/p>\n<p>G\u00fcn\u00fcn ilerleyen saatlerinde a\u00e7\u0131klama yapan kaynak; ordu birliklerimizin Homs k\u0131rsal\u0131n\u0131n kuzeyi Deyr Fol, Telbise ve Tel Amri b\u00f6lgelerinde Nusra Cephesinin toplanma merkezlerini hedef almalar\u0131yla buralarda da \u00e7ok say\u0131da ter\u00f6risti \u00f6l\u00fc ve yaral\u0131 d\u00fc\u015f\u00fcrd\u00fcklerini ifade etti.<\/p>\n<p><span style=\"color: #0000ff\">LAZK\u0130YE:<\/span><\/p>\n<p>Lazkiye\u2019de ise askeri kaynak; ordu birliklerimizin k\u0131rsal\u0131n kuzeyi Dveyr el Ekrad, Cub el Ahmar ve Ebu Riy\u015fe b\u00f6lgelerine ilaveten Ravda \u2013 Rabia kav\u015fa\u011f\u0131nda Katil Erdo\u011fan rejimine ba\u011fl\u0131 ter\u00f6r \u00f6rg\u00fctlerin toplanma yerleri ve mevkilerini hedef ald\u0131klar\u0131n\u0131 belirtti.<\/p>\n<p>Kaynak; operasyonlarda bir z\u0131rhl\u0131 ara\u00e7, bir silah deposu ve pikap ara\u00e7lar\u0131 imha edilirken aralar\u0131nda Suudi Arabistanl\u0131 \u2018Ebu el Abbas\u2019 kod ad\u0131yla bilenen bir ter\u00f6r eleba\u015f\u0131n\u0131n bulundu\u011fu \u00e7ok say\u0131da ter\u00f6ristin \u00f6ld\u00fcr\u00fcld\u00fc\u011f\u00fcn\u00fc aktard\u0131.<\/p>\n<p><span style=\"color: #0000ff\">\u0130DL\u0130B:<\/span><\/p>\n<p>\u00d6te yandan hava g\u00fc\u00e7lerimiz \u0130dlib k\u0131rsal\u0131 Han \u015eeyhun, Muarret M\u0131srin, Ariha ve Ebu zuhur Havaliman\u0131 civar\u0131nda \u2018Fetih Ordusu\u2019na tabi \u00e7etelerin ara\u00e7lar\u0131 ve mevkilerini hedef alarak \u00e7ok say\u0131da ter\u00f6risti \u00f6l\u00fc ve yaral\u0131 d\u00fc\u015f\u00fcrd\u00fc.<\/p>\n<p><span style=\"color: #0000ff\">HAMA:<\/span><\/p>\n<p>Hama k\u0131rsal\u0131nda ise hava g\u00fc\u00e7lerimiz Tel Vasit, Ziyara, Tel Zacram, Zekat, Kefar Zeyta ve Bahsa b\u00f6lgelerinde onlarca ter\u00f6risti \u00f6l\u00fc ve yaral\u0131 d\u00fc\u015f\u00fcrd\u00fc.<\/p>\n<p><span style=\"color: #0000ff\">\u015eAM KIRSALI:<\/span><\/p>\n<p>Saha kaynaklar\u0131 SANA muhabirine a\u00e7\u0131klamalar\u0131nda \u015eam k\u0131rsal\u0131 Do\u011fu \u011euta\u2019n\u0131n Sakba Beldesinde ter\u00f6ristlere kar\u015f\u0131 askeri operasyonlar\u0131n\u0131 s\u00fcrd\u00fcren ordu birliklerimizin 8 ter\u00f6risti \u00f6ld\u00fcr\u00fcp onlarca ter\u00f6risti yaralanmalar\u0131na e\u015f zamanl\u0131 olarak Erbin Beldesinde a\u011f\u0131r makineli silahla donat\u0131lm\u0131\u015f bir arac\u0131 imha ederek bir ter\u00f6risti \u00f6ld\u00fcrd\u00fc\u011f\u00fcn\u00fc s\u00f6yledi.<\/p>\n<p>Kaynaklar; Duma Kentine ilaveten Kefar Batna ve Hammuriye b\u00f6lgelerinde de ordu birliklerimizin \u2018\u0130slam Ordusu\u2019nun yuva ve karargahlar\u0131n\u0131 muhtevalar\u0131yla birlikte imha ettiklerini aktard\u0131.<\/p>\n<p>Ordu birliklerimizin \u015eam k\u0131rsal\u0131 Bat\u0131 \u011euta\u2019da \u2018Acnad el \u015eam \u0130slami Birli\u011fi\u2019 ve \u2018\u0130slam \u015eehitleri T\u00fcmeni\u2019 olarak adland\u0131r\u0131lan \u00e7etelere ait toplanma yerlerini imha ettiklerini s\u00f6yleyen kaynaklar; \u00e7ok say\u0131da ter\u00f6risti \u00f6l\u00fc ve yaral\u0131 d\u00fc\u015f\u00fcrd\u00fcklerini belirtti.<\/p>\n<p>Bu arada askeri kaynak \u015eam k\u0131rsal\u0131n\u0131n g\u00fcneybat\u0131s\u0131 Dareyya Kentinin kuzeybat\u0131s\u0131na d\u00fc\u015fen Cemiyetler Semtinde 5 bina blo\u011funu kontrollerine ald\u0131klar\u0131n\u0131 belirtti.<\/p>\n<p>M.M. &#8211; A.A.<\/p>\n","protected":false},"excerpt":{"rendered":"<p>\u0130LLER \u2013 D\u0131\u015f mihraklar\u0131n g\u00f6nderdi\u011fi silah dolu kamyonlar, en geli\u015fmi\u015f ileti\u015fim cihazlar\u0131 ve milyon dolarlarla ifade edilen finans deste\u011fine ra\u011fmen kiral\u0131k tekfirci ter\u00f6ristler, kahraman birliklerimizin nitelikli operasyonlar\u0131 sonucunda bertaraf olmaktan kurtulam\u0131yorlar. DERA: Askeri kaynak; ordu birliklerimizin Dera k\u0131rsal\u0131nda Nusra Cephesinin yuva ve k\u00fcmelenme yerlerini hedef alarak Do\u011fu \u011eariye Beldesinin meydan\u0131nda iki havan rampas\u0131n\u0131 imha etmelerine &hellip;<\/p>\n","protected":false},"author":1,"featured_media":43742,"comment_status":"closed","ping_status":"closed","sticky":false,"template":"","format":"standard","meta":{"footnotes":""},"categories":[575],"tags":[677],"class_list":["post-43741","post","type-post","status-publish","format-standard","has-post-thumbnail","","category-olaylar-ve-gercekler","tag-cokuluslu-teror-gruplarin-agir-kayiplari-suruyor"],"_links":{"self":[{"href":"https:\/\/archive.sana.sy\/tr\/index.php?rest_route=\/wp\/v2\/posts\/43741","targetHints":{"allow":["GET"]}}],"collection":[{"href":"https:\/\/archive.sana.sy\/tr\/index.php?rest_route=\/wp\/v2\/posts"}],"about":[{"href":"https:\/\/archive.sana.sy\/tr\/index.php?rest_route=\/wp\/v2\/types\/post"}],"author":[{"embeddable":true,"href":"https:\/\/archive.sana.sy\/tr\/index.php?rest_route=\/wp\/v2\/users\/1"}],"replies":[{"embeddable":true,"href":"https:\/\/archive.sana.sy\/tr\/index.php?rest_route=%2Fwp%2Fv2%2Fcomments&post=43741"}],"version-history":[{"count":0,"href":"https:\/\/archive.sana.sy\/tr\/index.php?rest_route=\/wp\/v2\/posts\/43741\/revisions"}],"wp:featuredmedia":[{"embeddable":true,"href":"https:\/\/archive.sana.sy\/tr\/index.php?rest_route=\/wp\/v2\/media\/43742"}],"wp:attachment":[{"href":"https:\/\/archive.sana.sy\/tr\/index.php?rest_route=%2Fwp%2Fv2%2Fmedia&parent=43741"}],"wp:term":[{"taxonomy":"category","embeddable":true,"href":"https:\/\/archive.sana.sy\/tr\/index.php?rest_route=%2Fwp%2Fv2%2Fcategories&post=43741"},{"taxonomy":"post_tag","embeddable":true,"href":"https:\/\/archive.sana.sy\/tr\/index.php?rest_route=%2Fwp%2Fv2%2Ftags&post=43741"}],"curies":[{"name":"wp","href":"https:\/\/api.w.org\/{rel}","templated":true}]}}