{"id":43831,"date":"2015-08-13T16:47:09","date_gmt":"2015-08-13T13:47:09","guid":{"rendered":"http:\/\/sana.sy\/tr\/?p=43831"},"modified":"2015-08-13T16:47:09","modified_gmt":"2015-08-13T13:47:09","slug":"suriye-komsularinin-guvenlikleri-kanunsuz-icraatlarla-degil-terore-karsi-mucadelede-gercek-iradeyle-garantilenir","status":"publish","type":"post","link":"https:\/\/archive.sana.sy\/tr\/?p=43831","title":{"rendered":"Suriye Kom\u015fular\u0131n\u0131n G\u00fcvenlikleri Kanunsuz \u0130craatlarla De\u011fil, Ter\u00f6re Kar\u015f\u0131 M\u00fccadelede Ger\u00e7ek \u0130radeyle Garantilenir"},"content":{"rendered":"<p>TAHRAN \u2013 \u0130ran D\u0131\u015fi\u015fleri Bakan\u0131 Yard\u0131mc\u0131s\u0131 H\u00fcseyin Emir Abd\u00fcllehyan, kimi devletlerin Suriye topraklar\u0131 \u00fczerinde \u2018tampon b\u00f6lge\u2019 ad\u0131 alt\u0131nda bir b\u00f6lge olu\u015fturma \u00e7abalar\u0131n\u0131n Suriye&#8217;nin egemenli\u011fine ve toprak b\u00fct\u00fcnl\u00fc\u011f\u00fcne bir ihlal te\u015fkil etti\u011fini belirtti.<\/p>\n<p>\u0130ranl\u0131 IRNA Haber Ajans\u0131n\u0131n bug\u00fcn aktard\u0131\u011f\u0131 a\u00e7\u0131klamalar\u0131nda Abd\u00fcllehyan; \u0130ran\u2019\u0131n ku\u015fkusuz T\u00fcrkiye&#8217;nin g\u00fcvenli\u011fine ciddi bir \u00f6nem verdi\u011fini belirtirken, fakat uluslar aras\u0131 hak ve kanunlar\u0131 ihlal etmeyen mekanizmalar bulunmas\u0131 gerekti\u011fini ifade etti. Suriye topraklar\u0131nda T\u00fcrkiye&#8217;nin de\u011fimiyle tampon b\u00f6lge kurulmas\u0131n\u0131n hi\u00e7bir gere\u011fi olmad\u0131\u011f\u0131n\u0131 ifade eden Abd\u00fcllehyan; bunun b\u00f6lgedeki gerginli\u011fi daha da t\u0131rmand\u0131raca\u011f\u0131na dikkat \u00e7ekti.<\/p>\n<p>Abd\u00fcllehyan Suriye ve kom\u015fular\u0131n\u0131n g\u00fcvenlik ve istikrarlar\u0131n\u0131n, bu gibi kanunsuz icraatlarla de\u011fil de, kimi devlet ve taraflar\u0131n ter\u00f6r\u00fc edat olarak kullanmalar\u0131na son vermeleriyle garantilenece\u011finin alt\u0131n\u0131 \u00e7izdi. Bu ba\u011flamda ter\u00f6r ve radikalli\u011fe kar\u015f\u0131 ger\u00e7ek ve d\u00fcr\u00fcst bir iradenin olmas\u0131 gerekti\u011fini belirten Abd\u00fcllehyan; Suriye&#8217;deki krizin yegane \u00e7\u00f6z\u00fcm\u00fcn\u00fcn siyasi oldu\u011funu bir kez daha kaydetti.<\/p>\n<p>A.A. &#8211; M.M.<\/p>\n","protected":false},"excerpt":{"rendered":"<p>TAHRAN \u2013 \u0130ran D\u0131\u015fi\u015fleri Bakan\u0131 Yard\u0131mc\u0131s\u0131 H\u00fcseyin Emir Abd\u00fcllehyan, kimi devletlerin Suriye topraklar\u0131 \u00fczerinde \u2018tampon b\u00f6lge\u2019 ad\u0131 alt\u0131nda bir b\u00f6lge olu\u015fturma \u00e7abalar\u0131n\u0131n Suriye&#8217;nin egemenli\u011fine ve toprak b\u00fct\u00fcnl\u00fc\u011f\u00fcne bir ihlal te\u015fkil etti\u011fini belirtti. \u0130ranl\u0131 IRNA Haber Ajans\u0131n\u0131n bug\u00fcn aktard\u0131\u011f\u0131 a\u00e7\u0131klamalar\u0131nda Abd\u00fcllehyan; \u0130ran\u2019\u0131n ku\u015fkusuz T\u00fcrkiye&#8217;nin g\u00fcvenli\u011fine ciddi bir \u00f6nem verdi\u011fini belirtirken, fakat uluslar aras\u0131 hak ve kanunlar\u0131 &hellip;<\/p>\n","protected":false},"author":1,"featured_media":43832,"comment_status":"closed","ping_status":"closed","sticky":false,"template":"","format":"standard","meta":{"footnotes":""},"categories":[458,459,447,2554,2555],"tags":[16254,16255],"class_list":["post-43831","post","type-post","status-publish","format-standard","has-post-thumbnail","","category-dunya1","category-haberler-arap-uluslararasi-politika","category-politika","category-suriye-ve-dunya","category-suriye-ve-turkiye","tag-suriye-komsularinin-guvenlikleri-kanunsuz-icraatlarla-degil","tag-terore-karsi-mucadelede-gercek-iradeyle-garantilenir"],"_links":{"self":[{"href":"https:\/\/archive.sana.sy\/tr\/index.php?rest_route=\/wp\/v2\/posts\/43831","targetHints":{"allow":["GET"]}}],"collection":[{"href":"https:\/\/archive.sana.sy\/tr\/index.php?rest_route=\/wp\/v2\/posts"}],"about":[{"href":"https:\/\/archive.sana.sy\/tr\/index.php?rest_route=\/wp\/v2\/types\/post"}],"author":[{"embeddable":true,"href":"https:\/\/archive.sana.sy\/tr\/index.php?rest_route=\/wp\/v2\/users\/1"}],"replies":[{"embeddable":true,"href":"https:\/\/archive.sana.sy\/tr\/index.php?rest_route=%2Fwp%2Fv2%2Fcomments&post=43831"}],"version-history":[{"count":0,"href":"https:\/\/archive.sana.sy\/tr\/index.php?rest_route=\/wp\/v2\/posts\/43831\/revisions"}],"wp:featuredmedia":[{"embeddable":true,"href":"https:\/\/archive.sana.sy\/tr\/index.php?rest_route=\/wp\/v2\/media\/43832"}],"wp:attachment":[{"href":"https:\/\/archive.sana.sy\/tr\/index.php?rest_route=%2Fwp%2Fv2%2Fmedia&parent=43831"}],"wp:term":[{"taxonomy":"category","embeddable":true,"href":"https:\/\/archive.sana.sy\/tr\/index.php?rest_route=%2Fwp%2Fv2%2Fcategories&post=43831"},{"taxonomy":"post_tag","embeddable":true,"href":"https:\/\/archive.sana.sy\/tr\/index.php?rest_route=%2Fwp%2Fv2%2Ftags&post=43831"}],"curies":[{"name":"wp","href":"https:\/\/api.w.org\/{rel}","templated":true}]}}