{"id":43834,"date":"2015-08-13T17:09:16","date_gmt":"2015-08-13T14:09:16","guid":{"rendered":"http:\/\/sana.sy\/tr\/?p=43834"},"modified":"2015-08-14T17:35:59","modified_gmt":"2015-08-14T14:35:59","slug":"erdogan-ve-al-suud-ceteleri-yine-katliam-islediler","status":"publish","type":"post","link":"https:\/\/archive.sana.sy\/tr\/?p=43834","title":{"rendered":"Erdo\u011fan ve Al Suud \u00c7eteleri Yine Katliam \u0130\u015flediler"},"content":{"rendered":"<p>\u0130LLER \u2013 T\u00fcrkiye&#8217;de ihvanc\u0131 Erdo\u011fan rejimi ve Suudi Arabistan\u2019da vahhabi krall\u0131k rejimlerinin destek ve y\u00f6nlendirmeleriyle faaliyet g\u00f6steren ter\u00f6r \u00e7eteleri bug\u00fcn muhtelif b\u00f6lgelerde sivil yerle\u015fim alanlar\u0131n\u0131 hedef alarak \u00e7ocuk ve kad\u0131nlar\u0131n aralar\u0131nda bulundu\u011fu onlarca ki\u015finin \u015fehit ve yaral\u0131 d\u00fc\u015fmelerine yol a\u00e7t\u0131.<\/p>\n<p><span style=\"color: #0000ff\">LAZK\u0130YE:<\/span><\/p>\n<p>Lazkiye Valili\u011finde bir kaynak il k\u0131rsal\u0131n\u0131n kuzeyinde Erdo\u011fan Rejiminin destekledi\u011fi tekfirci ve hain ter\u00f6r \u00e7etelerinin Lazkiye kentini iki f\u00fczeyle hedef ald\u0131klar\u0131n\u0131 belirtti.<\/p>\n<p>Kaynak f\u00fczelerin birinin M\u00fcft\u00fcl\u00fck Binas\u0131 civar\u0131nda, ikincisinin ise Bili\u015fim Cemiyeti Binas\u0131 yak\u0131nlar\u0131nda d\u00fc\u015ft\u00fc\u011f\u00fcn\u00fc aktar\u0131rken, gaddar ve hain sald\u0131r\u0131lar sonucunda 2 sivil vatanda\u015f\u0131n \u015fehit, 13 vatanda\u015f\u0131n da yaral\u0131 d\u00fc\u015ft\u00fcklerini belirtti. Ter\u00f6r sald\u0131r\u0131lar\u0131 sonucunda vatanda\u015flar\u0131n evlerinin ciddi hasar g\u00f6rd\u00fc\u011f\u00fcn\u00fc s\u00f6yleyen kaynak; park halinde bulunan birka\u00e7 arac\u0131n da sabote edildi\u011fini s\u00f6zlerine ekledi.<\/p>\n<p>F\u00fczelerin d\u00fc\u015ft\u00fckleri mekanlara saha gezisinde bulunan Lazkiye Valisi \u0130brahim H\u0131z\u0131r el Salim; Suriyelilerin her \u015feye ra\u011fmen zafere kadar m\u00fccadelelerini s\u00fcrd\u00fcrme kararl\u0131l\u0131\u011f\u0131nda olduklar\u0131n\u0131 belirtti.<\/p>\n<div id='gallery-1' class='gallery galleryid-43834 gallery-columns-3 gallery-size-thumbnail'><figure class='gallery-item'>\n\t\t\t<div class='gallery-icon landscape'>\n\t\t\t\t<a href='https:\/\/archive.sana.sy\/tr\/wp-content\/uploads\/2015\/08\/LAZK\u0130YE-havan.jpg'><img loading=\"lazy\" decoding=\"async\" width=\"150\" height=\"113\" src=\"https:\/\/archive.sana.sy\/tr\/wp-content\/uploads\/2015\/08\/LAZK\u0130YE-havan-150x113.jpg\" class=\"attachment-thumbnail size-thumbnail\" alt=\"\" srcset=\"https:\/\/archive.sana.sy\/tr\/wp-content\/uploads\/2015\/08\/LAZK\u0130YE-havan-150x113.jpg 150w, https:\/\/archive.sana.sy\/tr\/wp-content\/uploads\/2015\/08\/LAZK\u0130YE-havan-300x225.jpg 300w, https:\/\/archive.sana.sy\/tr\/wp-content\/uploads\/2015\/08\/LAZK\u0130YE-havan.jpg 1000w\" sizes=\"auto, (max-width: 150px) 100vw, 150px\" \/><\/a>\n\t\t\t<\/div><\/figure><figure class='gallery-item'>\n\t\t\t<div class='gallery-icon landscape'>\n\t\t\t\t<a href='https:\/\/archive.sana.sy\/tr\/wp-content\/uploads\/2015\/08\/LAZK\u0130YE-havan-1.jpg'><img loading=\"lazy\" decoding=\"async\" width=\"150\" height=\"113\" src=\"https:\/\/archive.sana.sy\/tr\/wp-content\/uploads\/2015\/08\/LAZK\u0130YE-havan-1-150x113.jpg\" class=\"attachment-thumbnail size-thumbnail\" alt=\"\" srcset=\"https:\/\/archive.sana.sy\/tr\/wp-content\/uploads\/2015\/08\/LAZK\u0130YE-havan-1-150x113.jpg 150w, https:\/\/archive.sana.sy\/tr\/wp-content\/uploads\/2015\/08\/LAZK\u0130YE-havan-1-300x225.jpg 300w, https:\/\/archive.sana.sy\/tr\/wp-content\/uploads\/2015\/08\/LAZK\u0130YE-havan-1.jpg 1000w\" sizes=\"auto, (max-width: 150px) 100vw, 150px\" \/><\/a>\n\t\t\t<\/div><\/figure><figure class='gallery-item'>\n\t\t\t<div class='gallery-icon landscape'>\n\t\t\t\t<a href='https:\/\/archive.sana.sy\/tr\/wp-content\/uploads\/2015\/08\/LAZK\u0130YE-havan-2.jpg'><img loading=\"lazy\" decoding=\"async\" width=\"150\" height=\"113\" src=\"https:\/\/archive.sana.sy\/tr\/wp-content\/uploads\/2015\/08\/LAZK\u0130YE-havan-2-150x113.jpg\" class=\"attachment-thumbnail size-thumbnail\" alt=\"\" srcset=\"https:\/\/archive.sana.sy\/tr\/wp-content\/uploads\/2015\/08\/LAZK\u0130YE-havan-2-150x113.jpg 150w, https:\/\/archive.sana.sy\/tr\/wp-content\/uploads\/2015\/08\/LAZK\u0130YE-havan-2-300x225.jpg 300w, https:\/\/archive.sana.sy\/tr\/wp-content\/uploads\/2015\/08\/LAZK\u0130YE-havan-2.jpg 1000w\" sizes=\"auto, (max-width: 150px) 100vw, 150px\" \/><\/a>\n\t\t\t<\/div><\/figure><figure class='gallery-item'>\n\t\t\t<div class='gallery-icon landscape'>\n\t\t\t\t<a href='https:\/\/archive.sana.sy\/tr\/wp-content\/uploads\/2015\/08\/LAZK\u0130YE-havan-3.jpg'><img loading=\"lazy\" decoding=\"async\" width=\"150\" height=\"113\" src=\"https:\/\/archive.sana.sy\/tr\/wp-content\/uploads\/2015\/08\/LAZK\u0130YE-havan-3-150x113.jpg\" class=\"attachment-thumbnail size-thumbnail\" alt=\"\" srcset=\"https:\/\/archive.sana.sy\/tr\/wp-content\/uploads\/2015\/08\/LAZK\u0130YE-havan-3-150x113.jpg 150w, https:\/\/archive.sana.sy\/tr\/wp-content\/uploads\/2015\/08\/LAZK\u0130YE-havan-3-300x225.jpg 300w, https:\/\/archive.sana.sy\/tr\/wp-content\/uploads\/2015\/08\/LAZK\u0130YE-havan-3.jpg 1000w\" sizes=\"auto, (max-width: 150px) 100vw, 150px\" \/><\/a>\n\t\t\t<\/div><\/figure><figure class='gallery-item'>\n\t\t\t<div class='gallery-icon landscape'>\n\t\t\t\t<a href='https:\/\/archive.sana.sy\/tr\/wp-content\/uploads\/2015\/08\/LAZK\u0130YE-havan-4.jpg'><img loading=\"lazy\" decoding=\"async\" width=\"150\" height=\"108\" src=\"https:\/\/archive.sana.sy\/tr\/wp-content\/uploads\/2015\/08\/LAZK\u0130YE-havan-4-150x108.jpg\" class=\"attachment-thumbnail size-thumbnail\" alt=\"\" srcset=\"https:\/\/archive.sana.sy\/tr\/wp-content\/uploads\/2015\/08\/LAZK\u0130YE-havan-4-150x108.jpg 150w, https:\/\/archive.sana.sy\/tr\/wp-content\/uploads\/2015\/08\/LAZK\u0130YE-havan-4-300x216.jpg 300w, https:\/\/archive.sana.sy\/tr\/wp-content\/uploads\/2015\/08\/LAZK\u0130YE-havan-4.jpg 1000w\" sizes=\"auto, (max-width: 150px) 100vw, 150px\" \/><\/a>\n\t\t\t<\/div><\/figure><figure class='gallery-item'>\n\t\t\t<div class='gallery-icon landscape'>\n\t\t\t\t<a href='https:\/\/archive.sana.sy\/tr\/wp-content\/uploads\/2015\/08\/LAZK\u0130YE-havan-5.jpg'><img loading=\"lazy\" decoding=\"async\" width=\"150\" height=\"113\" src=\"https:\/\/archive.sana.sy\/tr\/wp-content\/uploads\/2015\/08\/LAZK\u0130YE-havan-5-150x113.jpg\" class=\"attachment-thumbnail size-thumbnail\" alt=\"\" srcset=\"https:\/\/archive.sana.sy\/tr\/wp-content\/uploads\/2015\/08\/LAZK\u0130YE-havan-5-150x113.jpg 150w, https:\/\/archive.sana.sy\/tr\/wp-content\/uploads\/2015\/08\/LAZK\u0130YE-havan-5-300x225.jpg 300w, https:\/\/archive.sana.sy\/tr\/wp-content\/uploads\/2015\/08\/LAZK\u0130YE-havan-5.jpg 1000w\" sizes=\"auto, (max-width: 150px) 100vw, 150px\" \/><\/a>\n\t\t\t<\/div><\/figure><figure class='gallery-item'>\n\t\t\t<div class='gallery-icon landscape'>\n\t\t\t\t<a href='https:\/\/archive.sana.sy\/tr\/wp-content\/uploads\/2015\/08\/havan-4.jpg'><img loading=\"lazy\" decoding=\"async\" width=\"150\" height=\"80\" src=\"https:\/\/archive.sana.sy\/tr\/wp-content\/uploads\/2015\/08\/havan-4-150x80.jpg\" class=\"attachment-thumbnail size-thumbnail\" alt=\"\" srcset=\"https:\/\/archive.sana.sy\/tr\/wp-content\/uploads\/2015\/08\/havan-4-150x80.jpg 150w, https:\/\/archive.sana.sy\/tr\/wp-content\/uploads\/2015\/08\/havan-4-300x160.jpg 300w, https:\/\/archive.sana.sy\/tr\/wp-content\/uploads\/2015\/08\/havan-4.jpg 620w\" sizes=\"auto, (max-width: 150px) 100vw, 150px\" \/><\/a>\n\t\t\t<\/div><\/figure><figure class='gallery-item'>\n\t\t\t<div class='gallery-icon landscape'>\n\t\t\t\t<a href='https:\/\/archive.sana.sy\/tr\/wp-content\/uploads\/2015\/08\/havan-3.jpg'><img loading=\"lazy\" decoding=\"async\" width=\"150\" height=\"113\" src=\"https:\/\/archive.sana.sy\/tr\/wp-content\/uploads\/2015\/08\/havan-3-150x113.jpg\" class=\"attachment-thumbnail size-thumbnail\" alt=\"\" srcset=\"https:\/\/archive.sana.sy\/tr\/wp-content\/uploads\/2015\/08\/havan-3-150x113.jpg 150w, https:\/\/archive.sana.sy\/tr\/wp-content\/uploads\/2015\/08\/havan-3-300x225.jpg 300w, https:\/\/archive.sana.sy\/tr\/wp-content\/uploads\/2015\/08\/havan-3.jpg 500w\" sizes=\"auto, (max-width: 150px) 100vw, 150px\" \/><\/a>\n\t\t\t<\/div><\/figure><figure class='gallery-item'>\n\t\t\t<div class='gallery-icon landscape'>\n\t\t\t\t<a href='https:\/\/archive.sana.sy\/tr\/wp-content\/uploads\/2015\/08\/havan-21.jpg'><img loading=\"lazy\" decoding=\"async\" width=\"150\" height=\"80\" src=\"https:\/\/archive.sana.sy\/tr\/wp-content\/uploads\/2015\/08\/havan-21-150x80.jpg\" class=\"attachment-thumbnail size-thumbnail\" alt=\"\" srcset=\"https:\/\/archive.sana.sy\/tr\/wp-content\/uploads\/2015\/08\/havan-21-150x80.jpg 150w, https:\/\/archive.sana.sy\/tr\/wp-content\/uploads\/2015\/08\/havan-21-300x160.jpg 300w, https:\/\/archive.sana.sy\/tr\/wp-content\/uploads\/2015\/08\/havan-21.jpg 620w\" sizes=\"auto, (max-width: 150px) 100vw, 150px\" \/><\/a>\n\t\t\t<\/div><\/figure>\n\t\t<\/div>\n\n<p><span style=\"color: #0000ff\">DERA:<\/span><\/p>\n<p>Dera\u2019da ise Suudi ve \u00dcrd\u00fcn rejimlerinin destekledikleri ter\u00f6r \u00e7eteleri kentin sivil yerle\u015fim alanlar\u0131n\u0131 f\u00fcze ve toplarla hedef almalar\u0131 sonucunda bir vatanda\u015f \u015fehit, bir\u00e7ok vatanda\u015f da yaral\u0131 d\u00fc\u015ft\u00fc.<\/p>\n<p>Ayn\u0131 rejimler taraf\u0131ndan desteklenen s\u00f6z konusu ter\u00f6r \u00e7eteleri iki g\u00fcn \u00f6nce Dera Kentine yine benzer gaddar sald\u0131r\u0131larda bulunmu\u015f, geneli \u00e7ocuk ve kad\u0131nlardan olu\u015fan 6 vatanda\u015f\u0131n \u015fehit, 54 vatanda\u015f\u0131n da yaral\u0131 d\u00fc\u015fmelerine yol a\u00e7m\u0131\u015flard\u0131.<\/p>\n<p><span style=\"color: #0000ff\">\u015eAM KIRSALI:<\/span><\/p>\n<p>Tekfirci ve vatan haini ter\u00f6r \u00e7etelerinin \u015eam k\u0131rsal\u0131 Ceramana Beldesinin yerle\u015fim alanlar\u0131n\u0131 havan toplar\u0131yla hedef almalar\u0131 sonucunda ise 3 vatanda\u015f yaraland\u0131.<\/p>\n<p>Emniyet M\u00fcd\u00fcrl\u00fc\u011f\u00fcnde bir kaynak Do\u011fu \u011euta\u2019n\u0131n Ayn Terme Beldesinde siper alan ve Suudi vahhabi rejimi taraf\u0131ndan desteklenen \u2018\u0130slam Ordusu2 ad\u0131yla bilinen ter\u00f6ristlerin Ceramana\u2019y\u0131 11 havan roketiyle hedef ald\u0131klar\u0131n\u0131 belirtti. Kaynak sald\u0131r\u0131larda vatanda\u015flara ait 7 arac\u0131n yan\u0131 s\u0131ra bir\u00e7ok i\u015fyerinin hasar g\u00f6rd\u00fc\u011f\u00fcn\u00fc s\u00f6zlerine ekledi.<\/p>\n<p>&nbsp;<\/p>\n<p>A.A. &#8211; M.M.<\/p>\n","protected":false},"excerpt":{"rendered":"<p>\u0130LLER \u2013 T\u00fcrkiye&#8217;de ihvanc\u0131 Erdo\u011fan rejimi ve Suudi Arabistan\u2019da vahhabi krall\u0131k rejimlerinin destek ve y\u00f6nlendirmeleriyle faaliyet g\u00f6steren ter\u00f6r \u00e7eteleri bug\u00fcn muhtelif b\u00f6lgelerde sivil yerle\u015fim alanlar\u0131n\u0131 hedef alarak \u00e7ocuk ve kad\u0131nlar\u0131n aralar\u0131nda bulundu\u011fu onlarca ki\u015finin \u015fehit ve yaral\u0131 d\u00fc\u015fmelerine yol a\u00e7t\u0131. LAZK\u0130YE: Lazkiye Valili\u011finde bir kaynak il k\u0131rsal\u0131n\u0131n kuzeyinde Erdo\u011fan Rejiminin destekledi\u011fi tekfirci ve hain ter\u00f6r &hellip;<\/p>\n","protected":false},"author":1,"featured_media":43835,"comment_status":"closed","ping_status":"closed","sticky":false,"template":"","format":"standard","meta":{"footnotes":""},"categories":[596,479,575,478],"tags":[16256],"class_list":["post-43834","post","type-post","status-publish","format-standard","has-post-thumbnail","","category-fotografli-raporlar","category-haberler-yerel","category-olaylar-ve-gercekler","category-yerel","tag-erdogan-ve-al-suud-ceteleri-yine-katliam-islediler"],"_links":{"self":[{"href":"https:\/\/archive.sana.sy\/tr\/index.php?rest_route=\/wp\/v2\/posts\/43834","targetHints":{"allow":["GET"]}}],"collection":[{"href":"https:\/\/archive.sana.sy\/tr\/index.php?rest_route=\/wp\/v2\/posts"}],"about":[{"href":"https:\/\/archive.sana.sy\/tr\/index.php?rest_route=\/wp\/v2\/types\/post"}],"author":[{"embeddable":true,"href":"https:\/\/archive.sana.sy\/tr\/index.php?rest_route=\/wp\/v2\/users\/1"}],"replies":[{"embeddable":true,"href":"https:\/\/archive.sana.sy\/tr\/index.php?rest_route=%2Fwp%2Fv2%2Fcomments&post=43834"}],"version-history":[{"count":0,"href":"https:\/\/archive.sana.sy\/tr\/index.php?rest_route=\/wp\/v2\/posts\/43834\/revisions"}],"wp:featuredmedia":[{"embeddable":true,"href":"https:\/\/archive.sana.sy\/tr\/index.php?rest_route=\/wp\/v2\/media\/43835"}],"wp:attachment":[{"href":"https:\/\/archive.sana.sy\/tr\/index.php?rest_route=%2Fwp%2Fv2%2Fmedia&parent=43834"}],"wp:term":[{"taxonomy":"category","embeddable":true,"href":"https:\/\/archive.sana.sy\/tr\/index.php?rest_route=%2Fwp%2Fv2%2Fcategories&post=43834"},{"taxonomy":"post_tag","embeddable":true,"href":"https:\/\/archive.sana.sy\/tr\/index.php?rest_route=%2Fwp%2Fv2%2Ftags&post=43834"}],"curies":[{"name":"wp","href":"https:\/\/api.w.org\/{rel}","templated":true}]}}